{"id":205527,"date":"2025-06-26T10:06:28","date_gmt":"2025-06-26T10:06:28","guid":{"rendered":"https:\/\/www.europesays.com\/fr\/205527\/"},"modified":"2025-06-26T10:06:28","modified_gmt":"2025-06-26T10:06:28","slug":"jerome-le-catalan-koh-lanta-2025-se-confie-sur-son-retour-en-france","status":"publish","type":"post","link":"https:\/\/www.europesays.com\/fr\/205527\/","title":{"rendered":"J\u00e9r\u00f4me le Catalan (Koh-Lanta 2025) se confie sur son retour en France"},"content":{"rendered":"<p>Malheureux finaliste de Koh-Lanta, La revanche des 4 terres, J\u00e9r\u00f4me le Catalan a \u00e9t\u00e9 \u00e9limin\u00e9 aux portes de l&rsquo;ultime \u00e9tape ce mardi 24 juin, Ga\u00eblle ayant choisi Ma\u00ebl pour l&rsquo;accompagner. Apr\u00e8s 40 jours d&rsquo;aventure, le retour en France n&rsquo;a pas \u00e9t\u00e9 des plus simples pour le candidat.<\/p>\n<p>L&rsquo;atterrissage n&rsquo;a pas \u00e9t\u00e9 des plus simples. Apr\u00e8s avoir pass\u00e9 quarante jours aux Philippines en \u00e9tant priv\u00e9 de tout confort, <a href=\"https:\/\/www.programme-tv.net\/news\/tv\/381924-jerome-le-catalan-koh-lanta-2025-reagit-au-choix-de-gaelle-elle-devait-se-douter-qu-elle-aurait-perdu-contre-moi\/\" data-api-deeplink=\"teleloisirs:\/\/news\/381924\" target=\"_blank\" rel=\"noopener\">J\u00e9r\u00f4me le Catalan<\/a> est rentr\u00e9 en France sans avoir l&rsquo;espoir de remporter la saison de <a href=\"https:\/\/www.programme-tv.net\/news\/tv\/370938-koh-lanta-2025-date-de-diffusion-candidats-nouveautes-toutes-les-infos-sur-la-revanche-des-4-terres-la-nouvelle-saison-du-jeu-de-tf1\/\" data-api-deeplink=\"teleloisirs:\/\/news\/370938\" target=\"_blank\" rel=\"noopener\">Koh-Lanta, La revanche des 4 terres<\/a>. Quelques jours plus t\u00f4t, Ga\u00eblle, <a href=\"https:\/\/www.programme-tv.net\/news\/tv\/381726-koh-lanta-la-revanche-des-4-terres-qui-a-gagne-lepreuve-des-poteaux\/\" data-api-deeplink=\"teleloisirs:\/\/news\/381726\" target=\"_blank\" rel=\"noopener\">gagnante des poteaux<\/a>, a choisi <a href=\"https:\/\/www.programme-tv.net\/news\/tv\/381905-les-femmes-avantagees-sur-l-epreuve-des-poteaux-de-koh-lanta-mael-repond-aux-critiques\/\" data-api-deeplink=\"teleloisirs:\/\/news\/381905\" target=\"_blank\" rel=\"noopener\">Ma\u00ebl<\/a> pour l&rsquo;accompagner devant le jury final. <b>Et elle a bien fait <\/b><a href=\"https:\/\/www.programme-tv.net\/news\/tv\/381741-koh-lanta-la-revanche-des-4-terres-qui-a-gagne-la-saison-2025\/\" data-api-deeplink=\"teleloisirs:\/\/news\/381741\" target=\"_blank\" rel=\"noopener\"><b>puisqu&rsquo;elle a fini par remporter le jeu ce mardi 24\u00a0juin sur TF1<\/b><\/a>. Interrog\u00e9 par T\u00e9l\u00e9-Loisirs, J\u00e9r\u00f4me s&rsquo;est confi\u00e9 sur son retour \u00e0 la maison qui s&rsquo;est bien pass\u00e9 \u00ab\u00a0mais j&rsquo;y suis peut-\u00eatre all\u00e9 trop vite. Je suis arriv\u00e9 un mardi soir apr\u00e8s un mois et demi d&rsquo;absence. Dans mon entreprise, mon ouvrier dirigeait sans trop savoir comment \u00e7a se passait donc le mercredi matin, j&rsquo;\u00e9tais de retour sur le chantier donc j&rsquo;\u00e9tais dans le bain de suite\u00a0\u00bb, nous t\u00e9moigne-t-il.<\/p>\n<p>\u00ab\u00a0Il y a quatre jours j&rsquo;\u00e9tais sur les poteaux\u2026\u00a0\u00bb\u00a0: J\u00e9r\u00f4me le Catalan (Koh-Lanta 2025) se souvient de son retour en France<\/p>\n<p>Mais ce n&rsquo;est pas tout\u00a0! Apr\u00e8s son retour au travail, J\u00e9r\u00f4me a accompli une autre t\u00e2che. \u00ab\u00a0Je suis aussi \u00e9ducateur de foot dans mon village et l&rsquo;apr\u00e8s-midi, mon fils s&rsquo;entra\u00eenait donc je suis all\u00e9 le voir. Finalement, j&rsquo;ai fini par faire l&rsquo;entra\u00eenement de dix gamins\u00a0! <b>J&rsquo;avoue que j&rsquo;avais des moments de solitude<\/b>\u00a0: il y a quatre jours j&rsquo;\u00e9tais sur les poteaux et l\u00e0, je dois travailler, m&rsquo;occuper des enfants\u2026 Je ne savais pas trop ce qu&rsquo;il m&rsquo;arrivait\u00a0! J&rsquo;aurais peut-\u00eatre d\u00fb souffler un peu\u00a0\u00bb, analyse-t-il aujourd&rsquo;hui.<\/p>\n<p>                        \u00ab\u00a0La diffusion est nerveusement \u00e9nergivore\u00a0\u00bb\u00a0: J\u00e9r\u00f4me le Catalan (Koh-Lanta, La revanche des 4 terres) s&rsquo;explique sur sa fatigue apr\u00e8s le tournage<\/p>\n<p>Lorsqu&rsquo;on lui demande s&rsquo;il a eu du mal \u00e0 se remettre de son exp\u00e9rience, J\u00e9r\u00f4me r\u00e9pond par la positive. \u00ab\u00a0J&rsquo;ai eu du mal \u00e0 me remettre physiquement. Aujourd&rsquo;hui, \u00e7a va mais j&rsquo;ai mis plus de six mois pour m&rsquo;en remettre, surtout pour faire du sport. J&rsquo;ai les jambes lourdes, je suis un peu fatigu\u00e9. <b>Il faut dire que la diffusion de <\/b><b>Koh-Lanta <\/b><b>est nerveusement \u00e9nergivore<\/b>. Je pense que la fatigue s&rsquo;explique par \u00e7a. Je ne crache pas dans la soupe, c&rsquo;\u00e9tait une super aventure, du casting jusqu&rsquo;au dernier jour. Je garde un super souvenir de la diffusion aussi mais toutes les belles choses ont une fin. On passe \u00e0 autre chose et la vie continue\u00a0\u00bb, conclut celui qui dit que Koh-Lanta n&rsquo;a rien chamboul\u00e9 dans sa vie mais qu&rsquo;il gardera cette exp\u00e9rience comme une parenth\u00e8se qu&rsquo;il n&rsquo;oubliera jamais.<\/p>\n","protected":false},"excerpt":{"rendered":"Malheureux finaliste de Koh-Lanta, La revanche des 4 terres, J\u00e9r\u00f4me le Catalan a \u00e9t\u00e9 \u00e9limin\u00e9 aux portes de&hellip;\n","protected":false},"author":2,"featured_media":205528,"comment_status":"","ping_status":"","sticky":false,"template":"","format":"standard","meta":{"footnotes":""},"categories":[1356],"tags":[244,58,59,1011,27,2173,28352,680,2277,252,199,1364],"class_list":{"0":"post-205527","1":"post","2":"type-post","3":"status-publish","4":"format-standard","5":"has-post-thumbnail","7":"category-television","8":"tag-commentaire","9":"tag-divertissement","10":"tag-entertainment","11":"tag-fr","12":"tag-france","13":"tag-interview","14":"tag-ju00e9ru00f4me-m-koh-lanta","15":"tag-koh-lanta","16":"tag-la-revanche-des-4-terres","17":"tag-television","18":"tag-tf1","19":"tag-tv"},"share_on_mastodon":{"url":"https:\/\/pubeurope.com\/@fr\/114749111316564796","error":""},"_links":{"self":[{"href":"https:\/\/www.europesays.com\/fr\/wp-json\/wp\/v2\/posts\/205527","targetHints":{"allow":["GET"]}}],"collection":[{"href":"https:\/\/www.europesays.com\/fr\/wp-json\/wp\/v2\/posts"}],"about":[{"href":"https:\/\/www.europesays.com\/fr\/wp-json\/wp\/v2\/types\/post"}],"author":[{"embeddable":true,"href":"https:\/\/www.europesays.com\/fr\/wp-json\/wp\/v2\/users\/2"}],"replies":[{"embeddable":true,"href":"https:\/\/www.europesays.com\/fr\/wp-json\/wp\/v2\/comments?post=205527"}],"version-history":[{"count":0,"href":"https:\/\/www.europesays.com\/fr\/wp-json\/wp\/v2\/posts\/205527\/revisions"}],"wp:featuredmedia":[{"embeddable":true,"href":"https:\/\/www.europesays.com\/fr\/wp-json\/wp\/v2\/media\/205528"}],"wp:attachment":[{"href":"https:\/\/www.europesays.com\/fr\/wp-json\/wp\/v2\/media?parent=205527"}],"wp:term":[{"taxonomy":"category","embeddable":true,"href":"https:\/\/www.europesays.com\/fr\/wp-json\/wp\/v2\/categories?post=205527"},{"taxonomy":"post_tag","embeddable":true,"href":"https:\/\/www.europesays.com\/fr\/wp-json\/wp\/v2\/tags?post=205527"}],"curies":[{"name":"wp","href":"https:\/\/api.w.org\/{rel}","templated":true}]}}