{"id":205531,"date":"2025-06-26T10:08:11","date_gmt":"2025-06-26T10:08:11","guid":{"rendered":"https:\/\/www.europesays.com\/fr\/205531\/"},"modified":"2025-06-26T10:08:11","modified_gmt":"2025-06-26T10:08:11","slug":"cest-denis-villeneuve-dune-qui-realisera-le-prochain-volet-de-la-saga-007","status":"publish","type":"post","link":"https:\/\/www.europesays.com\/fr\/205531\/","title":{"rendered":"C\u2019est Denis Villeneuve (\u00ab\u00a0Dune\u00a0\u00bb) qui r\u00e9alisera le prochain volet de la saga \u00ab\u00a0007\u00a0\u00bb"},"content":{"rendered":"<p>Apr\u00e8s le <a href=\"https:\/\/www.20minutes.fr\/arts-stars\/cinema\/3207735-20211230-spider-man-james-bond-dune-stars-box-office-francais-2021\" class=\"color-ultramarine c-link\" target=\"_blank\" rel=\"noopener\">carton de la saga Dune<\/a> au box-office, le r\u00e9alisateur <a href=\"https:\/\/www.20minutes.fr\/arts-stars\/cinema\/denis-villeneuve\/\" class=\"color-ultramarine c-link\" target=\"_blank\" rel=\"noopener\">Denis Villeneuve<\/a> sera aux commandes des prochaines aventures de <a href=\"https:\/\/www.20minutes.fr\/dossier\/james_bond\" class=\"color-ultramarine c-link\" target=\"_blank\" rel=\"noopener\">James Bond<\/a>, ont annonc\u00e9 mercredi 25\u00a0juin 2025 les studios Amazon MGM.<\/p>\n<p>Le g\u00e9ant du commerce en ligne choisit ainsi un cin\u00e9aste tr\u00e8s en vogue \u00e0 <a href=\"https:\/\/www.20minutes.fr\/dossier\/hollywood\" class=\"color-ultramarine c-link\" target=\"_blank\" rel=\"noopener\">Hollywood<\/a>, pour sa premi\u00e8re incursion, tr\u00e8s attendue, dans l\u2019univers de l\u2019espion britannique <a href=\"https:\/\/www.20minutes.fr\/culture\/1723591-20151106-007-spectre-james-bond-cocktail-espions-reels\" class=\"color-ultramarine c-link\" target=\"_blank\" rel=\"noopener\">imagin\u00e9 par l\u2019\u00e9crivain Ian Fleming<\/a>.<\/p>\n<\/p>\n<p>Un \u00ab\u00a0Bondophile\u00a0\u00bb aux manettes<\/p>\n<p>\u00ab\u00a0Je suis un fan inconditionnel de Bond. Pour moi, c\u2019est un personnage sacr\u00e9\u00a0\u00bb, a r\u00e9agi M. Villeneuve dans un communiqu\u00e9, en pr\u00e9cisant avoir \u00ab\u00a0grandi en regardant les films de James Bond avec [s] on p\u00e8re\u00a0\u00bb.<\/p>\n<p>\u00ab\u00a0J\u2019ai l\u2019intention d\u2019honorer la tradition et d\u2019ouvrir la voie \u00e0 de nombreuses nouvelles missions \u00e0 venir\u00a0\u00bb, a ajout\u00e9 le r\u00e9alisateur canadien de <a href=\"https:\/\/www.20minutes.fr\/cinema\/2223711-20180221-trois-raisons-lesquelles-blade-runner-2049-deviendra-culte-malgre-echec-box-office\" class=\"color-ultramarine c-link\" target=\"_blank\" rel=\"noopener\">Blade Runner 2049<\/a> et <a href=\"https:\/\/www.20minutes.fr\/cinema\/1972139-20161207-premier-contact-procede-extraterrestres-comme-strip-tease-raconte-denis-villeneuve\" class=\"color-ultramarine c-link\" target=\"_blank\" rel=\"noopener\">Premier Contact<\/a>. \u00ab\u00a0C\u2019est une responsabilit\u00e9 \u00e9norme, mais aussi quelque chose d\u2019incroyablement excitant pour moi et un immense honneur.\u00a0\u00bb<\/p>\n<p>On ignore encore qui incarnera l\u2019espion de sa Majest\u00e9 sous l\u2019\u00e8re Amazon. <a href=\"https:\/\/www.20minutes.fr\/dossier\/daniel_craig\" class=\"color-ultramarine c-link\" target=\"_blank\" rel=\"noopener\">Daniel Craig<\/a> a en effet <a href=\"https:\/\/www.20minutes.fr\/arts-stars\/cinema\/3137111-20211006-mourir-peut-attendre-pourquoi-dernier-james-bond-daniel-craig-va-diviser-fans\" class=\"color-ultramarine c-link\" target=\"_blank\" rel=\"noopener\">raccroch\u00e9 le costume de James Bond<\/a> en\u00a02021, apr\u00e8s la sortie de Mourir peut attendre. Depuis cet opus, le destin des aventures de 007 a connu de nombreux rebondissements.<\/p>\n<p>Amazon a d\u00fb batailler<\/p>\n<p><a href=\"https:\/\/www.20minutes.fr\/high-tech\/amazon\/\" class=\"color-ultramarine c-link\" target=\"_blank\" rel=\"noopener\">Amazon <\/a>a d\u00e9bours\u00e9 pr\u00e8s de 8,45\u00a0milliards de dollars pour racheter le mythique studio hollywoodien MGM en\u00a02022, <a href=\"https:\/\/www.20minutes.fr\/arts-stars\/cinema\/3048683-20210526-amazon-rachete-studio-mgm-donc-saga-james-bond-85-milliards-dollars-quand\" class=\"color-ultramarine c-link\" target=\"_blank\" rel=\"noopener\">ce qui incluait le catalogue des anciens films de James Bond<\/a>. Mais le g\u00e9ant de la distribution s\u2019est heurt\u00e9 pendant trois ans \u00e0 la r\u00e9sistance de Barbara Broccoli et Michael Wilson, les producteurs historiques de la saga, qui conservaient jalousement le contr\u00f4le cr\u00e9atif du personnage depuis des d\u00e9cennies.<\/p>\n<p>Amazon a finalement <a href=\"https:\/\/www.20minutes.fr\/arts-stars\/cinema\/4139854-20250220-james-bond-desormais-service-amazon\" class=\"color-ultramarine c-link\" target=\"_blank\" rel=\"noopener\">pass\u00e9 un accord financier avec eux en f\u00e9vrier\u00a02025<\/a> pour prendre le contr\u00f4le cr\u00e9atif de la franchise. D\u2019un montant non divulgu\u00e9, il permet \u00e0 l\u2019entreprise de <a href=\"https:\/\/www.20minutes.fr\/dossier\/jeff_bezos\" class=\"color-ultramarine c-link\" target=\"_blank\" rel=\"noopener\">Jeff Bezos<\/a> de piloter les prochaines aventures de Bond.<\/p>\n<p>Les puristes rassur\u00e9s\u00a0?<\/p>\n<p>Certains <a href=\"https:\/\/www.20minutes.fr\/dossier\/fans\" class=\"color-ultramarine c-link\" target=\"_blank\" rel=\"noopener\">fans <\/a>craignent que le personnage soit surexploit\u00e9 par Amazon, qui pourrait multiplier les films, voire sortir directement des s\u00e9ries et spin-offs sur <a href=\"https:\/\/www.20minutes.fr\/dossier\/prime\" class=\"color-ultramarine c-link\" target=\"_blank\" rel=\"noopener\">Prime<\/a>, sa plateforme de <a href=\"https:\/\/www.20minutes.fr\/dossier\/streaming\" class=\"color-ultramarine c-link\" target=\"_blank\" rel=\"noopener\">streaming<\/a>. Dans ce contexte, le choix de Denis Villeneuve r\u00e9sonne comme un gage donn\u00e9 aux puristes.<\/p>\n<p>\u00ab\u00a0Nous sommes honor\u00e9s que Denis ait accept\u00e9 de r\u00e9aliser le prochain chapitre de James Bond. C\u2019est un ma\u00eetre du <a href=\"https:\/\/www.20minutes.fr\/arts-stars\/cinema\/\" class=\"color-ultramarine c-link\" target=\"_blank\" rel=\"noopener\">cin\u00e9ma<\/a>, dont la filmographie parle d\u2019elle-m\u00eame\u00a0\u00bb, a salu\u00e9 le directeur des studios Amazon MGM et d\u2019<a href=\"https:\/\/www.20minutes.fr\/arts-stars\/culture\/amazon-prime-video\/\" class=\"color-ultramarine c-link\" target=\"_blank\" rel=\"noopener\">Amazon Prime<\/a>, Mike Hopkins.<\/p>\n<p><a href=\"https:\/\/www.20minutes.fr\/dossier\/james_bond\" class=\"c-link c-btn c-btn--primary\" target=\"_blank\" rel=\"noopener\">Notre dossier \u00ab James Bond 007 \u00bb<\/a><\/p>\n<p>R\u00e9alis\u00e9s par M. Villeneuve, les deux volets de la saga de science-fiction Dune ont \u00e9t\u00e9 nomin\u00e9s pour l\u2019<a href=\"https:\/\/www.20minutes.fr\/arts-stars\/cinema\/oscars\/\" class=\"color-ultramarine c-link\" target=\"_blank\" rel=\"noopener\">Oscar <\/a>du meilleur film. Sorti l\u2019an dernier, le deuxi\u00e8me film sur cet univers a r\u00e9colt\u00e9 700\u00a0millions de dollars de recettes au <a href=\"https:\/\/www.20minutes.fr\/cinema\/box-office\/\" class=\"color-ultramarine c-link\" target=\"_blank\" rel=\"noopener\">box-office<\/a> mondial et a remport\u00e9 deux Oscars (meilleur son et meilleurs effets sp\u00e9ciaux).<\/p>\n","protected":false},"excerpt":{"rendered":"Apr\u00e8s le carton de la saga Dune au box-office, le r\u00e9alisateur Denis Villeneuve sera aux commandes des prochaines&hellip;\n","protected":false},"author":2,"featured_media":205532,"comment_status":"","ping_status":"","sticky":false,"template":"","format":"standard","meta":{"footnotes":""},"categories":[1354],"tags":[4239,2080,650,6064,33217,58,59,4777,3255,2081,1346,1011,27,2137,1677,697,1360,15685,9483,10600,133],"class_list":{"0":"post-205531","1":"post","2":"type-post","3":"status-publish","4":"format-standard","5":"has-post-thumbnail","7":"category-films","8":"tag-amazon","9":"tag-box-office","10":"tag-cinema","11":"tag-daniel-craig","12":"tag-denis-villeneuve","13":"tag-divertissement","14":"tag-entertainment","15":"tag-espionnage","16":"tag-fans","17":"tag-film","18":"tag-films","19":"tag-fr","20":"tag-france","21":"tag-hollywood","22":"tag-james-bond","23":"tag-jeff-bezos","24":"tag-movies","25":"tag-oscars","26":"tag-prime","27":"tag-saga","28":"tag-video"},"share_on_mastodon":{"url":"https:\/\/pubeurope.com\/@fr\/114749119033722841","error":""},"_links":{"self":[{"href":"https:\/\/www.europesays.com\/fr\/wp-json\/wp\/v2\/posts\/205531","targetHints":{"allow":["GET"]}}],"collection":[{"href":"https:\/\/www.europesays.com\/fr\/wp-json\/wp\/v2\/posts"}],"about":[{"href":"https:\/\/www.europesays.com\/fr\/wp-json\/wp\/v2\/types\/post"}],"author":[{"embeddable":true,"href":"https:\/\/www.europesays.com\/fr\/wp-json\/wp\/v2\/users\/2"}],"replies":[{"embeddable":true,"href":"https:\/\/www.europesays.com\/fr\/wp-json\/wp\/v2\/comments?post=205531"}],"version-history":[{"count":0,"href":"https:\/\/www.europesays.com\/fr\/wp-json\/wp\/v2\/posts\/205531\/revisions"}],"wp:featuredmedia":[{"embeddable":true,"href":"https:\/\/www.europesays.com\/fr\/wp-json\/wp\/v2\/media\/205532"}],"wp:attachment":[{"href":"https:\/\/www.europesays.com\/fr\/wp-json\/wp\/v2\/media?parent=205531"}],"wp:term":[{"taxonomy":"category","embeddable":true,"href":"https:\/\/www.europesays.com\/fr\/wp-json\/wp\/v2\/categories?post=205531"},{"taxonomy":"post_tag","embeddable":true,"href":"https:\/\/www.europesays.com\/fr\/wp-json\/wp\/v2\/tags?post=205531"}],"curies":[{"name":"wp","href":"https:\/\/api.w.org\/{rel}","templated":true}]}}