{"id":205533,"date":"2025-06-26T10:09:10","date_gmt":"2025-06-26T10:09:10","guid":{"rendered":"https:\/\/www.europesays.com\/fr\/205533\/"},"modified":"2025-06-26T10:09:10","modified_gmt":"2025-06-26T10:09:10","slug":"une-mere-de-28-ans-pensait-avoir-des-brulures-destomac-elle-apprend-quil-ne-lui-reste-quun-an-a-vivre","status":"publish","type":"post","link":"https:\/\/www.europesays.com\/fr\/205533\/","title":{"rendered":"Une m\u00e8re de 28 ans pensait avoir des br\u00fblures d&rsquo;estomac, elle apprend qu&rsquo;il ne lui reste qu&rsquo;un an \u00e0 vivre"},"content":{"rendered":"<p>\u00c0 28 ans, elle se pensait \u00ab\u00a0invincible\u00a0\u00bb, confie-t-elle au<a data-i13n=\"cpos:1;pos:1\" href=\"https:\/\/www.mirror.co.uk\/news\/health\/i-12-months-live-after-35449963?fbclid=IwY2xjawLI7sVleHRuA2FlbQIxMQABHt6yNiYr1xW98BdMhcBZ_F1CkdPurEJr8h-q_hQP3CkUK_uLHNZx5Dz_A3r6_aem_yOkI_BdyR9VKB6wfQHyQSQ\" rel=\"nofollow noopener\" target=\"_blank\" data-ylk=\"slk:Mirror;cpos:1;pos:1;elm:context_link;itc:0;sec:content-canvas\" class=\"link \"> Mirror<\/a>. Originaire de Leeds, en Angleterre, Georgia Gardiner, maman d&rsquo;un petit gar\u00e7on de deux ans, a re\u00e7u un diagnostic bouleversant apr\u00e8s avoir souffert de fortes br\u00fblures d\u2019estomac durant l\u2019\u00e9t\u00e9 2024.<\/p>\n<blockquote class=\"caas-blockquote\">\n<p>\u00ab\u00a0Mon corps rejetait tout. J&rsquo;ai alors ressenti des douleurs dans le haut du ventre. C&rsquo;\u00e9tait vraiment intense, une douleur aigu\u00eb et constante.\u00a0\u00bb<\/p>\n<\/blockquote>\n<p>Apr\u00e8s un mois d\u2019attente pour un rendez-vous, son m\u00e9decin g\u00e9n\u00e9raliste n\u2019est gu\u00e8re inquiet de ses naus\u00e9es et crampes \u00e0 l\u2019estomac.\u00a0Il lui prescrit un traitement contre les reflux acides mais la jeune femme pense que le diagnostic est erron\u00e9. Ses sympt\u00f4mes s&rsquo;aggravent et elle perd 20 kilos en quelques mois.<\/p>\n<p>Elle persiste alors aupr\u00e8s de son m\u00e9decin, qui continue de lui prescrire ses comprim\u00e9s. Georgia est finalement orient\u00e9e vers un service de \u00ab\u00a0prise en charge des sympt\u00f4mes non sp\u00e9cifiques\u00a0\u00bb, o\u00f9 elle r\u00e9alise une endoscopie.<\/p>\n<p><strong>Un forme de cancer gastrique rare qui touche les personnes \u00e2g\u00e9es<\/strong><\/p>\n<p>Le 13 juin 2025, les premiers r\u00e9sultats r\u00e9v\u00e8lent la pr\u00e9sence d\u2019une linite plastique, un type de cancer gastrique, rare, agressif et incurable. Stup\u00e9faite, Georgia apprend qu\u2019il ne lui reste peut-\u00eatre \u00ab\u00a0que 12 mois \u00e0 vivre, avec un traitement visant \u00e0 am\u00e9liorer sa qualit\u00e9 de vie\u00a0\u00bb. Le cancer s&rsquo;est propag\u00e9 \u00e0 ses ganglions lymphatiques et \u00e0 d&rsquo;autres parties de ses organes internes.<\/p>\n<blockquote class=\"caas-blockquote\">\n<p>\u00ab\u00a0Apr\u00e8s le premier rendez-vous, nous \u00e9tions pleins d&rsquo;espoir qu&rsquo;ils puissent l&rsquo;\u00e9liminer, raconte Georgia \u00e0 The Mirror. Puis, lorsqu&rsquo;ils ont annonc\u00e9 que c&rsquo;\u00e9tait incurable, j&rsquo;ai \u00e9t\u00e9 compl\u00e8tement sous le choc\u00a0\u00bb<\/p>\n<\/blockquote>\n<p>\u00ab\u00a0Je n&rsquo;ai pas parl\u00e9 ni quitt\u00e9 la maison pendant trois jours. Mon monde s\u2019est effondr\u00e9. Les m\u00e9decins ne comprennent pas d&rsquo;o\u00f9 \u00e7a vient. Aucun membre de ma famille proche n&rsquo;a de cancer, et ce type de cancer touche g\u00e9n\u00e9ralement les personnes de 70 \u00e0 80 ans\u00a0\u00bb, poursuit-elle. La jeune Anglaise Georgia reproche au personnel m\u00e9dical de n\u2019avoir pas pris ses sympt\u00f4mes au s\u00e9rieux et encourage d\u00e9sormais \u00e0 toujours insister aupr\u00e8s des m\u00e9decins en cas de doute.<\/p>\n","protected":false},"excerpt":{"rendered":"\u00c0 28 ans, elle se pensait \u00ab\u00a0invincible\u00a0\u00bb, confie-t-elle au Mirror. Originaire de Leeds, en Angleterre, Georgia Gardiner, maman&hellip;\n","protected":false},"author":2,"featured_media":205534,"comment_status":"","ping_status":"","sticky":false,"template":"","format":"standard","meta":{"footnotes":""},"categories":[10],"tags":[34436,1011,27,72,30190,284,71],"class_list":{"0":"post-205533","1":"post","2":"type-post","3":"status-publish","4":"format-standard","5":"has-post-thumbnail","7":"category-sante","8":"tag-cancers-de-lestomac","9":"tag-fr","10":"tag-france","11":"tag-health","12":"tag-medecin-generaliste","13":"tag-qualite-de-vie","14":"tag-sante"},"share_on_mastodon":{"url":"","error":""},"_links":{"self":[{"href":"https:\/\/www.europesays.com\/fr\/wp-json\/wp\/v2\/posts\/205533","targetHints":{"allow":["GET"]}}],"collection":[{"href":"https:\/\/www.europesays.com\/fr\/wp-json\/wp\/v2\/posts"}],"about":[{"href":"https:\/\/www.europesays.com\/fr\/wp-json\/wp\/v2\/types\/post"}],"author":[{"embeddable":true,"href":"https:\/\/www.europesays.com\/fr\/wp-json\/wp\/v2\/users\/2"}],"replies":[{"embeddable":true,"href":"https:\/\/www.europesays.com\/fr\/wp-json\/wp\/v2\/comments?post=205533"}],"version-history":[{"count":0,"href":"https:\/\/www.europesays.com\/fr\/wp-json\/wp\/v2\/posts\/205533\/revisions"}],"wp:featuredmedia":[{"embeddable":true,"href":"https:\/\/www.europesays.com\/fr\/wp-json\/wp\/v2\/media\/205534"}],"wp:attachment":[{"href":"https:\/\/www.europesays.com\/fr\/wp-json\/wp\/v2\/media?parent=205533"}],"wp:term":[{"taxonomy":"category","embeddable":true,"href":"https:\/\/www.europesays.com\/fr\/wp-json\/wp\/v2\/categories?post=205533"},{"taxonomy":"post_tag","embeddable":true,"href":"https:\/\/www.europesays.com\/fr\/wp-json\/wp\/v2\/tags?post=205533"}],"curies":[{"name":"wp","href":"https:\/\/api.w.org\/{rel}","templated":true}]}}