{"id":205538,"date":"2025-06-26T10:12:12","date_gmt":"2025-06-26T10:12:12","guid":{"rendered":"https:\/\/www.europesays.com\/fr\/205538\/"},"modified":"2025-06-26T10:12:12","modified_gmt":"2025-06-26T10:12:12","slug":"300-e-de-reduction-pour-le-samsung-galaxy-s24-fe-lors-des-soldes-cest-a-prendre-ou-a-laisser","status":"publish","type":"post","link":"https:\/\/www.europesays.com\/fr\/205538\/","title":{"rendered":"300 \u20ac de r\u00e9duction pour le Samsung Galaxy S24 FE lors des soldes, c&rsquo;est \u00e0 prendre ou \u00e0 laisser !"},"content":{"rendered":"<p>Ce n\u2019est peut-\u00eatre pas la derni\u00e8re g\u00e9n\u00e9ration, mais \u00e7a reste du beau produit : le Samsung Galaxy S24 FE, le flagship abordable de 2024, s\u2019affiche en soldes chez Fnac et Darty pour 452 euros au lieu de 752 euros via 200 euros de remise et 100 euros d\u2019ODR. <\/p>\n<p><a href=\"https:\/\/images.frandroid.com\/wp-content\/uploads\/2025\/06\/samsung-galaxy-s24-fe-soldes-ete-2025.jpg\" target=\"_blank\" class=\"article-content__figure\" rel=\"noopener\"><img fetchpriority=\"high\" decoding=\"async\" loading=\"eager\" width=\"1200\" height=\"799\" src=\"https:\/\/www.europesays.com\/fr\/wp-content\/uploads\/2025\/06\/samsung-galaxy-s24-fe-soldes-ete-2025.jpg\" alt=\"\" class=\"wp-image-2660009 wp-image wp-image\"  \/><\/a><\/p>\n<p>La gamme FE, pour Fan Edition, sort chez Samsung entre deux g\u00e9n\u00e9rations dites classiques. C\u2019est une version du smartphone qui se situe l\u00e9g\u00e8rement sous <a href=\"https:\/\/www.frandroid.com\/produits\/smartphones\/samsung\/1912777-samsung-galaxy-s24\" target=\"_blank\" rel=\"noreferrer noopener\">le mod\u00e8le de base<\/a> avec quelques compromis techniques pour baisser son prix. La marque a pris en compte les retours des utilisateurs du S24 pour corriger le tir et proposer cette it\u00e9ration \u00e0 cheval entre le milieu de gamme et le haut de gamme. Un smartphone qui, \u00e0 sa sortie, \u00e9tait quelque peu plomb\u00e9 par son prix. Un d\u00e9faut qui s\u2019efface pendant les <a href=\"https:\/\/www.frandroid.com\/bons-plans\/2670159_les-soldes-dete-2025-demarrent-fort-voici-les-meilleures-offres-en-direct\" target=\"_blank\" rel=\"noreferrer noopener\">Soldes d\u2019\u00e9t\u00e9 2025<\/a> puisqu\u2019il est possible de <a href=\"https:\/\/shop.frandroid.com\/tu08e3do\" target=\"_blank\" rel=\"noreferrer noopener affiliate nofollow\" data-gtm=\"{&quot;event&quot;:&quot;afficlic&quot;,&quot;nom_marchand&quot;:&quot;fnac&quot;,&quot;nom_produit&quot;:&quot;inconnu&quot;,&quot;categorie_produit&quot;:&quot;inconnu&quot;,&quot;module_produit&quot;:&quot;editolink&quot;,&quot;position_marchand&quot;:0,&quot;texte&quot;:&quot;se-le-procurer-avec-300-euros-de-moins&quot;,&quot;offer_url&quot;:&quot;https:\/\/shop.frandroid.com\/tu08e3do&quot;,&quot;zone&quot;:&quot;contenu-page&quot;}\">se le procurer avec 300 euros de moins<\/a>, aussi bien chez Fnac <a href=\"https:\/\/shop.frandroid.com\/966b64bz\" target=\"_blank\" rel=\"noreferrer noopener affiliate nofollow\" data-gtm=\"{&quot;event&quot;:&quot;afficlic&quot;,&quot;nom_marchand&quot;:&quot;darty&quot;,&quot;nom_produit&quot;:&quot;inconnu&quot;,&quot;categorie_produit&quot;:&quot;inconnu&quot;,&quot;module_produit&quot;:&quot;editolink&quot;,&quot;position_marchand&quot;:0,&quot;texte&quot;:&quot;que-chez-darty&quot;,&quot;offer_url&quot;:&quot;https:\/\/shop.frandroid.com\/966b64bz&quot;,&quot;zone&quot;:&quot;contenu-page&quot;}\">que chez Darty<\/a>.<\/p>\n<p>Les points forts du Samsung Galaxy S24 FE<\/p>\n<ul class=\"wp-block-list\">\n<li>Les performances g\u00e9n\u00e9rales permettent de tout faire<\/li>\n<li>L\u2019IA est bien int\u00e9gr\u00e9e et ne pousse pas \u00e0 l\u2019utilisation<\/li>\n<li>Un tr\u00e8s bel \u00e9cran, lumineux et tr\u00e8s bien fini<\/li>\n<\/ul>\n<p>Le prix classique du Samsung Galaxy S24 FE est de 752 euros. Gr\u00e2ce aux Soldes, que <a href=\"https:\/\/shop.frandroid.com\/tu08e3do\" target=\"_blank\" rel=\"noreferrer noopener affiliate nofollow\" data-gtm=\"{&quot;event&quot;:&quot;afficlic&quot;,&quot;nom_marchand&quot;:&quot;fnac&quot;,&quot;nom_produit&quot;:&quot;inconnu&quot;,&quot;categorie_produit&quot;:&quot;inconnu&quot;,&quot;module_produit&quot;:&quot;editolink&quot;,&quot;position_marchand&quot;:0,&quot;texte&quot;:&quot;vous-alliez-chez-fnac&quot;,&quot;offer_url&quot;:&quot;https:\/\/shop.frandroid.com\/tu08e3do&quot;,&quot;zone&quot;:&quot;contenu-page&quot;}\">vous alliez chez Fnac<\/a> ou <a href=\"https:\/\/shop.frandroid.com\/966b64bz\" target=\"_blank\" rel=\"noreferrer noopener affiliate nofollow\" data-gtm=\"{&quot;event&quot;:&quot;afficlic&quot;,&quot;nom_marchand&quot;:&quot;darty&quot;,&quot;nom_produit&quot;:&quot;inconnu&quot;,&quot;categorie_produit&quot;:&quot;inconnu&quot;,&quot;module_produit&quot;:&quot;editolink&quot;,&quot;position_marchand&quot;:0,&quot;texte&quot;:&quot;darty&quot;,&quot;offer_url&quot;:&quot;https:\/\/shop.frandroid.com\/966b64bz&quot;,&quot;zone&quot;:&quot;contenu-page&quot;}\">Darty<\/a>, selon votre pr\u00e9f\u00e9rence, vous pouvez commander la version 128 go pour 452 euros gr\u00e2ce \u00e0 <a href=\"https:\/\/static.fnac-static.com\/Multimedia\/editorial\/Digital\/T%C3%A9l%C3%A9phonie\/2025\/ODR\/SAMSUNG\/Leaflet-ODR_S24-S24FE_2506_au_17082025.pdf\" target=\"_blank\" rel=\"noreferrer noopener nofollow\">l\u2019ODR de 100 euros<\/a>.<\/p>\n<p>Si, par la suite, l\u2019offre mentionn\u00e9e dans cet article n\u2019est plus disponible, merci de jeter un coup d\u2019\u0153il ci-dessous afin de d\u00e9nicher d\u2019autres offres concernant le Samsung Galaxy S24 FE. Le tableau s\u2019actualise automatiquement. <\/p>\n<p>Un Samsung Galaxy S24+ qui ne dit pas son nom<\/p>\n<p>Avec le Samsung Galaxy S24 FE, la marque cor\u00e9enne propose un smartphone qui se rapproche beaucoup du <a href=\"https:\/\/www.frandroid.com\/produits\/smartphones\/samsung\/1912873-samsung-galaxy-s24-plus\" target=\"_blank\" rel=\"noreferrer noopener\">Samsung Galaxy S24+<\/a>. En t\u00e9moigne sa dalle de 6,7 pouces dont le design est \u00e9trangement proche de son mod\u00e8le. Ses dimensions de 158,5 x 75,9 x 7,7 mm pour 196 g font qu\u2019il tient bien en main et qu\u2019il est, par cons\u00e9quent, tr\u00e8s agr\u00e9able \u00e0 utiliser.<\/p>\n<p>L\u2019exp\u00e9rience passe en tr\u00e8s grande partie par son \u00e9cran Dynamic AMOLED 2X en 2340 x 1220 pixels avec un taux de rafra\u00eechissement de 60 Hz ou 120 Hz, l\u00e0 o\u00f9 le S24+ avait une dalle OLED LTPO. L\u2019image est belle, l\u2019affichage est fluide et la luminosit\u00e9 HDR est bonne, sans atteindre les sommets du S24+. Dans la m\u00eame gamme, le <a href=\"https:\/\/www.frandroid.com\/produits\/smartphones\/xiaomi\/2351284-xiaomi-14t-pro\" target=\"_blank\" rel=\"noreferrer noopener\">Xiaomi 14T Pro<\/a> fait mieux, mais il co\u00fbte presque 400 euros de plus.<\/p>\n<p>Des performances adapt\u00e9es \u00e0 un usage polyvalent<\/p>\n<p>\u00c0 l\u2019int\u00e9rieur du Samsung Galaxy S24+, vous retrouvez le processeur Exynos 2400e. C\u2019est une variation du Exynos 2400 pr\u00e9sente dans la gamme des S24 classique, la seule diff\u00e9rence \u00e9tant que le c\u0153ur principal est cadenc\u00e9 \u00e0 3,1 GHz au lieu de 3,2 GHz. En l\u2019\u00e9tat, vous pouvez tout lancer, jeux ou applications et ne pas \u00eatre inqui\u00e9t\u00e9 le moins du monde.<\/p>\n<p>Le bloc photo est lui aussi similaire, avec un l\u00e9ger changement l\u00e0 aussi : un t\u00e9l\u00e9objectif qui passe de 10 \u00e0 8 Mpx. Pas de quoi s\u2019alarmer l\u00e0 non plus, les photos et vid\u00e9os restent d\u2019excellente facture pour immortaliser vos plus beaux souvenirs. Un mot sur la batterie, pour finir, avec une puissance de 4 700 mAh qui permet une autonomie de 15 h en usage mixte. En \u00e9tant \u00e9conome, vous pouvez tenir une journ\u00e9e, voire deux jours. L\u00e0 o\u00f9 \u00e7a coince, c\u2019est sur la charge qui n\u2019est pas rapide, puisqu\u2019elle plafonne \u00e0 25 W, ce qui fait qu\u2019elle passe de 0 \u00e0 100 % en 1h15 environ.<\/p>\n<p>Le <a href=\"https:\/\/www.frandroid.com\/marques\/samsung\/2372794_test-samsung-s24-fe-une-belle-porte-dentree-chez-les-s24-mais-qui-arrive-un-peu-tard\" target=\"_blank\" rel=\"noreferrer noopener\">test complet du Samsung Galaxy S24 FE<\/a> est beaucoup plus complet et vous offre tout ce qu\u2019il y a \u00e0 savoir sur ce smartphone qui vaut clairement le d\u00e9tour.<\/p>\n<p>Le <a href=\"https:\/\/www.frandroid.com\/guide-dachat\/smartphones\/332196_10-smartphones-attendus-debut-2016\" target=\"_blank\" rel=\"noreferrer noopener\">guide d\u2019achat sur les meilleurs smartphones<\/a> permet de comparer les caract\u00e9ristiques du S24 FE avec ceux d\u2019autres mod\u00e8les pass\u00e9s entre nos mains.<\/p>\n<p>Les Soldes d\u2019\u00e9t\u00e9 2025 avec Frandroid<\/p>\n<p>Jusqu\u2019au 22 juillet prochain, ce sont <a href=\"https:\/\/www.frandroid.com\/bons-plans\/2670159_les-soldes-dete-2025-demarrent-fort-voici-les-meilleures-offres-en-direct\" target=\"_blank\" rel=\"noreferrer noopener\">les soldes d\u2019\u00e9t\u00e9 en France<\/a>. En cette occasion, la r\u00e9daction de Frandroid met \u00e0 votre service son expertise en mati\u00e8re de nouvelles technologies pour vous aider \u00e0 faire votre choix dans votre prochain achat Tech \u00e0 prix r\u00e9duit. Il y a plusieurs articles avec diff\u00e9rentes th\u00e9matiques, \u00e0 vous de choisir :<\/p>\n<p>Et pour \u00eatre s\u00fbr de ne manquer aucun bon plan de l\u2019\u00e9dition 2025 des soldes d\u2019\u00e9t\u00e9, vous pouvez aussi : <\/p>\n<ul class=\"wp-block-list\">\n<li>Nous suivre sur notre compte X\u00a0<a href=\"https:\/\/twitter.com\/FrandroidPromos\" target=\"_blank\" rel=\"noopener noreferrer\">@FrandroidPromos<\/a> uniquement d\u00e9di\u00e9 aux bons plans (pensez \u00e0 activer la cloche pour recevoir les notifications en temps r\u00e9el)<\/li>\n<li>\n<a href=\"https:\/\/whatsapp.com\/channel\/0029VabYxm5LI8YhSlD8xc05\" target=\"_blank\" rel=\"noopener\">Rejoindre notre canal WhatsApp<\/a> pour recevoir une fois par jour un condens\u00e9 des meilleures offres<\/li>\n<li>T\u00e9l\u00e9charger notre <a href=\"https:\/\/www.frandroid.com\/telecharger\/apps\/frandroid\" target=\"_blank\" rel=\"noopener\">application Frandroid<\/a> (disponible sur iOS et Android) pour activer les notifications de la cat\u00e9gorie \u00ab Bons Plans \u00bb et ainsi recevoir en temps r\u00e9el les nouveaux articles li\u00e9s aux soldes d\u2019\u00e9t\u00e9 2025<\/li>\n<li>S\u2019abonner \u00e0 notre newsletter pour \u00eatre s\u00fbr de recevoir les offres en avant-premi\u00e8re (pas plus d\u2019un mail par jour, d\u00e9sinscription en 1 clic, aucune diffusion \u00e0 des tiers) :<\/li>\n<\/ul>\n<p class=\"newsletter-form__title is-size-6 is-size-7-mobile is-uppercase has-text-good-deals has-text-weight-semibold mb-4 px-5\">Frandroid Bons plans<\/p>\n<p class=\"has-text-centered-tablet newsletter-form__subtitle is-size-4 has-text-weight-bold has-text-primary column is-9-tablet is-10-mobile\">\n                C\u2019est enregistr\u00e9 ! Surveillez votre bo\u00eete aux lettres, vous allez entendre parler de nous\u00a0!\n            <\/p>\n<p class=\"newsletter-form__subtitle is-size-4 has-text-weight-bold has-text-gradient-pink\">Ne manquez aucun bon plan avec notre newsletter<\/p>\n<p class=\"is-size-7\">\n                Les donn\u00e9es transmises par le biais de ce formulaire sont destin\u00e9es \u00e0 Humanoid,<br \/>\n                soci\u00e9t\u00e9 \u00e9ditrice du site Frandroid en sa qualit\u00e9 de responsable de traitement.<br \/>\n                Elles ne seront en aucun cas c\u00e9d\u00e9es \u00e0 des tiers. Ces donn\u00e9es sont trait\u00e9es sous r\u00e9serve d\u2019obtention de<br \/>\n                votre consentement pour vous envoyer par e-mail des actualit\u00e9s et informations relatives aux contenus<br \/>\n                \u00e9ditoriaux publi\u00e9s sur Frandroid. Vous pouvez vous opposer \u00e0 tout moment \u00e0 ces e-mails<br \/>\n                en cliquant sur les liens de d\u00e9sinscriptions pr\u00e9sents dans chacun d\u2019eux. Pour plus d\u2019informations, vous<br \/>\n                pouvez consulter l\u2019int\u00e9gralit\u00e9 de notre <a href=\"https:\/\/www.frandroid.com\/politique-donnees-personnelles\" target=\"_blank\" rel=\"noopener\"><br \/>\n                politique de traitement de vos donn\u00e9es personnelles<\/a>.<br \/>\n                Vous disposez d\u2019un droit d\u2019acc\u00e8s, de rectification, d\u2019effacement, de limitation, de portabilit\u00e9 et<br \/>\n                d\u2019opposition pour motif l\u00e9gitime aux donn\u00e9es personnelles vous concernant. Pour exercer l\u2019un de ces droits,<br \/>\n                merci d\u2019effectuer votre demande via notre <a href=\"https:\/\/www.frandroid.com\/contact\/#RGPD\" target=\"_blank\" rel=\"noopener\">formulaire<br \/>\n                de demandes d\u2019exercices de droits d\u00e9di\u00e9<\/a>.\n            <\/p>\n<p>Envie de retrouver les meilleurs articles de Frandroid sur Google News ? Vous pouvez suivre <strong><a href=\"https:\/\/news.google.com\/publications\/CAAqBggKMICKMDCuyQU?oc=3\" target=\"_blank\" rel=\"noopener null noreferrer\">Frandroid sur Google News<\/a> en un clic.<\/strong><\/p>\n<p>            <script async src=\"https:\/\/platform.twitter.com\/widgets.js\" charset=\"utf-8\"><\/script><\/p>\n","protected":false},"excerpt":{"rendered":"Ce n\u2019est peut-\u00eatre pas la derni\u00e8re g\u00e9n\u00e9ration, mais \u00e7a reste du beau produit : le Samsung Galaxy S24&hellip;\n","protected":false},"author":2,"featured_media":205539,"comment_status":"","ping_status":"","sticky":false,"template":"","format":"standard","meta":{"footnotes":""},"categories":[7],"tags":[943,944,1042,1011,27,5936,43,40,41,39,34230,42,44],"class_list":{"0":"post-205538","1":"post","2":"type-post","3":"status-publish","4":"format-standard","5":"has-post-thumbnail","7":"category-sciences-et-technologies","8":"tag-bons-plans-darty","9":"tag-bons-plans-fnac","10":"tag-bons-plans-samsung","11":"tag-fr","12":"tag-france","13":"tag-samsung-galaxy-s24-fe","14":"tag-science","15":"tag-science-and-technology","16":"tag-sciences","17":"tag-sciences-et-technologies","18":"tag-soldes-dete-2025","19":"tag-technologies","20":"tag-technology"},"share_on_mastodon":{"url":"https:\/\/pubeurope.com\/@fr\/114749134900285362","error":""},"_links":{"self":[{"href":"https:\/\/www.europesays.com\/fr\/wp-json\/wp\/v2\/posts\/205538","targetHints":{"allow":["GET"]}}],"collection":[{"href":"https:\/\/www.europesays.com\/fr\/wp-json\/wp\/v2\/posts"}],"about":[{"href":"https:\/\/www.europesays.com\/fr\/wp-json\/wp\/v2\/types\/post"}],"author":[{"embeddable":true,"href":"https:\/\/www.europesays.com\/fr\/wp-json\/wp\/v2\/users\/2"}],"replies":[{"embeddable":true,"href":"https:\/\/www.europesays.com\/fr\/wp-json\/wp\/v2\/comments?post=205538"}],"version-history":[{"count":0,"href":"https:\/\/www.europesays.com\/fr\/wp-json\/wp\/v2\/posts\/205538\/revisions"}],"wp:featuredmedia":[{"embeddable":true,"href":"https:\/\/www.europesays.com\/fr\/wp-json\/wp\/v2\/media\/205539"}],"wp:attachment":[{"href":"https:\/\/www.europesays.com\/fr\/wp-json\/wp\/v2\/media?parent=205538"}],"wp:term":[{"taxonomy":"category","embeddable":true,"href":"https:\/\/www.europesays.com\/fr\/wp-json\/wp\/v2\/categories?post=205538"},{"taxonomy":"post_tag","embeddable":true,"href":"https:\/\/www.europesays.com\/fr\/wp-json\/wp\/v2\/tags?post=205538"}],"curies":[{"name":"wp","href":"https:\/\/api.w.org\/{rel}","templated":true}]}}