{"id":205548,"date":"2025-06-26T10:17:10","date_gmt":"2025-06-26T10:17:10","guid":{"rendered":"https:\/\/www.europesays.com\/fr\/205548\/"},"modified":"2025-06-26T10:17:10","modified_gmt":"2025-06-26T10:17:10","slug":"la-deputee-andree-taurinya-ne-lache-pas-la-prison-de-la-talaudiere","status":"publish","type":"post","link":"https:\/\/www.europesays.com\/fr\/205548\/","title":{"rendered":"la d\u00e9put\u00e9e Andr\u00e9e Taurinya ne l\u00e2che pas la prison de La Talaudi\u00e8re"},"content":{"rendered":"<p>\u00ab\u00a0Bonjour, c\u2019est pour un parloir\u00a0?\u00a0\u00bb Derri\u00e8re l\u2019hygiaphone \u00e0 l\u2019entr\u00e9e du centre p\u00e9nitentiaire de Saint-Etienne, l\u2019agent s\u2019enquiert du motif de la visite. \u00ab\u00a0<a href=\"https:\/\/www.leprogres.fr\/p\/andree-taurinya\" target=\"_blank\" rel=\"noopener\">Andr\u00e9e Taurinya<\/a>, d\u00e9put\u00e9e de la Loire, je viens exercer mon droit de visite parlementaire.\u00a0\u00bb<\/p>\n<p>Pendant que le fonctionnaire enregistre son entr\u00e9e, la porte s\u2019ouvre et un homme sort du b\u00e2timent. \u00ab\u00a0Oh, Mme Taurinya, vous allez bien\u00a0?\u00a0\u00bb La d\u00e9put\u00e9e (LFI) de la deuxi\u00e8me circonscription mobilise ses souvenirs\u00a0: \u00ab\u00a0Nous sommes-nous crois\u00e9s lors d\u2019une r\u00e9union publique\u00a0?\u00a0\u00bb L\u2019homme l\u2019\u00e9claire\u00a0: \u00ab\u00a0Je suis visiteur de prison et vous ai vue lors de votre derni\u00e8re visite.\u00a0\u00bb<\/p>\n<p>Une longue liste de courses<\/p>\n<p>Il faut dire que la parlementaire ne l\u00e2che pas le dossier des conditions de d\u00e9tention \u00e0 La Talaudi\u00e8re, qui abrite le centre p\u00e9nitentiaire st\u00e9phanois. Ce vendredi 20\u00a0juin, elle y effectuait sa cinqui\u00e8me inspection depuis son accession au palais Bourbon en 2022.<\/p>\n<p>Les personnels y sont rod\u00e9s. Le&#8230;<\/p>\n","protected":false},"excerpt":{"rendered":"\u00ab\u00a0Bonjour, c\u2019est pour un parloir\u00a0?\u00a0\u00bb Derri\u00e8re l\u2019hygiaphone \u00e0 l\u2019entr\u00e9e du centre p\u00e9nitentiaire de Saint-Etienne, l\u2019agent s\u2019enquiert du motif&hellip;\n","protected":false},"author":2,"featured_media":205549,"comment_status":"","ping_status":"","sticky":false,"template":"","format":"standard","meta":{"footnotes":""},"categories":[9653],"tags":[1111,11,2430,6698,7539,436,1777,674,274,1011,27,2338,12053,3367,12,316,25,4001,9664,10806],"class_list":{"0":"post-205548","1":"post","2":"type-post","3":"status-publish","4":"format-standard","5":"has-post-thumbnail","7":"category-saint-etienne","8":"tag-actu","9":"tag-actualites","10":"tag-auvergne-rhone-alpes","11":"tag-canicule","12":"tag-edition-loire-sud","13":"tag-environnement","14":"tag-eu","15":"tag-europe","16":"tag-faits-divers-justice","17":"tag-fr","18":"tag-france","19":"tag-la-france-insoumise","20":"tag-la-talaudiere","21":"tag-loire","22":"tag-news","23":"tag-politique","24":"tag-republique-francaise","25":"tag-saint-etienne","26":"tag-saint-etienne-bassin","27":"tag-selection-de-la-redaction-42"},"share_on_mastodon":{"url":"https:\/\/pubeurope.com\/@fr\/114749154467950815","error":""},"_links":{"self":[{"href":"https:\/\/www.europesays.com\/fr\/wp-json\/wp\/v2\/posts\/205548","targetHints":{"allow":["GET"]}}],"collection":[{"href":"https:\/\/www.europesays.com\/fr\/wp-json\/wp\/v2\/posts"}],"about":[{"href":"https:\/\/www.europesays.com\/fr\/wp-json\/wp\/v2\/types\/post"}],"author":[{"embeddable":true,"href":"https:\/\/www.europesays.com\/fr\/wp-json\/wp\/v2\/users\/2"}],"replies":[{"embeddable":true,"href":"https:\/\/www.europesays.com\/fr\/wp-json\/wp\/v2\/comments?post=205548"}],"version-history":[{"count":0,"href":"https:\/\/www.europesays.com\/fr\/wp-json\/wp\/v2\/posts\/205548\/revisions"}],"wp:featuredmedia":[{"embeddable":true,"href":"https:\/\/www.europesays.com\/fr\/wp-json\/wp\/v2\/media\/205549"}],"wp:attachment":[{"href":"https:\/\/www.europesays.com\/fr\/wp-json\/wp\/v2\/media?parent=205548"}],"wp:term":[{"taxonomy":"category","embeddable":true,"href":"https:\/\/www.europesays.com\/fr\/wp-json\/wp\/v2\/categories?post=205548"},{"taxonomy":"post_tag","embeddable":true,"href":"https:\/\/www.europesays.com\/fr\/wp-json\/wp\/v2\/tags?post=205548"}],"curies":[{"name":"wp","href":"https:\/\/api.w.org\/{rel}","templated":true}]}}