{"id":205550,"date":"2025-06-26T10:18:09","date_gmt":"2025-06-26T10:18:09","guid":{"rendered":"https:\/\/www.europesays.com\/fr\/205550\/"},"modified":"2025-06-26T10:18:09","modified_gmt":"2025-06-26T10:18:09","slug":"saint-etienne-a-17-ans-et-sans-permis-le-conducteur-senfuit-devant-la-police","status":"publish","type":"post","link":"https:\/\/www.europesays.com\/fr\/205550\/","title":{"rendered":"Saint-\u00c9tienne. \u00c0 17 ans et sans permis, le conducteur s\u2019enfuit devant la police"},"content":{"rendered":"<p>Mardi 24\u00a0juin, vers 16\u00a0h\u00a015, les policiers sont intervenus dans le quartier de Monthieu pour un refus d\u2019obtemp\u00e9rer. Au d\u00e9part c\u2019est la police municipale qui aper\u00e7oit un conducteur sans ceinture de s\u00e9curit\u00e9 au volant d\u2019une Audi.<\/p>\n<p>Ils tentent de proc\u00e9der \u00e0 son contr\u00f4le mais l\u2019individu acc\u00e9l\u00e8re et s\u2019enfuit. Il oblige plusieurs automobilistes \u00e0 des freinages d\u2019urgence pour \u00e9viter une collision. Il finira sa course, apr\u00e8s une perte de contr\u00f4le, dans un potelet de trottoir.<\/p>\n<p>Lors de son interpellation, les policiers d\u00e9couvrent que ce jeune homme de 17 ans n\u2019est pas titulaire du permis de conduire, et n\u2019est donc pas assur\u00e9 pour la conduite du v\u00e9hicule. Apr\u00e8s une nuit en garde \u00e0 vue, il sera convoqu\u00e9 devant la justice pour r\u00e9pondre de ses actes.<\/p>\n","protected":false},"excerpt":{"rendered":"Mardi 24\u00a0juin, vers 16\u00a0h\u00a015, les policiers sont intervenus dans le quartier de Monthieu pour un refus d\u2019obtemp\u00e9rer. Au&hellip;\n","protected":false},"author":2,"featured_media":205551,"comment_status":"","ping_status":"","sticky":false,"template":"","format":"standard","meta":{"footnotes":""},"categories":[9653],"tags":[1111,11,2430,271,272,7539,1777,674,274,1011,27,3367,12,25,4001,7538],"class_list":{"0":"post-205550","1":"post","2":"type-post","3":"status-publish","4":"format-standard","5":"has-post-thumbnail","7":"category-saint-etienne","8":"tag-actu","9":"tag-actualites","10":"tag-auvergne-rhone-alpes","11":"tag-crime","12":"tag-delit-et-contravention","13":"tag-edition-loire-sud","14":"tag-eu","15":"tag-europe","16":"tag-faits-divers-justice","17":"tag-fr","18":"tag-france","19":"tag-loire","20":"tag-news","21":"tag-republique-francaise","22":"tag-saint-etienne","23":"tag-saint-etienne-ville"},"share_on_mastodon":{"url":"https:\/\/pubeurope.com\/@fr\/114749158391663833","error":""},"_links":{"self":[{"href":"https:\/\/www.europesays.com\/fr\/wp-json\/wp\/v2\/posts\/205550","targetHints":{"allow":["GET"]}}],"collection":[{"href":"https:\/\/www.europesays.com\/fr\/wp-json\/wp\/v2\/posts"}],"about":[{"href":"https:\/\/www.europesays.com\/fr\/wp-json\/wp\/v2\/types\/post"}],"author":[{"embeddable":true,"href":"https:\/\/www.europesays.com\/fr\/wp-json\/wp\/v2\/users\/2"}],"replies":[{"embeddable":true,"href":"https:\/\/www.europesays.com\/fr\/wp-json\/wp\/v2\/comments?post=205550"}],"version-history":[{"count":0,"href":"https:\/\/www.europesays.com\/fr\/wp-json\/wp\/v2\/posts\/205550\/revisions"}],"wp:featuredmedia":[{"embeddable":true,"href":"https:\/\/www.europesays.com\/fr\/wp-json\/wp\/v2\/media\/205551"}],"wp:attachment":[{"href":"https:\/\/www.europesays.com\/fr\/wp-json\/wp\/v2\/media?parent=205550"}],"wp:term":[{"taxonomy":"category","embeddable":true,"href":"https:\/\/www.europesays.com\/fr\/wp-json\/wp\/v2\/categories?post=205550"},{"taxonomy":"post_tag","embeddable":true,"href":"https:\/\/www.europesays.com\/fr\/wp-json\/wp\/v2\/tags?post=205550"}],"curies":[{"name":"wp","href":"https:\/\/api.w.org\/{rel}","templated":true}]}}