{"id":205556,"date":"2025-06-26T10:22:09","date_gmt":"2025-06-26T10:22:09","guid":{"rendered":"https:\/\/www.europesays.com\/fr\/205556\/"},"modified":"2025-06-26T10:22:09","modified_gmt":"2025-06-26T10:22:09","slug":"quatorze-vols-en-quelques-jours-deux-freres-mis-en-cause-pour-des-pillages-de-voitures-et-de-stations-de-lavage-dans-lagglo-de-toulon","status":"publish","type":"post","link":"https:\/\/www.europesays.com\/fr\/205556\/","title":{"rendered":"Quatorze vols en quelques jours: deux fr\u00e8res mis en cause pour des pillages de voitures et de stations de lavage dans l\u2019agglo de Toulon"},"content":{"rendered":"<p>Deux hommes \u00e2g\u00e9s de 22 et 26 ans ont \u00e9t\u00e9 plac\u00e9s en garde \u00e0 vue ces derniers jours pour s\u2019expliquer sur une s\u00e9rie de quatorze vols commis en peu de temps au printemps dans l\u2019agglom\u00e9ration toulonnaise, a-t-on appris ce jeudi de source polici\u00e8re.<\/p>\n<p>Cette fratrie est ainsi soup\u00e7onn\u00e9e d\u2019avoir effectu\u00e9 une v\u00e9ritable razzia sur le parking de la gare d\u2019Ollioules-Sanary dans la nuit du 22 au 23 avril, entre minuit et 2h.<\/p>\n<p>Dix v\u00e9hicules en stationnement avaient \u00e9t\u00e9 fractur\u00e9s et d\u00e9lest\u00e9s de leur batterie.<\/p>\n<p>Les deux hommes sont \u00e9galement mis en cause pour les casses de quatre stations de lavage \u00e0 Ollioules, \u00e0 La Valette et \u00e0 La Garde, entre les 28 avril et le 3 mai.<\/p>\n<p>Les malfaiteurs, gant\u00e9s et encagoul\u00e9s, agissaient \u00a0\u00bb en d\u00e9but de nuit\u00a0\u00bb. Les locaux et les monnayeurs des \u00e9tablissements cibl\u00e9s \u00e9taient forc\u00e9s avec des outils (tournevis et d\u00e9monte-pneu).<\/p>\n<p>                                Un proc\u00e8s en 2026<\/p>\n<p>Les investigations avaient \u00e9t\u00e9 confi\u00e9es \u00e0 deux groupes d\u2019enqu\u00eateurs sp\u00e9cialis\u00e9s dans la lutte contre les atteintes aux biens du service interd\u00e9partemental de police judiciaire (SIPJ) qui ont pu effectuer des rapprochements entre ces diff\u00e9rents vols.<\/p>\n<p>Quand les suspects ont \u00e9t\u00e9 identifi\u00e9s, les policiers n\u2019ont pas eu de mal \u00e0 proc\u00e9der \u00e0 leurs interpellations puisqu\u2019entretemps ils avaient \u00e9t\u00e9 incarc\u00e9r\u00e9s au centre p\u00e9nitentiaire de La Farl\u00e8de, notamment pour des faits similaires commis ces derni\u00e8res semaines \u00e0 Cuers et \u00e0 Solli\u00e8s-Pont.<\/p>\n<p>Pour les quatorze vols et d\u00e9gradations effectu\u00e9s dans l\u2019agglo toulonnaise, les deux d\u00e9tenus devraient compara\u00eetre devant le tribunal correctionnel en f\u00e9vrier 2026.<\/p>\n","protected":false},"excerpt":{"rendered":"Deux hommes \u00e2g\u00e9s de 22 et 26 ans ont \u00e9t\u00e9 plac\u00e9s en garde \u00e0 vue ces derniers jours&hellip;\n","protected":false},"author":2,"featured_media":205557,"comment_status":"","ping_status":"","sticky":false,"template":"","format":"standard","meta":{"footnotes":""},"categories":[9619],"tags":[1111,11,1777,674,118,1011,27,303,12,882,25,2310],"class_list":{"0":"post-205556","1":"post","2":"type-post","3":"status-publish","4":"format-standard","5":"has-post-thumbnail","7":"category-toulon","8":"tag-actu","9":"tag-actualites","10":"tag-eu","11":"tag-europe","12":"tag-faits-divers","13":"tag-fr","14":"tag-france","15":"tag-justice","16":"tag-news","17":"tag-provence-alpes-cote-dazur","18":"tag-republique-francaise","19":"tag-toulon"},"share_on_mastodon":{"url":"https:\/\/pubeurope.com\/@fr\/114749174121201182","error":""},"_links":{"self":[{"href":"https:\/\/www.europesays.com\/fr\/wp-json\/wp\/v2\/posts\/205556","targetHints":{"allow":["GET"]}}],"collection":[{"href":"https:\/\/www.europesays.com\/fr\/wp-json\/wp\/v2\/posts"}],"about":[{"href":"https:\/\/www.europesays.com\/fr\/wp-json\/wp\/v2\/types\/post"}],"author":[{"embeddable":true,"href":"https:\/\/www.europesays.com\/fr\/wp-json\/wp\/v2\/users\/2"}],"replies":[{"embeddable":true,"href":"https:\/\/www.europesays.com\/fr\/wp-json\/wp\/v2\/comments?post=205556"}],"version-history":[{"count":0,"href":"https:\/\/www.europesays.com\/fr\/wp-json\/wp\/v2\/posts\/205556\/revisions"}],"wp:featuredmedia":[{"embeddable":true,"href":"https:\/\/www.europesays.com\/fr\/wp-json\/wp\/v2\/media\/205557"}],"wp:attachment":[{"href":"https:\/\/www.europesays.com\/fr\/wp-json\/wp\/v2\/media?parent=205556"}],"wp:term":[{"taxonomy":"category","embeddable":true,"href":"https:\/\/www.europesays.com\/fr\/wp-json\/wp\/v2\/categories?post=205556"},{"taxonomy":"post_tag","embeddable":true,"href":"https:\/\/www.europesays.com\/fr\/wp-json\/wp\/v2\/tags?post=205556"}],"curies":[{"name":"wp","href":"https:\/\/api.w.org\/{rel}","templated":true}]}}