{"id":205560,"date":"2025-06-26T10:25:09","date_gmt":"2025-06-26T10:25:09","guid":{"rendered":"https:\/\/www.europesays.com\/fr\/205560\/"},"modified":"2025-06-26T10:25:09","modified_gmt":"2025-06-26T10:25:09","slug":"un-homme-retrouve-mort-la-police-lance-un-appel-a-temoins-pour-lidentifier","status":"publish","type":"post","link":"https:\/\/www.europesays.com\/fr\/205560\/","title":{"rendered":"un homme retrouv\u00e9 mort, la police lance un appel \u00e0 t\u00e9moins pour l&rsquo;identifier"},"content":{"rendered":"<p>\n\t\t\t\t\tLe 13 juin 2025, un homme a \u00e9t\u00e9 tu\u00e9 par balles \u00e0 Montpellier. La police cherche \u00e0 identifier la victime. \t\t\t\t<\/p>\n<p>\n\t\t\t\t\t\t\t\t\t\u00a9 Photo d\u2019illustration.\t\t\t\t\t\t\t\t<\/p>\n<p>Dans<strong> la nuit du vendredi 13 au samedi 14 juin 2025<\/strong>, vers 2h15, <strong>le corps sans vie d\u2019un homme<\/strong> a \u00e9t\u00e9 d\u00e9couvert rue des Acconiers, \u00e0 Montpellier (H\u00e9rault), sur un chemin longeant le Lez. D\u2019apr\u00e8s les informations communiqu\u00e9es par la Police nationale, ce dernier a \u00e9t\u00e9 victime d\u2019un <strong>meurtre<\/strong>. <\/p>\n<p>Appel \u00e0 t\u00e9moins <\/p>\n<p>Les forces de l\u2019ordre tentent<strong> d\u2019identifier la victime<\/strong>. En effet, la<strong> police judiciaire de <a href=\"https:\/\/infoccitanie.fr\/tag\/montpellier\/\" target=\"_blank\" rel=\"noopener\">Montpellier<\/a> <\/strong>cherche donc toute personne susceptible d\u2019apporter des <strong>renseignements sur l\u2019enqu\u00eate pour meurtre<\/strong>. Toute information permettant d\u2019aider les enqu\u00eateurs peut \u00eatre communiqu\u00e9e au <strong>commissariat de Montpellier <\/strong>aux num\u00e9ros suivants : <strong>06 66 97 10 59 \u2013 04 99 13 53 26 \u2013 04 99 13 53 17<\/strong>. <\/p>\n<p>Signalement et tenue vestimentaire <\/p>\n<p>La victime, \u00e2g\u00e9e d\u2019environ <strong>20\/25 ans<\/strong> et de type <strong>caucasien<\/strong>, mesure <strong>1, 83m<\/strong>. De corpulence <strong>mince<\/strong>, il a les cheveux <strong>bruns<\/strong> ras\u00e9s avec une l\u00e9g\u00e8re barbe ainsi que les <strong>yeux marrons<\/strong>. V\u00eatu d\u2019un bermuda bleu marine LEVI\u2019S, d\u2019une veste \u00e0 capuche noire TOMMY JEANS, d\u2019un tee-shirt noir NIKE et de baskets blanches NIKE AIR, il \u00e9tait d\u00e9pourvu de tout effet personnel. <\/p>\n","protected":false},"excerpt":{"rendered":"Le 13 juin 2025, un homme a \u00e9t\u00e9 tu\u00e9 par balles \u00e0 Montpellier. La police cherche \u00e0 identifier&hellip;\n","protected":false},"author":2,"featured_media":148652,"comment_status":"","ping_status":"","sticky":false,"template":"","format":"standard","meta":{"footnotes":""},"categories":[9599],"tags":[1111,11,4260,1777,674,1011,27,2208,12,2680,25],"class_list":{"0":"post-205560","1":"post","2":"type-post","3":"status-publish","4":"format-standard","5":"has-post-thumbnail","7":"category-montpellier","8":"tag-actu","9":"tag-actualites","10":"tag-appel-a-temoins","11":"tag-eu","12":"tag-europe","13":"tag-fr","14":"tag-france","15":"tag-montpellier","16":"tag-news","17":"tag-occitanie","18":"tag-republique-francaise"},"share_on_mastodon":{"url":"https:\/\/pubeurope.com\/@fr\/114749185930109274","error":""},"_links":{"self":[{"href":"https:\/\/www.europesays.com\/fr\/wp-json\/wp\/v2\/posts\/205560","targetHints":{"allow":["GET"]}}],"collection":[{"href":"https:\/\/www.europesays.com\/fr\/wp-json\/wp\/v2\/posts"}],"about":[{"href":"https:\/\/www.europesays.com\/fr\/wp-json\/wp\/v2\/types\/post"}],"author":[{"embeddable":true,"href":"https:\/\/www.europesays.com\/fr\/wp-json\/wp\/v2\/users\/2"}],"replies":[{"embeddable":true,"href":"https:\/\/www.europesays.com\/fr\/wp-json\/wp\/v2\/comments?post=205560"}],"version-history":[{"count":0,"href":"https:\/\/www.europesays.com\/fr\/wp-json\/wp\/v2\/posts\/205560\/revisions"}],"wp:featuredmedia":[{"embeddable":true,"href":"https:\/\/www.europesays.com\/fr\/wp-json\/wp\/v2\/media\/148652"}],"wp:attachment":[{"href":"https:\/\/www.europesays.com\/fr\/wp-json\/wp\/v2\/media?parent=205560"}],"wp:term":[{"taxonomy":"category","embeddable":true,"href":"https:\/\/www.europesays.com\/fr\/wp-json\/wp\/v2\/categories?post=205560"},{"taxonomy":"post_tag","embeddable":true,"href":"https:\/\/www.europesays.com\/fr\/wp-json\/wp\/v2\/tags?post=205560"}],"curies":[{"name":"wp","href":"https:\/\/api.w.org\/{rel}","templated":true}]}}