{"id":205562,"date":"2025-06-26T10:27:15","date_gmt":"2025-06-26T10:27:15","guid":{"rendered":"https:\/\/www.europesays.com\/fr\/205562\/"},"modified":"2025-06-26T10:27:15","modified_gmt":"2025-06-26T10:27:15","slug":"un-commissaire-de-police-de-rouen-passionne-de-cyclisme-au-coeur-du-tour-de-france","status":"publish","type":"post","link":"https:\/\/www.europesays.com\/fr\/205562\/","title":{"rendered":"un commissaire de police de Rouen passionn\u00e9 de cyclisme au c\u0153ur du Tour de France"},"content":{"rendered":"<p>            Par<br \/>\n        <strong><br \/>\n            <a href=\"https:\/\/actu.fr\/auteur\/fmass\" title=\"Consulter tous les articles de Fabien Massin\" rel=\"nofollow noopener\" target=\"_blank\">Fabien Massin<\/a><br \/>\n        <\/strong><\/p>\n<p>        Publi\u00e9 le<\/p>\n<p>            26 juin 2025 \u00e0 11h16        <\/p>\n<p>\u00c9v\u00e9nement sportif majeur, le<a href=\"https:\/\/actu.fr\/tag\/tour-de-france\" rel=\"nofollow noopener\" target=\"_blank\"> Tour de France<\/a> est aussi un sacr\u00e9 d\u00e9fi organisationnel sur le plan de la s\u00e9curit\u00e9. \u00c0 cette t\u00e2che, un commissaire de <a href=\"https:\/\/actu.fr\/normandie\/rouen_76540\" rel=\"nofollow noopener\" target=\"_blank\">Rouen (Seine-Maritime)<\/a> est aux avant-postes depuis plusieurs ann\u00e9es,<strong> Christophe Urien<\/strong>. Passionn\u00e9 de cyclisme, il a d\u00e9j\u00e0 \u0153uvr\u00e9 pour assurer la s\u00e9curit\u00e9 du Tour \u00e0 deux reprises, et est \u00e0 nouveau sur le pont cette ann\u00e9e pour l\u2019\u00e9tape rouennaise.<\/p>\n<p class=\" wall-content\">Les deux premi\u00e8res fois, c\u2019\u00e9tait en\u00a02020 et\u00a02021, en tant que<strong> responsable de la mission police<\/strong> du Tour de France. C\u2019est-\u00e0-dire qu\u2019avec son \u00e9quipe, il faisait le lien entre l\u2019organisation de l\u2019\u00e9preuve et les circonscriptions de police, \u00e9tape apr\u00e8s \u00e9tape. Une mission qui implique de <strong>suivre la caravane pendant trois semaines<\/strong>, avec des points quotidiens avec les forces de l\u2019ordre, pompiers et les autorit\u00e9s locales, au centre de coordination bas\u00e9e \u00e0 l\u2019arriv\u00e9e de chaque \u00e9tape.<\/p>\n<p>Une exp\u00e9rience inoubliable<\/p>\n<p class=\" wall-content\">Une exp\u00e9rience forc\u00e9ment riche tant le plan professionnel qu\u2019humain et qui <strong>tranche par rapport aux missions habituelles<\/strong>. \u00ab\u2009Le Tour est une grande f\u00eate, pour les villages que l\u2019on traverse, c\u2019est un grand honneur de l\u2019accueillir, souligne le commissaire. Dans le cyclisme, il n\u2019y a pas de hooliganisme, c\u2019est un \u00e9v\u00e9nement gratuit, les gens prennent leur journ\u00e9e et viennent avec leur glaci\u00e8re. Pour un policier, c\u2019est agr\u00e9able et positif d\u2019intervenir dans ce contexte, <strong>c\u2019est une vraie respiration<\/strong>.\u2009\u00bb<\/p>\n<p class=\" wall-content\">Cette fois-ci, c\u2019est en tant que local de l\u2019\u00e9tape que Christophe Urien intervient, en organisant la s\u00e9curit\u00e9 de l\u2019\u00e9tape dans son dernier tron\u00e7on, 26 kilom\u00e8tres de Mesnil-Esnard \u00e0 l\u2019arriv\u00e9e place du Boulingrin. \u00ab\u2009C\u2019est une<strong> fin de parcours atypique<\/strong> avec des descentes, des mont\u00e9es, des virages, etc. En secteur urbain, les impacts sur la circulation et le stationnement sont multipli\u00e9s, notre r\u00f4le est qu\u2019ils soient le moins g\u00eanants possibles pour la population. Il s\u2019agit \u00e9galement pour nous d\u2019assurer la s\u00e9curit\u00e9 de tout le monde, coureurs, caravane et public.\u2009\u00bb<\/p>\n<blockquote class=\"ac-article-quote wall-content\">\n<p>\u00c0 cet \u00e9gard nous agissons un peu commune une vigie aupr\u00e8s du public, \u00e0 qui nous adressons des messages de pr\u00e9vention : se jeter sur la chauss\u00e9e pour r\u00e9cup\u00e9rer un goodies tout en risquant sa vie, \u00e7a n&rsquo;en vaut pas la peine ; prendre des photos du peloton qui va \u00e0 toute vitesse, cela ne sert \u00e0 rien, mieux vaut profiter de l&rsquo;instant pr\u00e9sent de fa\u00e7on d\u00e9gag\u00e9e ; on ne vient pas avec un chien, etc.<\/p>\n<p>    <strong>Christophe Urien<\/strong>\n            <\/p><\/blockquote>\n<p class=\" wall-content\">Et en tant que passionn\u00e9, Christophe porte un regard int\u00e9ress\u00e9 sur cette fin d\u2019\u00e9tape\u2009: \u00ab\u2009Les organisateurs sont all\u00e9s chercher un final technique, dynamique et difficile.\u2009\u00bb<\/p>\n<p>Suivez l\u2019actualit\u00e9 de Rouen sur notre <a href=\"https:\/\/www.whatsapp.com\/channel\/0029VaKfnf99hXF2ddApFB1D\" rel=\"nofollow noopener\" target=\"_blank\">cha\u00eene WhatsApp<\/a> et sur notre <a href=\"https:\/\/www.tiktok.com\/@76actu.fr?lang=fr\" rel=\"nofollow noopener\" target=\"_blank\">compte TikTok<\/a><\/p>\n<p class=\" wall-content\">Suivez toute l\u2019actualit\u00e9 de vos villes et m\u00e9dias favoris en vous inscrivant \u00e0 <a href=\"https:\/\/moncompte.actu.fr\" title=\"D\u00e9couvez Mon Actu\" rel=\"nofollow noopener\" data-trk=\"{&quot;cta&quot;:{&quot;action&quot;:&quot;https:\\\/\\\/moncompte.actu.fr&quot;,&quot;category&quot;:&quot;mon compte&quot;,&quot;from&quot;:&quot;article footer&quot;,&quot;name&quot;:&quot;Mon actu&quot;,&quot;type&quot;:&quot;cta&quot;}}\" target=\"_blank\">Mon Actu<\/a>.<\/p>\n<ul class=\"ac-article-tag wall-content\">\n<li><a href=\"https:\/\/actu.fr\/tag\/tour-de-france\" data-trk=\"{&quot;cta&quot;:{&quot;action&quot;:&quot;Tour de France&quot;,&quot;category&quot;:&quot;tag&quot;,&quot;from&quot;:&quot;article footer&quot;,&quot;name&quot;:&quot;Tour de France&quot;,&quot;type&quot;:&quot;cta&quot;}}\" rel=\"nofollow noopener\" target=\"_blank\">#Tour de France<\/a><\/li>\n<li><a href=\"https:\/\/actu.fr\/tag\/tour-de-france-2025\" data-trk=\"{&quot;cta&quot;:{&quot;action&quot;:&quot;Tour de France 2025&quot;,&quot;category&quot;:&quot;tag&quot;,&quot;from&quot;:&quot;article footer&quot;,&quot;name&quot;:&quot;Tour de France 2025&quot;,&quot;type&quot;:&quot;cta&quot;}}\" rel=\"nofollow noopener\" target=\"_blank\">#Tour de France 2025<\/a><\/li>\n<\/ul>\n<p>                    <script async src=\"\/\/www.tiktok.com\/embed.js\"><\/script><\/p>\n","protected":false},"excerpt":{"rendered":"Par Fabien Massin Publi\u00e9 le 26 juin 2025 \u00e0 11h16 \u00c9v\u00e9nement sportif majeur, le Tour de France est&hellip;\n","protected":false},"author":2,"featured_media":205563,"comment_status":"","ping_status":"","sticky":false,"template":"","format":"standard","meta":{"footnotes":""},"categories":[9587],"tags":[1111,11,207,1777,674,1011,27,12,5161,25,9590,60,210,2116],"class_list":{"0":"post-205562","1":"post","2":"type-post","3":"status-publish","4":"format-standard","5":"has-post-thumbnail","7":"category-rouen","8":"tag-actu","9":"tag-actualites","10":"tag-cyclisme","11":"tag-eu","12":"tag-europe","13":"tag-fr","14":"tag-france","15":"tag-news","16":"tag-normandie","17":"tag-republique-francaise","18":"tag-rouen","19":"tag-sports","20":"tag-tour-de-france","21":"tag-tour-de-france-2025"},"share_on_mastodon":{"url":"https:\/\/pubeurope.com\/@fr\/114749193778774495","error":""},"_links":{"self":[{"href":"https:\/\/www.europesays.com\/fr\/wp-json\/wp\/v2\/posts\/205562","targetHints":{"allow":["GET"]}}],"collection":[{"href":"https:\/\/www.europesays.com\/fr\/wp-json\/wp\/v2\/posts"}],"about":[{"href":"https:\/\/www.europesays.com\/fr\/wp-json\/wp\/v2\/types\/post"}],"author":[{"embeddable":true,"href":"https:\/\/www.europesays.com\/fr\/wp-json\/wp\/v2\/users\/2"}],"replies":[{"embeddable":true,"href":"https:\/\/www.europesays.com\/fr\/wp-json\/wp\/v2\/comments?post=205562"}],"version-history":[{"count":0,"href":"https:\/\/www.europesays.com\/fr\/wp-json\/wp\/v2\/posts\/205562\/revisions"}],"wp:featuredmedia":[{"embeddable":true,"href":"https:\/\/www.europesays.com\/fr\/wp-json\/wp\/v2\/media\/205563"}],"wp:attachment":[{"href":"https:\/\/www.europesays.com\/fr\/wp-json\/wp\/v2\/media?parent=205562"}],"wp:term":[{"taxonomy":"category","embeddable":true,"href":"https:\/\/www.europesays.com\/fr\/wp-json\/wp\/v2\/categories?post=205562"},{"taxonomy":"post_tag","embeddable":true,"href":"https:\/\/www.europesays.com\/fr\/wp-json\/wp\/v2\/tags?post=205562"}],"curies":[{"name":"wp","href":"https:\/\/api.w.org\/{rel}","templated":true}]}}