{"id":205568,"date":"2025-06-26T10:30:15","date_gmt":"2025-06-26T10:30:15","guid":{"rendered":"https:\/\/www.europesays.com\/fr\/205568\/"},"modified":"2025-06-26T10:30:15","modified_gmt":"2025-06-26T10:30:15","slug":"decathlon-va-ouvrir-un-nouveau-magasin-dans-le-centre-ville-de-rennes-voici-ou-exactement","status":"publish","type":"post","link":"https:\/\/www.europesays.com\/fr\/205568\/","title":{"rendered":"Decathlon va ouvrir un nouveau magasin dans le centre-ville de Rennes : voici o\u00f9 exactement"},"content":{"rendered":"<p>            Par<br \/>\n        <strong><br \/>\n            <a href=\"https:\/\/actu.fr\/auteur\/brian-legoff\" title=\"Consulter tous les articles de Brian Le Goff\" rel=\"nofollow noopener\" target=\"_blank\">Brian Le Goff<\/a><br \/>\n        <\/strong><\/p>\n<p>        Publi\u00e9 le<\/p>\n<p>            26 juin 2025 \u00e0 11h24        <\/p>\n<p>INFO ACTU RENNES. <strong>Bonne nouvelle<\/strong> pour les sportifs(ves) rennais(es). <a href=\"https:\/\/actu.fr\/tag\/decathlon\" rel=\"nofollow noopener\" target=\"_blank\">Decathlon<\/a> va bient\u00f4t s\u2019installer dans le centre-ville de Rennes <strong>avec son concept de magasin nomm\u00e9 \u00ab\u2009City\u2009\u00bb,<\/strong> indique l\u2019enseigne \u00e0 <a href=\"https:\/\/actu.fr\/rennes\/\" rel=\"nofollow noopener\" target=\"_blank\">actu Rennes<\/a>, confirmant une information du <a href=\"https:\/\/www.letelegramme.fr\/ille-et-vilaine\/rennes-35000\/ca-va-etre-fou-decathlon-debarque-dans-le-centre-ville-de-rennes-6838608.php\" rel=\"nofollow noopener\" target=\"_blank\">T\u00e9l\u00e9gramme<\/a>.<\/p>\n<blockquote class=\"ac-article-quote wall-content\">\n<p>L&rsquo;ouverture aura lieu avant la fin de l&rsquo;ann\u00e9e.<\/p>\n<p>    <strong>Decathlon<\/strong>\n            <\/p><\/blockquote>\n<p class=\" wall-content\">Si la marque ne souhaite, pour l\u2019heure, <strong>d\u00e9voiler aucune information suppl\u00e9mentaire<\/strong>, la r\u00e9daction conna\u00eet l\u2019emplacement du futur magasin.<\/p>\n<p>Il va remplacer une boutique qui dispara\u00eet<\/p>\n<p class=\" wall-content\">Selon nos informations, r\u00e9colt\u00e9es aupr\u00e8s de plusieurs sources concordantes, ce Decathlon City, qui sera le <strong>4\u1d49 point de vente dans la m\u00e9tropole,<\/strong> apr\u00e8s les magasins \u00e0 Chantepie et Betton, puis le concept \u00ab\u2009Essentiel\u2009\u00bb \u00e0 Saint-Gr\u00e9goire, <strong>va remplacer le magasin Hope, rue Le Bastard, <\/strong>non loin de la place de la Mairie.<\/p>\n<p class=\" wall-content\">En effet, le magasin d\u2019articles f\u00e9minins va fermer d\u2019ici \u00e0 la fin de l\u2019\u00e9t\u00e9 \u2013 la raison n\u2019est pas qu\u2019\u00e9conomique, a-t-on appris aupr\u00e8s de certains interlocuteurs, \u2013 et laissera donc sa place \u00e0 cette<strong> nouvelle locomotive commerciale du centre-ville<\/strong> de la capitale bretonne.<\/p>\n<p>    <img   decoding=\"async\" loading=\"lazy\" src=\"https:\/\/www.europesays.com\/fr\/wp-content\/uploads\/2025\/06\/magasin-hope-rennes-decathlon-city-rue-le-bastard-960x640.jpg\" alt=\"xxx\" width=\"960\" height=\"640\"\/><br \/>\n    Le magasin Hope, rue Le Bastard, accueillera le futur Decathlon City, \u00e0 Rennes. (\u00a9 Laur\u00e8ne Fertin \u2013 actu Rennes)Quid du Palais de commerce\u2009?<\/p>\n<p class=\" wall-content\">Il avait \u00e9t\u00e9 \u00e9galement \u00e9voqu\u00e9 l\u2019implantation d\u2019un magasin d\u2019articles de sport Decathlon au sein du futur Palais du commerce, en passe d\u2019\u00eatre r\u00e9habilit\u00e9.<\/p>\n<p class=\" wall-content\">Sollicit\u00e9 par actu Rennes, le groupe La Poste, qui travaille avec l\u2019investisseur immobilier Frey sur ce futur chantier, explique n\u2019avoir <strong>\u00ab\u2009pas connaissance des commerces qui int\u00e9greront le projet de r\u00e9habilitation du Palais du commerce <\/strong>[\u2026] Les \u00e9tudes et discussions se poursuivent en vue de faire aboutir ce projet.\u2009\u00bb De ce c\u00f4t\u00e9, rien n\u2019est encore d\u00e9cid\u00e9, donc.<\/p>\n<p class=\" wall-content\">Suivez toute l\u2019actualit\u00e9 de vos villes et m\u00e9dias favoris en vous inscrivant \u00e0 <a href=\"https:\/\/moncompte.actu.fr\" title=\"D\u00e9couvez Mon Actu\" rel=\"nofollow noopener\" data-trk=\"{&quot;cta&quot;:{&quot;action&quot;:&quot;https:\\\/\\\/moncompte.actu.fr&quot;,&quot;category&quot;:&quot;mon compte&quot;,&quot;from&quot;:&quot;article footer&quot;,&quot;name&quot;:&quot;Mon actu&quot;,&quot;type&quot;:&quot;cta&quot;}}\" target=\"_blank\">Mon Actu<\/a>.<\/p>\n","protected":false},"excerpt":{"rendered":"Par Brian Le Goff Publi\u00e9 le 26 juin 2025 \u00e0 11h24 INFO ACTU RENNES. Bonne nouvelle pour les&hellip;\n","protected":false},"author":2,"featured_media":205569,"comment_status":"","ping_status":"","sticky":false,"template":"","format":"standard","meta":{"footnotes":""},"categories":[2821],"tags":[1111,11,829,7200,33,1777,674,1011,27,12,584,25,517],"class_list":{"0":"post-205568","1":"post","2":"type-post","3":"status-publish","4":"format-standard","5":"has-post-thumbnail","7":"category-rennes","8":"tag-actu","9":"tag-actualites","10":"tag-bretagne","11":"tag-decathlon","12":"tag-economie","13":"tag-eu","14":"tag-europe","15":"tag-fr","16":"tag-france","17":"tag-news","18":"tag-rennes","19":"tag-republique-francaise","20":"tag-sport"},"share_on_mastodon":{"url":"https:\/\/pubeurope.com\/@fr\/114749205963981609","error":""},"_links":{"self":[{"href":"https:\/\/www.europesays.com\/fr\/wp-json\/wp\/v2\/posts\/205568","targetHints":{"allow":["GET"]}}],"collection":[{"href":"https:\/\/www.europesays.com\/fr\/wp-json\/wp\/v2\/posts"}],"about":[{"href":"https:\/\/www.europesays.com\/fr\/wp-json\/wp\/v2\/types\/post"}],"author":[{"embeddable":true,"href":"https:\/\/www.europesays.com\/fr\/wp-json\/wp\/v2\/users\/2"}],"replies":[{"embeddable":true,"href":"https:\/\/www.europesays.com\/fr\/wp-json\/wp\/v2\/comments?post=205568"}],"version-history":[{"count":0,"href":"https:\/\/www.europesays.com\/fr\/wp-json\/wp\/v2\/posts\/205568\/revisions"}],"wp:featuredmedia":[{"embeddable":true,"href":"https:\/\/www.europesays.com\/fr\/wp-json\/wp\/v2\/media\/205569"}],"wp:attachment":[{"href":"https:\/\/www.europesays.com\/fr\/wp-json\/wp\/v2\/media?parent=205568"}],"wp:term":[{"taxonomy":"category","embeddable":true,"href":"https:\/\/www.europesays.com\/fr\/wp-json\/wp\/v2\/categories?post=205568"},{"taxonomy":"post_tag","embeddable":true,"href":"https:\/\/www.europesays.com\/fr\/wp-json\/wp\/v2\/tags?post=205568"}],"curies":[{"name":"wp","href":"https:\/\/api.w.org\/{rel}","templated":true}]}}