{"id":205572,"date":"2025-06-26T10:32:23","date_gmt":"2025-06-26T10:32:23","guid":{"rendered":"https:\/\/www.europesays.com\/fr\/205572\/"},"modified":"2025-06-26T10:32:23","modified_gmt":"2025-06-26T10:32:23","slug":"strasbourg-la-police-bas-rhinoise-recrute-localement-50-policiers-adjoints","status":"publish","type":"post","link":"https:\/\/www.europesays.com\/fr\/205572\/","title":{"rendered":"Strasbourg. La police bas-rhinoise recrute localement 50 policiers adjoints"},"content":{"rendered":"<p>C\u2019est une premi\u00e8re\u00a0: le recrutement en cours de policiers adjoints (ex-ADS) est d\u00e9partementalis\u00e9 et se d\u00e9roulera localement \u00e0 Strasbourg. Le capitaine Laurent Marcel, chef du service d\u00e9partemental du recrutement et de la formation, a \u00e9t\u00e9 charg\u00e9 de son organisation par Jean Hayet, directeur interd\u00e9partemental de la police nationale (DIPN) du Bas-Rhin. Les personnes int\u00e9ress\u00e9es peuvent s\u2019inscrire jusqu\u2019au 1er\u00a0ao\u00fbt.<\/p>\n<p>\u00ab\u00a0Concr\u00e8tement, ce sont 50 jeunes \u2013 \u00e2g\u00e9s de 18 \u00e0 30 ans et de nationalit\u00e9 fran\u00e7aise \u2013 \u00e0 qui on propose un m\u00e9tier, sans aucune condition de dipl\u00f4me\u00a0\u00bb, promeut le capitaine Marcel.<\/p>\n<p>\u00ab\u00a0Il est rare de disposer de 50 postes budg\u00e9taires. C\u2019est une vraie opportunit\u00e9 pour les jeunes qui veulent entrer dans notre institution, insiste Jean Hayet. En plus, ils sont certains de travailler dans le Bas-Rhin, avec une affectation au premier semestre 2026 \u00e0 Strasbourg, Haguenau ou S\u00e9lestat\u00a0\u00bb en fonction de leur domiciliation.<\/p>\n<p>\u00ab\u00a0On recherche des femmes et des hommes motiv\u00e9s, bien dans leur t\u00eate, qui ont envie de faire ce m\u00e9tier, d\u2019\u00eatre au contact des gens, d\u2019aider et de porter assistance \u00e0 leurs concitoyens. La police est un m\u00e9tier d\u2019engagement. Les policiers adjoints font de la voie publique et sont toujours accompagn\u00e9s d\u2019un titulaire. \u00ab\u00a0Ce sont des policiers \u00e0 part enti\u00e8re\u00a0\u00bb, clarifie Jean Hayet.<\/p>\n<p>  Une entr\u00e9e \u00e0 l\u2019\u00e9cole\u00a0d\u00e8s la fin de l\u2019ann\u00e9e<\/p>\n<p>\u00ab\u00a0C\u2019est un m\u00e9tier de l\u2019humain o\u00f9 l\u2019on bosse en \u00e9quipe\u00a0\u00bb, poursuit le responsable de la formation. L\u2019ex-chef de l\u2019unit\u00e9 des m\u0153urs rappelle au passage l\u2019\u00e9tendue des m\u00e9tiers possibles\u00a0: \u00ab\u00a0La police aux fronti\u00e8res, la scientifique, la voie publique, l\u2019enqu\u00eate, le renseignement, la formation\u2026 et m\u00eame l\u2019international.\u00a0\u00bb<\/p>\n<p>En septembre, les pr\u00e9tendants seront soumis aux \u00e9preuves sportives\u00a0: du gainage et du cardio. Ceux qui n\u2019ont pas \u00e9t\u00e9 \u00e9limin\u00e9s soutiendront en suivant les \u00e9preuves \u00e9crites, dont un test psychotechnique, visant \u00e0 d\u00e9terminer la compatibilit\u00e9 avec le m\u00e9tier. Les candidats retenus passeront un oral devant un jury pour faire part de leur motivation \u00e0 porter l\u2019uniforme, courant octobre.<\/p>\n<p>Les re\u00e7us entreront \u00ab\u00a0d\u00e8s la fin d\u2019ann\u00e9e, dans l\u2019une des trois \u00e9coles de police, \u00e0 Sens, Reims ou Montb\u00e9liard. \u00ab\u00a0La scolarit\u00e9 dure quatre mois. Ils sont log\u00e9s gratuitement et per\u00e7oivent d\u2019embl\u00e9e un salaire 1\u00a0500\u00a0euros\u00a0\u00bb, d\u00e9taille Laurent Marcel.<\/p>\n<p>  Affectation \u00ab\u00a0en fonction de leur domiciliation\u00a0\u00bb<\/p>\n<p>Les policiers adjoints b\u00e9n\u00e9ficient \u00ab\u00a0d\u2019un contrat de deux fois trois ans. Ils peuvent passer en interne le concours de gardien de la paix au bout d\u2019un an, qui leur est plus favorable. Ils peuvent \u00e9galement d\u00e9noncer le contrat si le m\u00e9tier ne leur pla\u00eet pas, et l\u2019aventure se termine. En moyenne, 15\u00a0% ne restent pas. Et sur la totalit\u00e9 des policiers adjoints restants, 90\u00a0% r\u00e9ussissent le concours de gardien de la paix. On les accompagne pour la pr\u00e9paration des oraux, on les change d\u2019affectation avant le concours pour \u00e9largir leur panel.\u00a0\u00bb<\/p>\n<p>  Un \u00ab\u00a0stand recrutement\u00a0\u00bb, place d\u2019Austerlitz \u00e0\u00a0Strasbourg le 28\u00a0juin<\/p>\n<p>Et si quelques candidats potentiels h\u00e9sitent encore \u00e0 s\u2019engager, ils peuvent retrouver le capitaine Marcel et des policiers adjoints le 28\u00a0juin, place d\u2019Austerlitz \u00e0 Strasbourg, de 10\u00a0h \u00e0 18\u00a0h, pour \u00e9changer et faire part de toutes leurs interrogations.<\/p>\n<p class=\"note\">https:\/\/www.police-nationale.interieur.gouv.fr\/nous-rejoindre\/inscriptions-aux-concours-et-selections\/policier-adjoint-est-departement-du-bas-rhin<\/p>\n<p class=\"txt\">\u00ab\u00a0Il est rare de\u00a0disposer de\u00a050 postes budg\u00e9taires. C\u2019est une vraie opportunit\u00e9 pour les\u00a0jeunes.<\/p>\n<p> Capitaine Laurent Marcel <\/p>\n","protected":false},"excerpt":{"rendered":"C\u2019est une premi\u00e8re\u00a0: le recrutement en cours de policiers adjoints (ex-ADS) est d\u00e9partementalis\u00e9 et se d\u00e9roulera localement \u00e0&hellip;\n","protected":false},"author":2,"featured_media":205573,"comment_status":"","ping_status":"","sticky":false,"template":"","format":"standard","meta":{"footnotes":""},"categories":[2820],"tags":[1111,11,2389,2649,271,272,1777,674,274,107,1011,27,775,12,25,640],"class_list":{"0":"post-205572","1":"post","2":"type-post","3":"status-publish","4":"format-standard","5":"has-post-thumbnail","7":"category-strasbourg","8":"tag-actu","9":"tag-actualites","10":"tag-alsace","11":"tag-bas-rhin","12":"tag-crime","13":"tag-delit-et-contravention","14":"tag-eu","15":"tag-europe","16":"tag-faits-divers-justice","17":"tag-fil-info","18":"tag-fr","19":"tag-france","20":"tag-grand-est","21":"tag-news","22":"tag-republique-francaise","23":"tag-strasbourg"},"share_on_mastodon":{"url":"https:\/\/pubeurope.com\/@fr\/114749213509103921","error":""},"_links":{"self":[{"href":"https:\/\/www.europesays.com\/fr\/wp-json\/wp\/v2\/posts\/205572","targetHints":{"allow":["GET"]}}],"collection":[{"href":"https:\/\/www.europesays.com\/fr\/wp-json\/wp\/v2\/posts"}],"about":[{"href":"https:\/\/www.europesays.com\/fr\/wp-json\/wp\/v2\/types\/post"}],"author":[{"embeddable":true,"href":"https:\/\/www.europesays.com\/fr\/wp-json\/wp\/v2\/users\/2"}],"replies":[{"embeddable":true,"href":"https:\/\/www.europesays.com\/fr\/wp-json\/wp\/v2\/comments?post=205572"}],"version-history":[{"count":0,"href":"https:\/\/www.europesays.com\/fr\/wp-json\/wp\/v2\/posts\/205572\/revisions"}],"wp:featuredmedia":[{"embeddable":true,"href":"https:\/\/www.europesays.com\/fr\/wp-json\/wp\/v2\/media\/205573"}],"wp:attachment":[{"href":"https:\/\/www.europesays.com\/fr\/wp-json\/wp\/v2\/media?parent=205572"}],"wp:term":[{"taxonomy":"category","embeddable":true,"href":"https:\/\/www.europesays.com\/fr\/wp-json\/wp\/v2\/categories?post=205572"},{"taxonomy":"post_tag","embeddable":true,"href":"https:\/\/www.europesays.com\/fr\/wp-json\/wp\/v2\/tags?post=205572"}],"curies":[{"name":"wp","href":"https:\/\/api.w.org\/{rel}","templated":true}]}}