{"id":205581,"date":"2025-06-26T10:36:14","date_gmt":"2025-06-26T10:36:14","guid":{"rendered":"https:\/\/www.europesays.com\/fr\/205581\/"},"modified":"2025-06-26T10:36:14","modified_gmt":"2025-06-26T10:36:14","slug":"lautoroute-a11-va-etre-fermee-plusieurs-nuits-cet-ete","status":"publish","type":"post","link":"https:\/\/www.europesays.com\/fr\/205581\/","title":{"rendered":"l&rsquo;autoroute A11 va \u00eatre ferm\u00e9e plusieurs nuits cet \u00e9t\u00e9"},"content":{"rendered":"<p>            Par<br \/>\n        <strong><br \/>\n            <a href=\"https:\/\/actu.fr\/auteur\/thomas-bernard\" title=\"Consulter tous les articles de Thomas Bernard\" target=\"_blank\" rel=\"noopener\">Thomas Bernard<\/a><br \/>\n        <\/strong><\/p>\n<p>        Publi\u00e9 le<\/p>\n<p>            26 juin 2025 \u00e0 12h19<br \/>\n        ; mis \u00e0 jour le 26 juin 2025 \u00e0 12h20    <\/p>\n<p>Depuis le lundi 2\u00a0juin 2025, <a href=\"https:\/\/actu.fr\/pays-de-la-loire\/nantes_44109\/peripherique-de-nantes-des-fermetures-programmees-sur-plusieurs-jours_62706863.html\" target=\"_blank\" rel=\"noopener\">Vinci Autoroutes entreprend des travaux\u00a0renforcement de la buse hydraulique<\/a> assurant le franchissement du cours d\u2019eau Le Gesvres sous l\u2019autoroute A11, au niveau de <a href=\"https:\/\/actu.fr\/pays-de-la-loire\/la-chapelle-sur-erdre_44035\" target=\"_blank\" rel=\"noopener\">La Chapelle-sur-Erdre<\/a> (Loire-Atlantique).<\/p>\n<p class=\" wall-content\">Ce jeudi 26\u00a0juin 2025, dans un communiqu\u00e9 transmis \u00e0 <a href=\"https:\/\/actu.fr\/nantes\/\" target=\"_blank\" rel=\"noopener\">actu Nantes<\/a>, Vinci Autoroutes annonce de <strong>nouvelles fermetures nocturnes de l\u2019autoroute A11 au niveau de la porte de Gesvres<\/strong>.<\/p>\n<p>La circulation pendant les travaux<\/p>\n<p class=\" wall-content\">Les nouvelles fermetures sont programm\u00e9es \u00e0 partir de la nuit du 1er\u00a0juillet 2025. Les conditions de circulation seront modifi\u00e9es\u2009:<\/p>\n<ul class=\" wall-content\">\n<li><strong>Les nuits du mardi\u00a01er, mercredi\u00a02 et jeudi 3\u00a0juillet, la nuit du mardi 8\u00a0juillet, les nuits du mardi\u00a022 et du mercredi 23\u00a0juillet 2025<\/strong>, de 20h30 \u00e0 5h45 le lendemain\u2009: fermeture de la bretelle Paris \/ La Beaujoire de l\u2019\u00e9changeur de Porte de Gesvres (n\u00b038) dans le sens Paris vers Nantes.<\/li>\n<li><strong>Les nuits du mardi\u00a022 et mercredi 23\u00a0juillet 2025<\/strong>, de 20h30 \u00e0 5h45 le lendemain\u2009: fermeture du p\u00e9riph\u00e9rique est en direction de Paris.<\/li>\n<\/ul>\n<p class=\" wall-content\">Suivez toute l\u2019actualit\u00e9 de vos villes et m\u00e9dias favoris en vous inscrivant \u00e0 <a href=\"https:\/\/moncompte.actu.fr\" title=\"D\u00e9couvez Mon Actu\" rel=\"nofollow noopener\" data-trk=\"{&quot;cta&quot;:{&quot;action&quot;:&quot;https:\\\/\\\/moncompte.actu.fr&quot;,&quot;category&quot;:&quot;mon compte&quot;,&quot;from&quot;:&quot;article footer&quot;,&quot;name&quot;:&quot;Mon actu&quot;,&quot;type&quot;:&quot;cta&quot;}}\" target=\"_blank\">Mon Actu<\/a>.<\/p>\n","protected":false},"excerpt":{"rendered":"Par Thomas Bernard Publi\u00e9 le 26 juin 2025 \u00e0 12h19 ; mis \u00e0 jour le 26 juin 2025&hellip;\n","protected":false},"author":2,"featured_media":205582,"comment_status":"","ping_status":"","sticky":false,"template":"","format":"standard","meta":{"footnotes":""},"categories":[2818],"tags":[1111,11,4012,3542,1777,674,1011,27,766,12,2636,25,104,2086],"class_list":{"0":"post-205581","1":"post","2":"type-post","3":"status-publish","4":"format-standard","5":"has-post-thumbnail","7":"category-nantes","8":"tag-actu","9":"tag-actualites","10":"tag-autoroute-11-a11","11":"tag-circulation","12":"tag-eu","13":"tag-europe","14":"tag-fr","15":"tag-france","16":"tag-nantes","17":"tag-news","18":"tag-pays-de-la-loire","19":"tag-republique-francaise","20":"tag-societe","21":"tag-travaux"},"share_on_mastodon":{"url":"https:\/\/pubeurope.com\/@fr\/114749229218420655","error":""},"_links":{"self":[{"href":"https:\/\/www.europesays.com\/fr\/wp-json\/wp\/v2\/posts\/205581","targetHints":{"allow":["GET"]}}],"collection":[{"href":"https:\/\/www.europesays.com\/fr\/wp-json\/wp\/v2\/posts"}],"about":[{"href":"https:\/\/www.europesays.com\/fr\/wp-json\/wp\/v2\/types\/post"}],"author":[{"embeddable":true,"href":"https:\/\/www.europesays.com\/fr\/wp-json\/wp\/v2\/users\/2"}],"replies":[{"embeddable":true,"href":"https:\/\/www.europesays.com\/fr\/wp-json\/wp\/v2\/comments?post=205581"}],"version-history":[{"count":0,"href":"https:\/\/www.europesays.com\/fr\/wp-json\/wp\/v2\/posts\/205581\/revisions"}],"wp:featuredmedia":[{"embeddable":true,"href":"https:\/\/www.europesays.com\/fr\/wp-json\/wp\/v2\/media\/205582"}],"wp:attachment":[{"href":"https:\/\/www.europesays.com\/fr\/wp-json\/wp\/v2\/media?parent=205581"}],"wp:term":[{"taxonomy":"category","embeddable":true,"href":"https:\/\/www.europesays.com\/fr\/wp-json\/wp\/v2\/categories?post=205581"},{"taxonomy":"post_tag","embeddable":true,"href":"https:\/\/www.europesays.com\/fr\/wp-json\/wp\/v2\/tags?post=205581"}],"curies":[{"name":"wp","href":"https:\/\/api.w.org\/{rel}","templated":true}]}}