{"id":205586,"date":"2025-06-26T10:39:09","date_gmt":"2025-06-26T10:39:09","guid":{"rendered":"https:\/\/www.europesays.com\/fr\/205586\/"},"modified":"2025-06-26T10:39:09","modified_gmt":"2025-06-26T10:39:09","slug":"a-bordeaux-le-port-center-ouvre-sur-les-bassins-a-flot","status":"publish","type":"post","link":"https:\/\/www.europesays.com\/fr\/205586\/","title":{"rendered":"A Bordeaux, le Port center ouvre sur les bassins \u00e0 flot"},"content":{"rendered":"<p>\n\t\t\t\t\t\t\t\t\tAu port center, on peut par exemple survoler les quais du port depuis Bordeaux \u00e0 travers un casque de r\u00e9alit\u00e9 virtuelle. Cr\u00e9dit : GR\n\t\t\t\t\t\t\t\t<\/p>\n<p>Une nouvelle entit\u00e9 du Port de Bordeaux ouvrira ses portes \u00e0 l&rsquo;automne, destin\u00e9e \u00e0 faire le lien entre le monde portuaire, l&rsquo;\u00e9conomie, l&rsquo;\u00e9ducation et la soci\u00e9t\u00e9. Les entreprises y d\u00e9couvriront le potentiel \u00e9conomique du port.<\/p>\n<p>Le projet \u00e9tait dans les cartons depuis plusieurs ann\u00e9es. Le<a href=\"https:\/\/www.placeco.fr\/gironde\/ecosysteme\/article\/nouveau-president-du-port-de-bordeaux-lindustrie-et-la-biodiversite-doivent-etre-alliees-au-profit-de-lhinterland-6181\" target=\"_blank\" rel=\"nofollow noopener\"> port de Bordeaux <\/a>vient d&rsquo;inaugurer son port center, install\u00e9 dans le Hangar G2 aux bassins \u00e0 flot et nomm\u00e9 Le Pavillon. Cette entit\u00e9, nouvelle \u00e0 Bordeaux mais qui existe d\u00e9j\u00e0 au Havre, Anvers, en Guadeloupe, en Afrique du Sud, aux Etats-Unis, etc., est destin\u00e9e \u00e0 cr\u00e9er des liens entre la ville et son port. \u00ab C&rsquo;est un sas entre la soci\u00e9t\u00e9 et le monde portuaire un peu ferm\u00e9 puisque la loi l&rsquo;exige et qu&rsquo;il y a les douanes, des marchandises, explique Philippe Dorthe, pr\u00e9sident du port center de Bordeaux. Il faut savoir que transporter les marchandises par bateau \u00e9vite 350.000 camions sur la route, maintient 9.000 emplois et g\u00e9n\u00e8re un 900 millions d&rsquo;euros dans l&rsquo;\u00e9conomie r\u00e9gionale. \u00bb   <\/p>\n<p>Mus\u00e9e, visites, m\u00e9tiers, \u00e9conomie  <\/p>\n<p>Ce port center se visite. Pour le moment, il se situe dans le Hangar G2 mais devrait prendre place, en 2028, dans un nouveau b\u00e2timent qui sera situ\u00e9 \u00e0 c\u00f4t\u00e9 de la base sous-marine. Il accueille le Mus\u00e9e d&rsquo;histoire maritime de Bordeaux qui retrace et explique le pass\u00e9 de Bordeaux en lien avec le commerce maritime. On peut, par un casque de r\u00e9alit\u00e9 virtuelle, survoler les quais et am\u00e9nagements du port. Les images ont \u00e9t\u00e9 prises r\u00e9cemment par drone pilot\u00e9 depuis un scooter des mers sur la Garonne et la Gironde.\u00a0<\/p>\n<p> \u00ab Avec ce port center, Bordeaux se place sur la carte du monde, a insist\u00e9 Olivier Escots, conseiller m\u00e9tropolitain et \u00e9lu bordelais sur l&rsquo;\u00e9conomie du fleuve. La M\u00e9tropole marque son int\u00e9r\u00eat pour participer \u00e0 la cr\u00e9ation de ce lieu car ce sont bien les liens de proximit\u00e9 qui sont au c\u0153ur de ce projet. \u00bb<\/p>\n<p style=\"margin-left: 25px;\">\u00c0 lire \u00e9galement &#8211;\u00a0Port de Bordeaux :<a href=\"https:\/\/www.placeco.fr\/gironde\/ecosysteme\/article\/port-de-bordeaux-la-transition-industrielle-nous-occupera-pour-les-30-prochaines-annees-7781\" target=\"_blank\" rel=\"nofollow noopener\"> \u00ab La transition industrielle nous occupera pour les 30 prochaines ann\u00e9es \u00bb<\/a><\/p>\n<p style=\"\">Le port center fait le lien entre le pass\u00e9 et le futur. Une autre partie d\u00e9taille l&rsquo;ambition du port \u00ab de demain \u00bb ax\u00e9 sur les sujets de <a href=\"https:\/\/www.placeco.fr\/gironde\/ecosysteme\/article\/port-de-bordeaux-la-transition-industrielle-nous-occupera-pour-les-30-prochaines-annees-7781\" target=\"_blank\" style=\"background-color: rgb(255, 255, 255); font-size: 1rem;\" rel=\"nofollow noopener\">d\u00e9carbonation<\/a>, de num\u00e9rique, d&rsquo;innovation technologique et d&rsquo;\u00e9nergie. \u00ab L&rsquo;activit\u00e9 d&rsquo;un port aujourd&rsquo;hui <a href=\"https:\/\/www.placeco.fr\/gironde\/ecosysteme\/article\/trafic-portuaire-a-bordeaux-une-annee-2024-en-demi-teinte-entre-croissance-et-defis-6955\" target=\"_blank\" rel=\"nofollow noopener\">ne se mesure plus au tonnage uniquement,<\/a> affirme Philippe Dorthe. Je pr\u00e9f\u00e8re que le port accueille trois bateaux de 1.000 tonnes de marchandises plut\u00f4t qu&rsquo;un de 3.000 tonnes, car \u00e7a fait travailler trois fois plus les m\u00e9tiers portuaires. D&rsquo;autre part, aujourd&rsquo;hui, le potentiel du Grand Port Maritime de Bordeaux, c&rsquo;est son immense foncier. La strat\u00e9gie de la direction consiste \u00e0 d\u00e9dier ce foncier aux entreprises d\u00e9di\u00e9es \u00e0 l&rsquo;\u00e9conomie vertueuse \u00bb. Ainsi, le port center continuera d&rsquo;accueillir des startups en lien avec le maritime.<\/p>\n<p>Les scolaires peuvent programmer des visites pour mieux conna\u00eetre les m\u00e9tiers du milieu portuaire. Les entreprises commencent d\u00e9j\u00e0 \u00e0 y organiser des \u00e9v\u00e9nements couplant une visite du mus\u00e9e, une du port center et un d\u00e9jeuner dans un restaurant des alentours.<\/p>\n<p>  Pour contacter Le Pavillon : <a href=\"https:\/\/www.placeco.fr\/nouvelle-aquitaine\/ecosysteme\/article\/mailto:communication@pavillon-bordeauxportcenter.fr\" target=\"_blank\" rel=\"nofollow noopener\">communication@pavillon-bordeauxportcenter.fr<\/a><br \/>Pour contacter le mus\u00e9e : 05.54.51.06.39     <\/p>\n","protected":false},"excerpt":{"rendered":"Au port center, on peut par exemple survoler les quais du port depuis Bordeaux \u00e0 travers un casque&hellip;\n","protected":false},"author":2,"featured_media":205587,"comment_status":"","ping_status":"","sticky":false,"template":"","format":"standard","meta":{"footnotes":""},"categories":[2817],"tags":[1111,11,1997,1777,674,1011,27,12,2219,5645,25],"class_list":{"0":"post-205586","1":"post","2":"type-post","3":"status-publish","4":"format-standard","5":"has-post-thumbnail","7":"category-bordeaux","8":"tag-actu","9":"tag-actualites","10":"tag-bordeaux","11":"tag-eu","12":"tag-europe","13":"tag-fr","14":"tag-france","15":"tag-news","16":"tag-nouvelle-aquitaine","17":"tag-placco-placeco","18":"tag-republique-francaise"},"share_on_mastodon":{"url":"https:\/\/pubeurope.com\/@fr\/114749241019646653","error":""},"_links":{"self":[{"href":"https:\/\/www.europesays.com\/fr\/wp-json\/wp\/v2\/posts\/205586","targetHints":{"allow":["GET"]}}],"collection":[{"href":"https:\/\/www.europesays.com\/fr\/wp-json\/wp\/v2\/posts"}],"about":[{"href":"https:\/\/www.europesays.com\/fr\/wp-json\/wp\/v2\/types\/post"}],"author":[{"embeddable":true,"href":"https:\/\/www.europesays.com\/fr\/wp-json\/wp\/v2\/users\/2"}],"replies":[{"embeddable":true,"href":"https:\/\/www.europesays.com\/fr\/wp-json\/wp\/v2\/comments?post=205586"}],"version-history":[{"count":0,"href":"https:\/\/www.europesays.com\/fr\/wp-json\/wp\/v2\/posts\/205586\/revisions"}],"wp:featuredmedia":[{"embeddable":true,"href":"https:\/\/www.europesays.com\/fr\/wp-json\/wp\/v2\/media\/205587"}],"wp:attachment":[{"href":"https:\/\/www.europesays.com\/fr\/wp-json\/wp\/v2\/media?parent=205586"}],"wp:term":[{"taxonomy":"category","embeddable":true,"href":"https:\/\/www.europesays.com\/fr\/wp-json\/wp\/v2\/categories?post=205586"},{"taxonomy":"post_tag","embeddable":true,"href":"https:\/\/www.europesays.com\/fr\/wp-json\/wp\/v2\/tags?post=205586"}],"curies":[{"name":"wp","href":"https:\/\/api.w.org\/{rel}","templated":true}]}}