{"id":205592,"date":"2025-06-26T10:42:12","date_gmt":"2025-06-26T10:42:12","guid":{"rendered":"https:\/\/www.europesays.com\/fr\/205592\/"},"modified":"2025-06-26T10:42:12","modified_gmt":"2025-06-26T10:42:12","slug":"la-fete-du-canal-revient-a-roubaix","status":"publish","type":"post","link":"https:\/\/www.europesays.com\/fr\/205592\/","title":{"rendered":"La F\u00eate du canal revient \u00e0 Roubaix"},"content":{"rendered":"<p data-start=\"774\" data-end=\"1065\">Dimanche 29 juin 2025, en plein c\u0153ur de l\u2019\u00e9t\u00e9, le canal de Roubaix devient le th\u00e9\u00e2tre d\u2019une journ\u00e9e festive et conviviale \u00e0 l\u2019occasion de la traditionnelle <strong data-start=\"930\" data-end=\"947\">F\u00eate du canal<\/strong>. Cette ann\u00e9e, l\u2019\u00e9v\u00e9nement prend une dimension particuli\u00e8re dans le cadre de l\u2019ann\u00e9e th\u00e9matique <strong data-start=\"1043\" data-end=\"1064\">\u00ab F\u00eate du monde \u00bb<\/strong>.<\/p>\n<p data-start=\"1067\" data-end=\"1326\">De <strong data-start=\"1070\" data-end=\"1086\">14h \u00e0 minuit<\/strong>, petits et grands sont invit\u00e9s \u00e0 d\u00e9ambuler le long du <strong data-start=\"1141\" data-end=\"1159\">quai de Calais<\/strong> pour profiter d\u2019une multitude <strong data-start=\"1190\" data-end=\"1216\">d\u2019animations gratuites<\/strong>, sur l\u2019eau comme sur la terre ferme. L\u2019ambiance promet d\u2019\u00eatre joyeuse, familiale et r\u00e9solument participative.<\/p>\n<p><strong data-start=\"1332\" data-end=\"1374\">Une apr\u00e8s-midi pleine de vie (14h\u201318h)<\/strong><\/p>\n<p data-start=\"1376\" data-end=\"1776\">Tout l\u2019apr\u00e8s-midi, le canal s\u2019anime avec des <strong data-start=\"1421\" data-end=\"1446\">initiations nautiques<\/strong> : <strong data-start=\"1449\" data-end=\"1484\">float tube, paddle, cano\u00eb-kayak<\/strong>, balades fluviales \u00e0 bord de la D\u00e9cid\u00e9e\u2026 Les amateurs de nature retrouveront aussi des <strong data-start=\"1572\" data-end=\"1608\">ateliers cr\u00e9atifs et \u00e9cologiques<\/strong>, comme la fresque collective de l\u2019Espace Crois\u00e9, les <strong data-start=\"1662\" data-end=\"1682\">bombes \u00e0 graines<\/strong> propos\u00e9es par Nature R\u00e9siliente, ou encore des d\u00e9couvertes ludiques avec le <strong data-start=\"1759\" data-end=\"1775\">Cyclo Nature<\/strong>.<\/p>\n<p data-start=\"1778\" data-end=\"2001\">Le public pourra \u00e9galement se faire maquiller naturellement gr\u00e2ce \u00e0 Tatiana Ross, tester des <strong data-start=\"1871\" data-end=\"1901\">jeux traditionnels en bois<\/strong> (Compagnie Sac \u00e0 d\u00e9s), et m\u00eame participer \u00e0 un <strong data-start=\"1949\" data-end=\"1967\">karaok\u00e9 mobile<\/strong> gr\u00e2ce au <strong data-start=\"1977\" data-end=\"2000\">Collectif La Girafe<\/strong>.<\/p>\n<p><strong data-start=\"2007\" data-end=\"2064\">Une soir\u00e9e f\u00e9\u00e9rique aux couleurs du Laos (18h\u2013minuit)<\/strong><\/p>\n<p data-start=\"2066\" data-end=\"2418\">\u00c0 la tomb\u00e9e de la nuit, place \u00e0 la <strong data-start=\"2101\" data-end=\"2122\">f\u00eate des lumi\u00e8res<\/strong> ! Imagin\u00e9e en partenariat avec l\u2019<strong data-start=\"2156\" data-end=\"2165\">ADACL<\/strong> (Association pour le D\u00e9veloppement Artistique et Culturel Lao), la soir\u00e9e prendra des airs de voyage gr\u00e2ce \u00e0 des <strong data-start=\"2279\" data-end=\"2300\">ateliers cr\u00e9atifs<\/strong>, des <strong data-start=\"2306\" data-end=\"2339\">initiations au graff nocturne<\/strong>, des <strong data-start=\"2345\" data-end=\"2378\">concerts de musique laotienne<\/strong> et une <strong data-start=\"2386\" data-end=\"2417\">restauration traditionnelle<\/strong>.<\/p>\n<p data-start=\"2420\" data-end=\"2628\">Le clou du spectacle : la <strong data-start=\"2446\" data-end=\"2474\">mise en lumi\u00e8re du canal<\/strong>, avec <strong data-start=\"2481\" data-end=\"2513\">illuminations sur les berges<\/strong> et <strong data-start=\"2517\" data-end=\"2541\">lanternes flottantes<\/strong> qui viendront doucement faire scintiller l\u2019eau, pour une ambiance magique et po\u00e9tique.<\/p>\n<p><strong data-start=\"2634\" data-end=\"2653\">Infos pratiques<\/strong><\/p>\n<ul data-start=\"2654\" data-end=\"2850\">\n<li data-start=\"2654\" data-end=\"2687\">\n<p data-start=\"2656\" data-end=\"2687\">\ud83d\udccd <strong data-start=\"2659\" data-end=\"2687\">Quai de Calais \u2013 Roubaix<\/strong><\/p>\n<\/li>\n<li data-start=\"2688\" data-end=\"2718\">\n<p data-start=\"2690\" data-end=\"2718\">\ud83d\uddd3 <strong data-start=\"2693\" data-end=\"2718\">Dimanche 29 juin 2025<\/strong><\/p>\n<\/li>\n<li data-start=\"2719\" data-end=\"2771\">\n<p data-start=\"2721\" data-end=\"2771\">\ud83d\udd51 <strong data-start=\"2724\" data-end=\"2771\">De 14h \u00e0 18h : animations, ateliers et jeux<\/strong><\/p>\n<\/li>\n<li data-start=\"2772\" data-end=\"2816\">\n<p data-start=\"2774\" data-end=\"2816\">\ud83c\udf19 <strong data-start=\"2777\" data-end=\"2816\">De 18h \u00e0 minuit : f\u00eate des lumi\u00e8res<\/strong><\/p>\n<\/li>\n<li data-start=\"2817\" data-end=\"2850\">\n<p data-start=\"2819\" data-end=\"2850\">\ud83c\udf9f <strong data-start=\"2822\" data-end=\"2850\">Entr\u00e9e libre et gratuite<\/strong><\/p>\n<\/li>\n<\/ul>\n","protected":false},"excerpt":{"rendered":"Dimanche 29 juin 2025, en plein c\u0153ur de l\u2019\u00e9t\u00e9, le canal de Roubaix devient le th\u00e9\u00e2tre d\u2019une journ\u00e9e&hellip;\n","protected":false},"author":2,"featured_media":205593,"comment_status":"","ping_status":"","sticky":false,"template":"","format":"standard","meta":{"footnotes":""},"categories":[2815],"tags":[1111,11,34438,1777,674,4768,1011,27,811,1307,12,25],"class_list":{"0":"post-205592","1":"post","2":"type-post","3":"status-publish","4":"format-standard","5":"has-post-thumbnail","7":"category-lille","8":"tag-actu","9":"tag-actualites","10":"tag-canal-de-roubaix","11":"tag-eu","12":"tag-europe","13":"tag-fete","14":"tag-fr","15":"tag-france","16":"tag-hauts-de-france","17":"tag-lille","18":"tag-news","19":"tag-republique-francaise"},"share_on_mastodon":{"url":"https:\/\/pubeurope.com\/@fr\/114749252986160418","error":""},"_links":{"self":[{"href":"https:\/\/www.europesays.com\/fr\/wp-json\/wp\/v2\/posts\/205592","targetHints":{"allow":["GET"]}}],"collection":[{"href":"https:\/\/www.europesays.com\/fr\/wp-json\/wp\/v2\/posts"}],"about":[{"href":"https:\/\/www.europesays.com\/fr\/wp-json\/wp\/v2\/types\/post"}],"author":[{"embeddable":true,"href":"https:\/\/www.europesays.com\/fr\/wp-json\/wp\/v2\/users\/2"}],"replies":[{"embeddable":true,"href":"https:\/\/www.europesays.com\/fr\/wp-json\/wp\/v2\/comments?post=205592"}],"version-history":[{"count":0,"href":"https:\/\/www.europesays.com\/fr\/wp-json\/wp\/v2\/posts\/205592\/revisions"}],"wp:featuredmedia":[{"embeddable":true,"href":"https:\/\/www.europesays.com\/fr\/wp-json\/wp\/v2\/media\/205593"}],"wp:attachment":[{"href":"https:\/\/www.europesays.com\/fr\/wp-json\/wp\/v2\/media?parent=205592"}],"wp:term":[{"taxonomy":"category","embeddable":true,"href":"https:\/\/www.europesays.com\/fr\/wp-json\/wp\/v2\/categories?post=205592"},{"taxonomy":"post_tag","embeddable":true,"href":"https:\/\/www.europesays.com\/fr\/wp-json\/wp\/v2\/tags?post=205592"}],"curies":[{"name":"wp","href":"https:\/\/api.w.org\/{rel}","templated":true}]}}