{"id":205596,"date":"2025-06-26T10:44:09","date_gmt":"2025-06-26T10:44:09","guid":{"rendered":"https:\/\/www.europesays.com\/fr\/205596\/"},"modified":"2025-06-26T10:44:09","modified_gmt":"2025-06-26T10:44:09","slug":"la-reservation-pour-acceder-aux-calanques-devient-obligatoire-a-partir-de-samedi-2","status":"publish","type":"post","link":"https:\/\/www.europesays.com\/fr\/205596\/","title":{"rendered":"La r\u00e9servation pour acc\u00e9der aux calanques devient obligatoire \u00e0 partir de samedi"},"content":{"rendered":"<p>Maillot de bain, cr\u00e8me solaire et QR code. A partir de samedi, et jusqu\u2019au 31\u00a0ao\u00fbt, la <a href=\"https:\/\/www.20minutes.fr\/societe\/4012557-20221130-marseille-acces-reservation-calanque-sugiton-prolonge-cinq\" class=\"color-ultramarine c-link\" target=\"_blank\" rel=\"noopener\">r\u00e9servation sera obligatoire<\/a> tous les jours pour acc\u00e9der aux <a href=\"https:\/\/www.20minutes.fr\/dossier\/calanques\" class=\"color-ultramarine c-link\" target=\"_blank\" rel=\"noopener\">calanques<\/a> de Sugiton et des Pierres Tomb\u00e9es, \u00e0 <a href=\"https:\/\/www.20minutes.fr\/marseille\/\" class=\"color-ultramarine c-link\" target=\"_blank\" rel=\"noopener\">Marseille<\/a>. Le dispositif, d\u00e9j\u00e0 en vigueur sur le week-end dernier, permet de limiter l\u2019acc\u00e8s \u00e0 400 personnes par jour dans cet espace naturel.<\/p>\n<p>La r\u00e9servation pour la journ\u00e9e, possible jusqu\u2019\u00e0 cinq personnes, est gratuite et s\u2019effectue en ligne. \u00ab\u00a0Il est possible de r\u00e9server 3 jours avant le jour de sa visite et jusqu\u2019\u00e0 18\u00a0heures la veille du jour de la visite\u00a0\u00bb, pr\u00e9cise le Parc national des calanques sur son site Internet.<\/p>\n<p>Il faut cependant \u00eatre vif\u00a0: en haute saison, les places partent vite, notamment celles pour le week-end. Les heureux \u00e9lus recevront un QR code \u00e0 pr\u00e9senter en fond de calanque pour y acc\u00e9der. Sans ce s\u00e9same, pas de rando ni de baignade.<\/p>\n<p>Prot\u00e9ger la pin\u00e8de<\/p>\n<p>La <a href=\"https:\/\/www.20minutes.fr\/planete\/3315623-20220626-marseille-calme-visiteurs-redecouvrent-calanque-sugiton-sous-quota\" class=\"color-ultramarine c-link\" target=\"_blank\" rel=\"noopener\">jauge a \u00e9t\u00e9 mise en place en\u00a02022 <\/a>pour prot\u00e9ger l\u2019espace naturel de la surfr\u00e9quentation. Avant cette d\u00e9cision, des pics jusqu\u2019\u00e0 2.500 visiteurs par jour ont \u00e9t\u00e9 observ\u00e9s, rappelle le Parc national des calanques sur son site Internet, acc\u00e9l\u00e9rant l\u2019\u00e9rosion et mena\u00e7ant la pin\u00e8de.<\/p>\n<p>La mesure a \u00e9t\u00e9 reconduite jusqu\u2019en\u00a02027, tandis que ses b\u00e9n\u00e9fices sont \u00e9valu\u00e9s par des scientifiques.<\/p>\n","protected":false},"excerpt":{"rendered":"Maillot de bain, cr\u00e8me solaire et QR code. A partir de samedi, et jusqu\u2019au 31\u00a0ao\u00fbt, la r\u00e9servation sera&hellip;\n","protected":false},"author":2,"featured_media":205597,"comment_status":"","ping_status":"","sticky":false,"template":"","format":"standard","meta":{"footnotes":""},"categories":[2814],"tags":[1111,47,11,885,1182,2883,1777,674,1011,27,884,12,883,882,25,602],"class_list":{"0":"post-205596","1":"post","2":"type-post","3":"status-publish","4":"format-standard","5":"has-post-thumbnail","7":"category-marseille","8":"tag-actu","9":"tag-actualite","10":"tag-actualites","11":"tag-bouches-du-rhone","12":"tag-calanques","13":"tag-ete","14":"tag-eu","15":"tag-europe","16":"tag-fr","17":"tag-france","18":"tag-marseille","19":"tag-news","20":"tag-paca","21":"tag-provence-alpes-cote-dazur","22":"tag-republique-francaise","23":"tag-tourisme"},"share_on_mastodon":{"url":"https:\/\/pubeurope.com\/@fr\/114749261192658093","error":""},"_links":{"self":[{"href":"https:\/\/www.europesays.com\/fr\/wp-json\/wp\/v2\/posts\/205596","targetHints":{"allow":["GET"]}}],"collection":[{"href":"https:\/\/www.europesays.com\/fr\/wp-json\/wp\/v2\/posts"}],"about":[{"href":"https:\/\/www.europesays.com\/fr\/wp-json\/wp\/v2\/types\/post"}],"author":[{"embeddable":true,"href":"https:\/\/www.europesays.com\/fr\/wp-json\/wp\/v2\/users\/2"}],"replies":[{"embeddable":true,"href":"https:\/\/www.europesays.com\/fr\/wp-json\/wp\/v2\/comments?post=205596"}],"version-history":[{"count":0,"href":"https:\/\/www.europesays.com\/fr\/wp-json\/wp\/v2\/posts\/205596\/revisions"}],"wp:featuredmedia":[{"embeddable":true,"href":"https:\/\/www.europesays.com\/fr\/wp-json\/wp\/v2\/media\/205597"}],"wp:attachment":[{"href":"https:\/\/www.europesays.com\/fr\/wp-json\/wp\/v2\/media?parent=205596"}],"wp:term":[{"taxonomy":"category","embeddable":true,"href":"https:\/\/www.europesays.com\/fr\/wp-json\/wp\/v2\/categories?post=205596"},{"taxonomy":"post_tag","embeddable":true,"href":"https:\/\/www.europesays.com\/fr\/wp-json\/wp\/v2\/tags?post=205596"}],"curies":[{"name":"wp","href":"https:\/\/api.w.org\/{rel}","templated":true}]}}