{"id":20560,"date":"2025-04-12T20:50:15","date_gmt":"2025-04-12T20:50:15","guid":{"rendered":"https:\/\/www.europesays.com\/fr\/20560\/"},"modified":"2025-04-12T20:50:15","modified_gmt":"2025-04-12T20:50:15","slug":"voiron-fresque-hommage-a-pierre-ruibet-regardez-la-prendre-forme-avec-notre-diaporama-le-dauphine-libere","status":"publish","type":"post","link":"https:\/\/www.europesays.com\/fr\/20560\/","title":{"rendered":"Voiron. Fresque hommage \u00e0 Pierre Ruibet : regardez-la prendre forme avec notre diaporama ! &#8211; Le Dauphin\u00e9 Lib\u00e9r\u00e9"},"content":{"rendered":"<ol>\n<li><a href=\"https:\/\/news.google.com\/rss\/articles\/CBMi3gFBVV95cUxPN3FydjNSSGZwamhiNmRtQVVQNTk4QWhOc09FLUJoTXM4a09NRTZ5SE1meEFUZzc0WFFNeHpmVDlpRTRnOFlBYjJGY0dXTXlhUFNNSGFjbFZDeWt2N053dEgtc3EyYkNGTWZBT0tFQk9ZZEJFSjZzVHhRaG5aTG5scEJrRW1ZWW9fNm5SOXZ1YkIwazBRcThXcWRHVWgxU0xwX2U5cE9rdm8zczItTW5xQk02SWRPejlsY09EYWZZMGt6TmRLZk9IMnlHN2xvMm53T0w0REtLOTZUeGdSelE?oc=5\" target=\"_blank\" rel=\"noopener\">Voiron. Fresque hommage \u00e0 Pierre Ruibet : regardez-la prendre forme avec notre diaporama !<\/a>&nbsp;&nbsp;Le Dauphin\u00e9 Lib\u00e9r\u00e9<\/li>\n<li><a href=\"https:\/\/news.google.com\/rss\/articles\/CBMi0gFBVV95cUxNWEFuV2hkOXlMZ3RUOVFDUzBOU1VnUlhrVjlXS21JUDRYVEw2UmVRSHpEWV9BUy1hZklEa2Jnc05NODBrS2pySFJBcXRLZUI2WVZ6OXlHdUctRFFKOEZIV0NQTUtiY3ladWpRQ0RkSWhHLWExazZwYjJyMWdPMjZ3ZDdSaHltTHpwWGNXdTRqSXA0OVR2MmZwazdYcFNzMFRvLWxQbm1XWnd3b01jQWFyX3R4LWxiMDBXUllaM0lkOFBSZUhhUkpHMGNtSXRxei1EUmc?oc=5\" target=\"_blank\" rel=\"noopener\">Voiron. Street art : bient\u00f4t une nouvelle fresque sur un h\u00e9ros de la R\u00e9sistance<\/a>&nbsp;&nbsp;Le Dauphin\u00e9 Lib\u00e9r\u00e9<\/li>\n<li><a href=\"https:\/\/news.google.com\/rss\/articles\/CBMixAFBVV95cUxQWHlfSEhKQlVPZGZZX0hKcE5QS0w4M2pKQjJKNGpNNTVUdS05eVFrbXpWV3hZMTZWNkpHY1N1U3c1dnJuR1BNQml3SDBGYlE4clVpVHBXRlNPNVVzVUo5aXF5dU1YVjlHTEdSbkQxSEZtZVBWQzBzelNPdUNHSTZGT0tDZF9nZUxNclh3RVRaYkNIWTJNUTNaOGE5NElXXzYzS3ZpQ1lad1p0Q1ZTVV9DNFZsd0tnczU4dFo1ajRSQmVwRzF2?oc=5\" target=\"_blank\" rel=\"noopener\">Voiron. Fresque : un hommage \u00e0 Pierre Ruibet, \u00ab symbole fort de la ville \u00bb<\/a>&nbsp;&nbsp;Le Dauphin\u00e9 Lib\u00e9r\u00e9<\/li>\n<li><a href=\"https:\/\/news.google.com\/rss\/articles\/CBMi7wFBVV95cUxOQ3Z2dW1XR3N3ekVUaERFenZmNGhHd3ljaFZNcmlLWWFRSUdLS0tPZjQ0TGNxQm02SzBHVmJ1RzJnS3pDdGdsTzlCb3owMENSajE5Q0twSVFiWGh1Q0RTWjdUWVZOTnBDQl9iRVV0WGhfS0sxM3JSMi0tZ2M3ZXJlTC1FUnNERlJIamxUc3RFN29kSldHNExDMEZrTV9UNTBFVnREZTlHbHdMODB6Qm15VHl4aklhN25MQ2JsWmRUd0FWNkZlZGJULXMwMUx4blIzb1AwZkx4dmpQYmdtRlhpczJYSy1IRzJ5VWctRVE0Zw?oc=5\" target=\"_blank\" rel=\"noopener\">Voiron. Street art : l\u2019artiste Poze \u00e0 l\u2019\u0153uvre pour une fresque en hommage au r\u00e9sistant Pierre Ruibet<\/a>&nbsp;&nbsp;Le Dauphin\u00e9 Lib\u00e9r\u00e9<\/li>\n<\/ol>\n","protected":false},"excerpt":{"rendered":"Voiron. Fresque hommage \u00e0 Pierre Ruibet : regardez-la prendre forme avec notre diaporama !&nbsp;&nbsp;Le Dauphin\u00e9 Lib\u00e9r\u00e9 Voiron. Street&hellip;\n","protected":false},"author":2,"featured_media":20561,"comment_status":"","ping_status":"","sticky":false,"template":"","format":"standard","meta":{"footnotes":""},"categories":[1358],"tags":[1348,1384,1385,1687,1386,58,114,59,2271,1011,27,2797,5325,2798,937,108,104,7831,7832],"class_list":{"0":"post-20560","1":"post","2":"type-post","3":"status-publish","4":"format-standard","5":"has-post-thumbnail","7":"category-arts-et-design","8":"tag-arts","9":"tag-arts-and-design","10":"tag-arts-et-design","11":"tag-culture-loisirs","12":"tag-design","13":"tag-divertissement","14":"tag-edition-voiron-saint-marcellin","15":"tag-entertainment","16":"tag-exposition-arts-plastiques","17":"tag-fr","18":"tag-france","19":"tag-galerie-loisirs","20":"tag-galerie-media","21":"tag-galerie-photo","22":"tag-histoire","23":"tag-isere","24":"tag-societe","25":"tag-voiron","26":"tag-voiron-bassin"},"share_on_mastodon":{"url":"https:\/\/pubeurope.com\/@fr\/114326970580529560","error":""},"_links":{"self":[{"href":"https:\/\/www.europesays.com\/fr\/wp-json\/wp\/v2\/posts\/20560","targetHints":{"allow":["GET"]}}],"collection":[{"href":"https:\/\/www.europesays.com\/fr\/wp-json\/wp\/v2\/posts"}],"about":[{"href":"https:\/\/www.europesays.com\/fr\/wp-json\/wp\/v2\/types\/post"}],"author":[{"embeddable":true,"href":"https:\/\/www.europesays.com\/fr\/wp-json\/wp\/v2\/users\/2"}],"replies":[{"embeddable":true,"href":"https:\/\/www.europesays.com\/fr\/wp-json\/wp\/v2\/comments?post=20560"}],"version-history":[{"count":0,"href":"https:\/\/www.europesays.com\/fr\/wp-json\/wp\/v2\/posts\/20560\/revisions"}],"wp:featuredmedia":[{"embeddable":true,"href":"https:\/\/www.europesays.com\/fr\/wp-json\/wp\/v2\/media\/20561"}],"wp:attachment":[{"href":"https:\/\/www.europesays.com\/fr\/wp-json\/wp\/v2\/media?parent=20560"}],"wp:term":[{"taxonomy":"category","embeddable":true,"href":"https:\/\/www.europesays.com\/fr\/wp-json\/wp\/v2\/categories?post=20560"},{"taxonomy":"post_tag","embeddable":true,"href":"https:\/\/www.europesays.com\/fr\/wp-json\/wp\/v2\/tags?post=20560"}],"curies":[{"name":"wp","href":"https:\/\/api.w.org\/{rel}","templated":true}]}}