{"id":205600,"date":"2025-06-26T10:46:08","date_gmt":"2025-06-26T10:46:08","guid":{"rendered":"https:\/\/www.europesays.com\/fr\/205600\/"},"modified":"2025-06-26T10:46:08","modified_gmt":"2025-06-26T10:46:08","slug":"il-roulait-avec-18mg-l-dalcool-dans-le-sang-et-des-enfants-avec-lui-sa-voiture-part-en-tonneaux","status":"publish","type":"post","link":"https:\/\/www.europesays.com\/fr\/205600\/","title":{"rendered":"il roulait avec 1,8mg\/l d&rsquo;alcool dans le sang et des enfants avec lui, sa voiture part en tonneaux"},"content":{"rendered":"<p itemprop=\"description\"><strong>Ce jeune homme se souviendra probablement longtemps du 29 octobre 2022.<\/strong><\/p>\n<p>Ce jour-l\u00e0, il avait pris le volant dans le Beaujolais avec sa petite s\u0153ur et leur neveu. Sauf que l&rsquo;individu \u00e9tait ivre, avec 1,8mg\/l d&rsquo;alcool dans le sang, et pilotait un v\u00e9hicule non assur\u00e9.<\/p>\n<p>Et ce qui devait arriver \u00e9tait arriv\u00e9 : un violent accident \u00e0 hauteur de Blac\u00e9, avec une voiture qui part en tonneaux et les trois occupants bless\u00e9s.<\/p>\n<p>Pr\u00e8s de trois ans plus tard, l&rsquo;automobiliste \u00e9tait jug\u00e9 \u00e0 Villefranche-sur-Sa\u00f4ne. Si sa famille ne s&rsquo;est pas retourn\u00e9e contre lui et n&rsquo;avait pas port\u00e9 plainte, il devait tout de m\u00eame r\u00e9pondre de ses actes devant les juges caladois.<\/p>\n<p>D&rsquo;autant que le jeune Rhodanien de 24 ans est un habitu\u00e9 des d\u00e9lits routiers, avec d\u00e9j\u00e0 cinq condamnations \u00e0 son actif et deux retraits de permis, dont un survenu apr\u00e8s le fameux accident de 2022&#8230;<\/p>\n<p>Un tableau de chasse qui n&rsquo;a pas jou\u00e9 en sa faveur, le tribunal lui a administr\u00e9 une peine de 6 mois de prison ferme \u00e0 effectuer sous bracelet \u00e9lectronique, ainsi qu&rsquo;une amende de 750 euros pour l&rsquo;absence d&rsquo;assurance.<\/p>\n","protected":false},"excerpt":{"rendered":"Ce jeune homme se souviendra probablement longtemps du 29 octobre 2022. Ce jour-l\u00e0, il avait pris le volant&hellip;\n","protected":false},"author":2,"featured_media":205601,"comment_status":"","ping_status":"","sticky":false,"template":"","format":"standard","meta":{"footnotes":""},"categories":[1889],"tags":[1111,11,2813,2190,2430,1109,251,1112,2811,1777,674,118,1011,27,1922,1110,1114,2428,2810,12,241,316,25,2812,517,800],"class_list":{"0":"post-205600","1":"post","2":"type-post","3":"status-publish","4":"format-standard","5":"has-post-thumbnail","7":"category-lyon","8":"tag-actu","9":"tag-actualites","10":"tag-article","11":"tag-asvel","12":"tag-auvergne-rhone-alpes","13":"tag-breves","14":"tag-culture","15":"tag-depeches","16":"tag-economique","17":"tag-eu","18":"tag-europe","19":"tag-faits-divers","20":"tag-fr","21":"tag-france","22":"tag-info","23":"tag-informations","24":"tag-infos","25":"tag-lyon","26":"tag-lyonmag","27":"tag-news","28":"tag-ol","29":"tag-politique","30":"tag-republique-francaise","31":"tag-sociale","32":"tag-sport","33":"tag-transports"},"share_on_mastodon":{"url":"","error":""},"_links":{"self":[{"href":"https:\/\/www.europesays.com\/fr\/wp-json\/wp\/v2\/posts\/205600","targetHints":{"allow":["GET"]}}],"collection":[{"href":"https:\/\/www.europesays.com\/fr\/wp-json\/wp\/v2\/posts"}],"about":[{"href":"https:\/\/www.europesays.com\/fr\/wp-json\/wp\/v2\/types\/post"}],"author":[{"embeddable":true,"href":"https:\/\/www.europesays.com\/fr\/wp-json\/wp\/v2\/users\/2"}],"replies":[{"embeddable":true,"href":"https:\/\/www.europesays.com\/fr\/wp-json\/wp\/v2\/comments?post=205600"}],"version-history":[{"count":0,"href":"https:\/\/www.europesays.com\/fr\/wp-json\/wp\/v2\/posts\/205600\/revisions"}],"wp:featuredmedia":[{"embeddable":true,"href":"https:\/\/www.europesays.com\/fr\/wp-json\/wp\/v2\/media\/205601"}],"wp:attachment":[{"href":"https:\/\/www.europesays.com\/fr\/wp-json\/wp\/v2\/media?parent=205600"}],"wp:term":[{"taxonomy":"category","embeddable":true,"href":"https:\/\/www.europesays.com\/fr\/wp-json\/wp\/v2\/categories?post=205600"},{"taxonomy":"post_tag","embeddable":true,"href":"https:\/\/www.europesays.com\/fr\/wp-json\/wp\/v2\/tags?post=205600"}],"curies":[{"name":"wp","href":"https:\/\/api.w.org\/{rel}","templated":true}]}}