{"id":205614,"date":"2025-06-26T10:55:10","date_gmt":"2025-06-26T10:55:10","guid":{"rendered":"https:\/\/www.europesays.com\/fr\/205614\/"},"modified":"2025-06-26T10:55:10","modified_gmt":"2025-06-26T10:55:10","slug":"a-paris-ou-faire-la-fete-avant-ou-apres-la-pride-ce-week-end-liberation","status":"publish","type":"post","link":"https:\/\/www.europesays.com\/fr\/205614\/","title":{"rendered":"A Paris, o\u00f9 faire la f\u00eate avant ou apr\u00e8s la pride ce week-end \u2013 Lib\u00e9ration"},"content":{"rendered":"<p class=\"sc-ksZaOG ehjQrN text-element\">\u00abDanser = Vivre\u00bb : au d\u00e9but des ann\u00e9es 1990, ce slogan port\u00e9 sur les pancartes d\u2019Act Up Paris invoquait la n\u00e9cessit\u00e9 de la f\u00eate pour conjurer la fatalit\u00e9 de l\u2019\u00e9pid\u00e9mie meurtri\u00e8re du sida. Des d\u00e9cennies plus tard, il reste d\u2019actualit\u00e9 dans les marches des fiert\u00e9s annuelles pour signifier l\u2019importance de la f\u00eate dans les luttes minoritaires. Or, ce samedi 28 juin, on d\u00e9file \u00e0 nouveau \u00e0 Paris, \u00e0 l\u2019appel de l\u2019Inter-LGBT, pour la d\u00e9fense des droits des personnes LGBTQIA+.<\/p>\n<p class=\"sc-ksZaOG ehjQrN text-element\">La manifestation, qui rappelons-le est <a href=\"https:\/\/www.liberation.fr\/debats\/2019\/06\/28\/stonewall-un-evenement-tres-symbolique-qui-seduit-et-meme-fascine_1736785\/\" target=\"_blank\" rel=\"noopener\">une comm\u00e9moration des \u00e9meutes de Stonewall<\/a> il y a plus de cinquante ans \u00e0 New York, s\u2019\u00e9lancera depuis le Palais-Royal, sur la rue de Rivoli (Ier arrondissement) pour rejoindre la place de la Nation (XIIe), o\u00f9 jusque tard dans la nuit un \u00abgrand podium\u00bb accueillera six heures de musique live et de performance, avec notamment la DJ et mannequin Claude-Emmanuelle. Le d\u00e9fil\u00e9 cl\u00f4t par la m\u00eame la \u00abSemaine des fiert\u00e9s\u00bb, ponctu\u00e9e de soir\u00e9es festives et militantes (dont un show drag aux Arches citoyennes, jeudi 26).<\/p>\n<p class=\"sc-ksZaOG ehjQrN text-element\">Avant de marcher, les plus f\u00eatards peuvent lancer les hostilit\u00e9s d\u00e8s ce jeudi soir, 19 heures, pour l\u2019hebdomadaire \u00ab<b>jeudi ok\u00bb<\/b> en partenariat avec le collectif \u00e9lectronique Futile (8 euros apr\u00e8s 22 heures), au Wanderlust (XIIIe). Vendredi, \u00e0 la veille de la marche et \u00e0 l\u2019issue d\u2019un petit tour dans le <\/p>\n","protected":false},"excerpt":{"rendered":"\u00abDanser = Vivre\u00bb : au d\u00e9but des ann\u00e9es 1990, ce slogan port\u00e9 sur les pancartes d\u2019Act Up Paris&hellip;\n","protected":false},"author":2,"featured_media":205615,"comment_status":"","ping_status":"","sticky":false,"template":"","format":"standard","meta":{"footnotes":""},"categories":[1888],"tags":[11,34442,4077,1777,674,1011,27,10716,22468,9087,34443,2088,12,626,25],"class_list":{"0":"post-205614","1":"post","2":"type-post","3":"status-publish","4":"format-standard","5":"has-post-thumbnail","7":"category-paris","8":"tag-actualites","9":"tag-adrien-selbert","10":"tag-association","11":"tag-eu","12":"tag-europe","13":"tag-fr","14":"tag-france","15":"tag-gay-pride","16":"tag-homosexualite","17":"tag-lgbt","18":"tag-mache-des-fierte","19":"tag-manifestation","20":"tag-news","21":"tag-paris","22":"tag-republique-francaise"},"share_on_mastodon":{"url":"https:\/\/pubeurope.com\/@fr\/114749303931912876","error":""},"_links":{"self":[{"href":"https:\/\/www.europesays.com\/fr\/wp-json\/wp\/v2\/posts\/205614","targetHints":{"allow":["GET"]}}],"collection":[{"href":"https:\/\/www.europesays.com\/fr\/wp-json\/wp\/v2\/posts"}],"about":[{"href":"https:\/\/www.europesays.com\/fr\/wp-json\/wp\/v2\/types\/post"}],"author":[{"embeddable":true,"href":"https:\/\/www.europesays.com\/fr\/wp-json\/wp\/v2\/users\/2"}],"replies":[{"embeddable":true,"href":"https:\/\/www.europesays.com\/fr\/wp-json\/wp\/v2\/comments?post=205614"}],"version-history":[{"count":0,"href":"https:\/\/www.europesays.com\/fr\/wp-json\/wp\/v2\/posts\/205614\/revisions"}],"wp:featuredmedia":[{"embeddable":true,"href":"https:\/\/www.europesays.com\/fr\/wp-json\/wp\/v2\/media\/205615"}],"wp:attachment":[{"href":"https:\/\/www.europesays.com\/fr\/wp-json\/wp\/v2\/media?parent=205614"}],"wp:term":[{"taxonomy":"category","embeddable":true,"href":"https:\/\/www.europesays.com\/fr\/wp-json\/wp\/v2\/categories?post=205614"},{"taxonomy":"post_tag","embeddable":true,"href":"https:\/\/www.europesays.com\/fr\/wp-json\/wp\/v2\/tags?post=205614"}],"curies":[{"name":"wp","href":"https:\/\/api.w.org\/{rel}","templated":true}]}}