{"id":205624,"date":"2025-06-26T11:00:13","date_gmt":"2025-06-26T11:00:13","guid":{"rendered":"https:\/\/www.europesays.com\/fr\/205624\/"},"modified":"2025-06-26T11:00:13","modified_gmt":"2025-06-26T11:00:13","slug":"en-allemagne-plusieurs-projets-de-mega-usines-soutenus-par-letat-ont-du-plomb-dans-laile","status":"publish","type":"post","link":"https:\/\/www.europesays.com\/fr\/205624\/","title":{"rendered":"En Allemagne, plusieurs projets de m\u00e9ga-usines soutenus par l\u2019Etat ont du plomb dans l\u2019aile"},"content":{"rendered":"<p>              <a tabindex=\"-1\" title=\"Delphine Nerbollier\" href=\"https:\/\/www.letemps.ch\/profil\/delphine-nerbollier\" target=\"_blank\" rel=\"noopener\"><\/p>\n<p>                    <img decoding=\"async\" src=\"https:\/\/www.europesays.com\/fr\/wp-content\/uploads\/2025\/05\/1746278478_882_small.jpeg\" class=\"lazy\" alt=\"\"\/><\/p>\n<p><\/a>        <\/p>\n<p>    Publi\u00e9 le 26 juin 2025 \u00e0 12:56.<\/p>\n<p> 3 min. de lecture<\/p>\n<p>Sale temps pour Robert Habeck. Cible depuis des ann\u00e9es de reproches r\u00e9currents de la part de la droite classique et de l\u2019extr\u00eame droite, l\u2019ancien ministre \u00e9cologiste de l\u2019Economie, d\u00e9sormais d\u00e9put\u00e9 de l\u2019opposition, aurait d\u00fb \u00eatre entendu mercredi par la Commission du budget du Bundestag. Une audition \u00e0 laquelle il ne participa finalement pas, faute d\u2019avoir re\u00e7u une convocation \u00e0 temps.<\/p>\n<p>Sur le fond, toutefois, l\u2019affaire est g\u00eanante car elle concerne sa gestion du dossier Northvolt. Le fabricant de batteries \u00e9lectriques su\u00e9dois a en effet obtenu en 2023 une garantie de l\u2019Etat f\u00e9d\u00e9ral et de la r\u00e9gion de Schleswig-Holstein pour un pr\u00eat convertible de 600\u00a0millions d\u2019euros (562\u00a0millions de francs). Le su\u00e9dois pr\u00e9voyait d\u2019implanter dans la commune de Heide une m\u00e9ga-usine de batteries pour v\u00e9hicules \u00e9lectriques. Les travaux ont d\u00e9but\u00e9 l\u2019an dernier et le remboursement du pr\u00eat \u00e9tait pr\u00e9vu pour 2028. Mais voil\u00e0. En\u00a0mars, la maison m\u00e8re de Northvolt a d\u00e9pos\u00e9 le bilan. Si la filiale allemande de Northvolt n\u2019est pas concern\u00e9e par cette faillite, personne ne sait ce que devient le projet de Heide. Tout d\u00e9pendra de la reprise ou non de Northvolt par un investisseur. Quant aux 600\u00a0millions d\u2019euros, ils \u00absont perdus\u00bb, comme l\u2019a confirm\u00e9 cette semaine l\u2019administrateur judiciaire.<\/p>\n","protected":false},"excerpt":{"rendered":"Publi\u00e9 le 26 juin 2025 \u00e0 12:56. 3 min. de lecture Sale temps pour Robert Habeck. Cible depuis&hellip;\n","protected":false},"author":2,"featured_media":205625,"comment_status":"","ping_status":"","sticky":false,"template":"","format":"standard","meta":{"footnotes":""},"categories":[1587],"tags":[11,672,1804,1805,1803,1777,674,1801,12,301,1802],"class_list":{"0":"post-205624","1":"post","2":"type-post","3":"status-publish","4":"format-standard","5":"has-post-thumbnail","7":"category-allemagne","8":"tag-actualites","9":"tag-allemagne","10":"tag-bundesrepublik-deutschland","11":"tag-de","12":"tag-deutschland","13":"tag-eu","14":"tag-europe","15":"tag-germany","16":"tag-news","17":"tag-premium","18":"tag-republique-federale-dallemagne"},"share_on_mastodon":{"url":"https:\/\/pubeurope.com\/@fr\/114749323739972388","error":""},"_links":{"self":[{"href":"https:\/\/www.europesays.com\/fr\/wp-json\/wp\/v2\/posts\/205624","targetHints":{"allow":["GET"]}}],"collection":[{"href":"https:\/\/www.europesays.com\/fr\/wp-json\/wp\/v2\/posts"}],"about":[{"href":"https:\/\/www.europesays.com\/fr\/wp-json\/wp\/v2\/types\/post"}],"author":[{"embeddable":true,"href":"https:\/\/www.europesays.com\/fr\/wp-json\/wp\/v2\/users\/2"}],"replies":[{"embeddable":true,"href":"https:\/\/www.europesays.com\/fr\/wp-json\/wp\/v2\/comments?post=205624"}],"version-history":[{"count":0,"href":"https:\/\/www.europesays.com\/fr\/wp-json\/wp\/v2\/posts\/205624\/revisions"}],"wp:featuredmedia":[{"embeddable":true,"href":"https:\/\/www.europesays.com\/fr\/wp-json\/wp\/v2\/media\/205625"}],"wp:attachment":[{"href":"https:\/\/www.europesays.com\/fr\/wp-json\/wp\/v2\/media?parent=205624"}],"wp:term":[{"taxonomy":"category","embeddable":true,"href":"https:\/\/www.europesays.com\/fr\/wp-json\/wp\/v2\/categories?post=205624"},{"taxonomy":"post_tag","embeddable":true,"href":"https:\/\/www.europesays.com\/fr\/wp-json\/wp\/v2\/tags?post=205624"}],"curies":[{"name":"wp","href":"https:\/\/api.w.org\/{rel}","templated":true}]}}