{"id":205628,"date":"2025-06-26T11:02:10","date_gmt":"2025-06-26T11:02:10","guid":{"rendered":"https:\/\/www.europesays.com\/fr\/205628\/"},"modified":"2025-06-26T11:02:10","modified_gmt":"2025-06-26T11:02:10","slug":"qui-a-la-plus-grosse-dette-publique-par-habitant-dans-lunion-europeenne","status":"publish","type":"post","link":"https:\/\/www.europesays.com\/fr\/205628\/","title":{"rendered":"Qui a la plus grosse dette publique par habitant dans l\u2019Union Europ\u00e9enne\u00a0?"},"content":{"rendered":"<p>Le puits n\u2019a donc &#8211; pour l\u2019instant &#8211; pas de fond. L\u2019Insee annonce ce jeudi que <a href=\"https:\/\/www.20minutes.fr\/economie\/4160485-20250626-finances-dette-france-aggrave-plus-40-milliards-euros\" class=\"color-ultramarine c-link\" target=\"_blank\" rel=\"noopener\">la dette publique de la France a continu\u00e9 de cro\u00eetre<\/a> d\u00e9but\u00a02025\u00a0: elle en est d\u00e9sormais \u00e0 3.345,8\u00a0milliards d\u2019euros, ce qui repr\u00e9sente 114\u00a0% de notre <a href=\"https:\/\/www.20minutes.fr\/economie\/pib\/\" class=\"color-ultramarine c-link\" target=\"_blank\" rel=\"noopener\">PIB<\/a>. Pour avoir une id\u00e9e du gouffre qui est en train de se creuser, sachez que cette dette ne repr\u00e9sentait \u00ab\u00a0que\u00a0\u00bb 57,8\u00a0% du PIB en\u00a01995. Seuls deux membres de l\u2019Union Europ\u00e9enne font pire\u00a0: la <a href=\"https:\/\/www.20minutes.fr\/dossier\/grece\" class=\"color-ultramarine c-link\" target=\"_blank\" rel=\"noopener\">Gr\u00e8ce<\/a> et de l\u2019<a href=\"https:\/\/www.20minutes.fr\/dossier\/italie\" class=\"color-ultramarine c-link\" target=\"_blank\" rel=\"noopener\">Italie<\/a>. En moyenne, la dette publique s\u2019\u00e9tablit \u00e0 81\u00a0% du PIB sur le Vieux Continent.<\/p>\n<p>Mais une autre donn\u00e9e permet d\u2019\u00e9clairer l\u2019\u00e9tat de sant\u00e9 des finances fran\u00e7aises\u00a0: la dette publique par habitant. Si on demandait \u00e0 chaque citoyen, l\u00e0, tout de suite, de rembourser ce que l\u2019Etat doit \u00e0 ses cr\u00e9anciers, \u00e7a ferait combien \u00e0 sortir\u00a0? L\u00e0 encore, la France est en queue de peloton, accompagn\u00e9e de l\u2019Italie et de la <a href=\"https:\/\/www.20minutes.fr\/dossier\/belgique\" class=\"color-ultramarine c-link\" target=\"_blank\" rel=\"noopener\">Belgique<\/a>. Les bons \u00e9l\u00e8ves sont \u00e0 chercher du c\u00f4t\u00e9 de l\u2019<a href=\"https:\/\/www.20minutes.fr\/dossier\/estonie\" class=\"color-ultramarine c-link\" target=\"_blank\" rel=\"noopener\">Estonie<\/a> et de la <a href=\"https:\/\/www.20minutes.fr\/monde\/bulgarie\/\" class=\"color-ultramarine c-link\" target=\"_blank\" rel=\"noopener\">Bulgarie<\/a>.<\/p>\n<p>Vous voulez en savoir plus sur la dette publique par habitant dans les pays de l\u2019UE\u00a0? Regardez notre carte interactive ci-dessous\u00a0:<\/p>\n<p><\/p>\n","protected":false},"excerpt":{"rendered":"Le puits n\u2019a donc &#8211; pour l\u2019instant &#8211; pas de fond. L\u2019Insee annonce ce jeudi que la dette&hellip;\n","protected":false},"author":2,"featured_media":205629,"comment_status":"","ping_status":"","sticky":false,"template":"","format":"standard","meta":{"footnotes":""},"categories":[1586],"tags":[47,11,14846,11617,34444,7993,33,1777,674,1779,1011,27,8906,452,12,6311,25,1778,364,555],"class_list":{"0":"post-205628","1":"post","2":"type-post","3":"status-publish","4":"format-standard","5":"has-post-thumbnail","7":"category-europe","8":"tag-actualite","9":"tag-actualites","10":"tag-bercy","11":"tag-carte","12":"tag-crise-de-la-dette","13":"tag-dette-publique","14":"tag-economie","15":"tag-eu","16":"tag-europe","17":"tag-european-union","18":"tag-fr","19":"tag-france","20":"tag-grece","21":"tag-italie","22":"tag-news","23":"tag-pib","24":"tag-republique-francaise","25":"tag-ue","26":"tag-union-europeenne","27":"tag-union-europeenne-ue"},"share_on_mastodon":{"url":"https:\/\/pubeurope.com\/@fr\/114749331441016977","error":""},"_links":{"self":[{"href":"https:\/\/www.europesays.com\/fr\/wp-json\/wp\/v2\/posts\/205628","targetHints":{"allow":["GET"]}}],"collection":[{"href":"https:\/\/www.europesays.com\/fr\/wp-json\/wp\/v2\/posts"}],"about":[{"href":"https:\/\/www.europesays.com\/fr\/wp-json\/wp\/v2\/types\/post"}],"author":[{"embeddable":true,"href":"https:\/\/www.europesays.com\/fr\/wp-json\/wp\/v2\/users\/2"}],"replies":[{"embeddable":true,"href":"https:\/\/www.europesays.com\/fr\/wp-json\/wp\/v2\/comments?post=205628"}],"version-history":[{"count":0,"href":"https:\/\/www.europesays.com\/fr\/wp-json\/wp\/v2\/posts\/205628\/revisions"}],"wp:featuredmedia":[{"embeddable":true,"href":"https:\/\/www.europesays.com\/fr\/wp-json\/wp\/v2\/media\/205629"}],"wp:attachment":[{"href":"https:\/\/www.europesays.com\/fr\/wp-json\/wp\/v2\/media?parent=205628"}],"wp:term":[{"taxonomy":"category","embeddable":true,"href":"https:\/\/www.europesays.com\/fr\/wp-json\/wp\/v2\/categories?post=205628"},{"taxonomy":"post_tag","embeddable":true,"href":"https:\/\/www.europesays.com\/fr\/wp-json\/wp\/v2\/tags?post=205628"}],"curies":[{"name":"wp","href":"https:\/\/api.w.org\/{rel}","templated":true}]}}