{"id":205632,"date":"2025-06-26T11:04:10","date_gmt":"2025-06-26T11:04:10","guid":{"rendered":"https:\/\/www.europesays.com\/fr\/205632\/"},"modified":"2025-06-26T11:04:10","modified_gmt":"2025-06-26T11:04:10","slug":"un-choc-frontal-fait-au-moins-trois-morts-sur-lautoroute-a8-en-direction-de-litalie","status":"publish","type":"post","link":"https:\/\/www.europesays.com\/fr\/205632\/","title":{"rendered":"Un choc frontal fait au moins trois morts sur l\u2019autoroute A8 en direction de l\u2019Italie"},"content":{"rendered":"<p>Un choc violent. Jeudi, peu avant 7 heures du matin, un <a href=\"https:\/\/www.20minutes.fr\/dossier\/accident_de_la_route\" class=\"color-ultramarine c-link\" target=\"_blank\" rel=\"noopener\">accident grave de la circulation<\/a> impliquant deux v\u00e9hicules a eu lieu sur l\u2019autoroute A8 en direction de l\u2019Italie, au niveau de Mandelieu-la-Napoule, dans les <a href=\"https:\/\/www.20minutes.fr\/societe\/alpes-maritimes\/\" class=\"color-ultramarine c-link\" target=\"_blank\" rel=\"noopener\">Alpes-Maritimes<\/a>. Trois personnes sont mortes, une autre, gri\u00e8vement bless\u00e9e, a \u00e9t\u00e9 transport\u00e9e en urgence absolue. La pr\u00e9fecture des Alpes-Maritimes \u00e9voque un \u00ab\u00a0choc frontal\u00a0\u00bb, exprimant son total soutien aux familles des victimes.<\/p>\n<blockquote class=\"twitter-tweet\" align=\"center\" data-lang=\"fr_FR\">\n<p lang=\"fr\" dir=\"ltr\">A8 &#8211; SECTEUR MANDELIEU &#8211; GRAVE ACCIDENT DE LA CIRCULATION<\/p>\n<p>Un accident routier impliquant 2 v\u00e9hicules ( choc frontal) s &lsquo;est produit ce matin \u00e0 06h40 sur l\u2019A8 sur le point kilom\u00e9trique 161, vers Mandelieu.<br \/>Le bilan est tres lourd :<br \/>3 personnes d\u00e9c\u00e9d\u00e9es et un bless\u00e9 en urgence\u2026<\/p>\n<p>\u2014 Pr\u00e9fet des Alpes-Maritimes\ud83c\uddeb\ud83c\uddf7 (@prefet06) <a href=\"https:\/\/twitter.com\/prefet06\/status\/1938119625595621866?ref_src=twsrc%5Etfw\" target=\"_blank\" rel=\"noopener\">June 26, 2025<\/a><\/p><\/blockquote>\n<p class=\"mb-xxl@xs color-ultramarine font-weight-semi-bold@xs font-source-serif-pro heading-s@xs\">L\u2019acc\u00e8s \u00e0 ce contenu a \u00e9t\u00e9 bloqu\u00e9 afin de respecter votre choix de consentement<\/p>\n<p class=\"mb-m@xs text-l@xs\">En cliquant sur\u00ab J\u2019accepte \u00bb, vous acceptez le d\u00e9p\u00f4t de cookies par des services externes et aurez ainsi acc\u00e8s aux contenus de nos partenaires.<\/p>\n<p class=\"mb-xl@xs text-s@xs\">Plus d\u2019informations sur la page<a href=\"https:\/\/www.20minutes.fr\/gestion-cookies\" class=\"mx-xxs@xs color-ultramarine\" target=\"_blank\" rel=\"noopener\">Politique de gestion des cookies<\/a><\/p>\n<p>J\u2019accepte<\/p>\n<p>Les circonstances de l\u2019accident n\u2019ont pas encore \u00e9t\u00e9 d\u00e9taill\u00e9es par une communication officielle. Selon <a href=\"https:\/\/france3-regions.franceinfo.fr\/provence-alpes-cote-d-azur\/alpes-maritimes\/cannes\/trois-morts-et-une-personne-en-urgence-absolue-dans-un-grave-accident-l-autoroute-a-8-coupee-3177822.html\" rel=\"nofollow noopener\" target=\"_blank\" class=\"color-ultramarine c-link\">France 3 Provence-Alpes-C\u00f4te d\u2019Azur<\/a>, pr\u00e9sent sur place, un conducteur aurait travers\u00e9 la chauss\u00e9e en raison d\u2019une vitesse excessive au niveau de l\u2019\u00e9changeur 41 (Mandelieu Est), venant percuter une autre voiture circulant dans l\u2019autre sens, avec deux femmes \u00e0 bord. La pr\u00e9fecture des Alpes-Maritimes pr\u00e9cise \u00e0 la cha\u00eene locale que les deux victimes du choc frontal seraient deux infirmi\u00e8res, \u00e2g\u00e9es d\u2019une trentaine d\u2019ann\u00e9es. Des bouteilles de protoxyde d\u2019azote auraient \u00e9t\u00e9 retrouv\u00e9es dans la voiture du conducteur en exc\u00e8s de vitesse, rapporte \u00e9galement France 3.<\/p>\n<p>Circulation difficile<\/p>\n<p>L\u2019accident a entra\u00een\u00e9 une interruption de la circulation durant quelques heures dans le secteur de Mandelieu, en direction de l\u2019Italie, selon un communiqu\u00e9 de Vinci Autoroutes, parvenu \u00e0 20 Minutes. Elle reste difficile, plusieurs entr\u00e9es d\u2019autoroute demeurant ferm\u00e9es.<\/p>\n<p>\u00ab\u00a0La circulation a pu reprendre sur une voie \u00e0 8h48 mais devrait rester tr\u00e8s perturb\u00e9e pour une partie de la matin\u00e9e\u00a0\u00bb, ajoute le communiqu\u00e9, recommandant d\u2019\u00e9viter le secteur.<\/p>\n<p><script async src=\"https:\/\/platform.twitter.com\/widgets.js\" charset=\"utf-8\"><\/script><\/p>\n","protected":false},"excerpt":{"rendered":"Un choc violent. Jeudi, peu avant 7 heures du matin, un accident grave de la circulation impliquant deux&hellip;\n","protected":false},"author":2,"featured_media":205633,"comment_status":"","ping_status":"","sticky":false,"template":"","format":"standard","meta":{"footnotes":""},"categories":[2],"tags":[4376,47,11,2898,7306,118,8686,1011,27,12,883,1072,882,25],"class_list":{"0":"post-205632","1":"post","2":"type-post","3":"status-publish","4":"format-standard","5":"has-post-thumbnail","7":"category-actualites","8":"tag-accident-de-la-route","9":"tag-actualite","10":"tag-actualites","11":"tag-alpes-maritimes","12":"tag-cannes","13":"tag-faits-divers","14":"tag-faits-divers-nice","15":"tag-fr","16":"tag-france","17":"tag-news","18":"tag-paca","19":"tag-police","20":"tag-provence-alpes-cote-dazur","21":"tag-republique-francaise"},"share_on_mastodon":{"url":"https:\/\/pubeurope.com\/@fr\/114749339324122709","error":""},"_links":{"self":[{"href":"https:\/\/www.europesays.com\/fr\/wp-json\/wp\/v2\/posts\/205632","targetHints":{"allow":["GET"]}}],"collection":[{"href":"https:\/\/www.europesays.com\/fr\/wp-json\/wp\/v2\/posts"}],"about":[{"href":"https:\/\/www.europesays.com\/fr\/wp-json\/wp\/v2\/types\/post"}],"author":[{"embeddable":true,"href":"https:\/\/www.europesays.com\/fr\/wp-json\/wp\/v2\/users\/2"}],"replies":[{"embeddable":true,"href":"https:\/\/www.europesays.com\/fr\/wp-json\/wp\/v2\/comments?post=205632"}],"version-history":[{"count":0,"href":"https:\/\/www.europesays.com\/fr\/wp-json\/wp\/v2\/posts\/205632\/revisions"}],"wp:featuredmedia":[{"embeddable":true,"href":"https:\/\/www.europesays.com\/fr\/wp-json\/wp\/v2\/media\/205633"}],"wp:attachment":[{"href":"https:\/\/www.europesays.com\/fr\/wp-json\/wp\/v2\/media?parent=205632"}],"wp:term":[{"taxonomy":"category","embeddable":true,"href":"https:\/\/www.europesays.com\/fr\/wp-json\/wp\/v2\/categories?post=205632"},{"taxonomy":"post_tag","embeddable":true,"href":"https:\/\/www.europesays.com\/fr\/wp-json\/wp\/v2\/tags?post=205632"}],"curies":[{"name":"wp","href":"https:\/\/api.w.org\/{rel}","templated":true}]}}