{"id":205634,"date":"2025-06-26T11:05:17","date_gmt":"2025-06-26T11:05:17","guid":{"rendered":"https:\/\/www.europesays.com\/fr\/205634\/"},"modified":"2025-06-26T11:05:17","modified_gmt":"2025-06-26T11:05:17","slug":"meteo-france-va-t-il-monter-le-niveau-de-vigilance-de-nos-departements-ce-week-end","status":"publish","type":"post","link":"https:\/\/www.europesays.com\/fr\/205634\/","title":{"rendered":"M\u00e9t\u00e9o-France va-t-il monter le niveau de vigilance de nos d\u00e9partements ce week-end ?"},"content":{"rendered":"<p>Depuis quelques heures, les Bouches-du-Rh\u00f4ne sont pass\u00e9es en <a href=\"https:\/\/www.laprovence.com\/article\/ecoplanete\/7227634162551614\/alerte-orages-et-canicule-59-departements-en-vigilance-orange-le-point-sur-les-conditions-meteo\" target=\"_blank\" rel=\"nofollow noopener\">vigilance jaune \u00e0 la canicule<\/a>. Le Vaucluse \u00e9tait d\u00e9j\u00e0 plac\u00e9 \u00e0 ce niveau d&rsquo;alerte et les Alpes-de-Haute-Provence pourraient bien prendre cette couleur en fin de journ\u00e9e, m\u00eame si M\u00e9t\u00e9o-France n&rsquo;a encore aucune certitude dans ce domaine. Les temp\u00e9ratures, encore en hausse, ne semblent, cependant, ne laisser planer aucun doute.<\/p>\n<p>Pour ce week-end, la chaleur va encore prendre de la hauteur puisque dans certains secteurs on pourrait atteindre les 40\u00b0C. Notamment dans le secteur de Jouques, Peyrolles et Cadenet. Et le mercure ne devrait pas descendre en dessous de 25\u00b0C la nuit (oui la nuit !) \u00e0 Marseille mais aussi \u00e0 Istres, Marignane ou encore possiblement Arles, dans la nuit de samedi \u00e0 dimanche en particulier.<\/p>\n<p>Tr\u00e8s chaud la journ\u00e9e, encore tr\u00e8s haut la nuit : tous les ingr\u00e9dients m\u00e9t\u00e9orologiques sont r\u00e9unis pour que les Bouches-du-Rh\u00f4ne, voire le Vaucluse passent dans les prochaines heures en orange. L\u00e0 aussi M\u00e9t\u00e9o-France, antenne d&rsquo;Aix, pr\u00e9f\u00e8re rester prudente quant \u00e0 ce passage \u00e0 un niveau sup\u00e9rieur.<\/p>\n","protected":false},"excerpt":{"rendered":"Depuis quelques heures, les Bouches-du-Rh\u00f4ne sont pass\u00e9es en vigilance jaune \u00e0 la canicule. Le Vaucluse \u00e9tait d\u00e9j\u00e0 plac\u00e9&hellip;\n","protected":false},"author":2,"featured_media":205635,"comment_status":"","ping_status":"","sticky":false,"template":"","format":"standard","meta":{"footnotes":""},"categories":[4],"tags":[17,11,6698,1011,27,2357,11263,12,4072,1186,16,25,34445,15192],"class_list":{"0":"post-205634","1":"post","2":"type-post","3":"status-publish","4":"format-standard","5":"has-post-thumbnail","7":"category-france","8":"tag-17","9":"tag-actualites","10":"tag-canicule","11":"tag-fr","12":"tag-france","13":"tag-meteo-france","14":"tag-monter","15":"tag-news","16":"tag-niveau","17":"tag-provence","18":"tag-region","19":"tag-republique-francaise","20":"tag-va-t-il","21":"tag-vigilance"},"share_on_mastodon":{"url":"https:\/\/pubeurope.com\/@fr\/114749343322021825","error":""},"_links":{"self":[{"href":"https:\/\/www.europesays.com\/fr\/wp-json\/wp\/v2\/posts\/205634","targetHints":{"allow":["GET"]}}],"collection":[{"href":"https:\/\/www.europesays.com\/fr\/wp-json\/wp\/v2\/posts"}],"about":[{"href":"https:\/\/www.europesays.com\/fr\/wp-json\/wp\/v2\/types\/post"}],"author":[{"embeddable":true,"href":"https:\/\/www.europesays.com\/fr\/wp-json\/wp\/v2\/users\/2"}],"replies":[{"embeddable":true,"href":"https:\/\/www.europesays.com\/fr\/wp-json\/wp\/v2\/comments?post=205634"}],"version-history":[{"count":0,"href":"https:\/\/www.europesays.com\/fr\/wp-json\/wp\/v2\/posts\/205634\/revisions"}],"wp:featuredmedia":[{"embeddable":true,"href":"https:\/\/www.europesays.com\/fr\/wp-json\/wp\/v2\/media\/205635"}],"wp:attachment":[{"href":"https:\/\/www.europesays.com\/fr\/wp-json\/wp\/v2\/media?parent=205634"}],"wp:term":[{"taxonomy":"category","embeddable":true,"href":"https:\/\/www.europesays.com\/fr\/wp-json\/wp\/v2\/categories?post=205634"},{"taxonomy":"post_tag","embeddable":true,"href":"https:\/\/www.europesays.com\/fr\/wp-json\/wp\/v2\/tags?post=205634"}],"curies":[{"name":"wp","href":"https:\/\/api.w.org\/{rel}","templated":true}]}}