{"id":205640,"date":"2025-06-26T11:09:10","date_gmt":"2025-06-26T11:09:10","guid":{"rendered":"https:\/\/www.europesays.com\/fr\/205640\/"},"modified":"2025-06-26T11:09:10","modified_gmt":"2025-06-26T11:09:10","slug":"wimbledon-murray-nira-pas-a-wimbledon-je-ne-vais-pas-voir-le-tennis-en-tant-que-fan","status":"publish","type":"post","link":"https:\/\/www.europesays.com\/fr\/205640\/","title":{"rendered":"Wimbledon > Murray n&rsquo;ira pas \u00e0 Wimbledon : \u00ab\u00a0Je ne vais pas voir le tennis en tant que fan\u00a0\u00bb"},"content":{"rendered":"<p>Andy Murray ne sera pas pr\u00e9sent \u00e0 Wimbledon cette ann\u00e9e. L\u2019Ecossais a donn\u00e9 les raisons de cette absence et elles sont plut\u00f4t logiques.<\/p>\n<p><strong>\u00ab\u202fJe n\u2019ai pas l\u2019in\u00adten\u00adtion d\u2019y aller. Je ne travaille pas l\u00e0\u2010bas. Je ne vais pas voir le tennis en tant que fan. Mais si l\u2019un de mes enfants voulait y aller, je l\u2019emm\u00e8nerais \u00e9videm\u00adment. Ou si un joueur britan\u00adnique \u00e9tait en finale, j\u2019irais. J\u2019ai assist\u00e9 \u00e0 la finale entre Djokovic et Alcaraz il y a quelques ann\u00e9es, juste parce que je sentais que ce serait un grand match. Mais sinon, je n\u2019irai pas\u202f\u00bb.<\/strong><\/p>\n<p class=\"post-published-date\" style=\"color: silver; font-size: 75%; text-align: left;\">Publi\u00e9 le jeudi 26 juin 2025 \u00e0 11:45<\/p>\n","protected":false},"excerpt":{"rendered":"Andy Murray ne sera pas pr\u00e9sent \u00e0 Wimbledon cette ann\u00e9e. L\u2019Ecossais a donn\u00e9 les raisons de cette absence&hellip;\n","protected":false},"author":2,"featured_media":194433,"comment_status":"","ping_status":"","sticky":false,"template":"","format":"standard","meta":{"footnotes":""},"categories":[1415],"tags":[1744,4737,105,1011,27,60,1467],"class_list":{"0":"post-205640","1":"post","2":"type-post","3":"status-publish","4":"format-standard","5":"has-post-thumbnail","7":"category-tennis","8":"tag-alcaraz","9":"tag-andy-murray","10":"tag-djokovic","11":"tag-fr","12":"tag-france","13":"tag-sports","14":"tag-tennis"},"share_on_mastodon":{"url":"https:\/\/pubeurope.com\/@fr\/114749358947256068","error":""},"_links":{"self":[{"href":"https:\/\/www.europesays.com\/fr\/wp-json\/wp\/v2\/posts\/205640","targetHints":{"allow":["GET"]}}],"collection":[{"href":"https:\/\/www.europesays.com\/fr\/wp-json\/wp\/v2\/posts"}],"about":[{"href":"https:\/\/www.europesays.com\/fr\/wp-json\/wp\/v2\/types\/post"}],"author":[{"embeddable":true,"href":"https:\/\/www.europesays.com\/fr\/wp-json\/wp\/v2\/users\/2"}],"replies":[{"embeddable":true,"href":"https:\/\/www.europesays.com\/fr\/wp-json\/wp\/v2\/comments?post=205640"}],"version-history":[{"count":0,"href":"https:\/\/www.europesays.com\/fr\/wp-json\/wp\/v2\/posts\/205640\/revisions"}],"wp:featuredmedia":[{"embeddable":true,"href":"https:\/\/www.europesays.com\/fr\/wp-json\/wp\/v2\/media\/194433"}],"wp:attachment":[{"href":"https:\/\/www.europesays.com\/fr\/wp-json\/wp\/v2\/media?parent=205640"}],"wp:term":[{"taxonomy":"category","embeddable":true,"href":"https:\/\/www.europesays.com\/fr\/wp-json\/wp\/v2\/categories?post=205640"},{"taxonomy":"post_tag","embeddable":true,"href":"https:\/\/www.europesays.com\/fr\/wp-json\/wp\/v2\/tags?post=205640"}],"curies":[{"name":"wp","href":"https:\/\/api.w.org\/{rel}","templated":true}]}}