{"id":205672,"date":"2025-06-26T11:29:10","date_gmt":"2025-06-26T11:29:10","guid":{"rendered":"https:\/\/www.europesays.com\/fr\/205672\/"},"modified":"2025-06-26T11:29:10","modified_gmt":"2025-06-26T11:29:10","slug":"saint-chamond-quatre-annees-denfer-administratif-pour-un-couple-apres-la-vente-de-leur-voiture","status":"publish","type":"post","link":"https:\/\/www.europesays.com\/fr\/205672\/","title":{"rendered":"SAINT-CHAMOND : QUATRE ANN\u00c9ES D&rsquo;ENFER ADMINISTRATIF POUR UN COUPLE APR\u00c8S LA VENTE DE LEUR VOITURE"},"content":{"rendered":"<p>Tout a commenc\u00e9 en mai 2021 lorsqu\u2019ils ont c\u00e9d\u00e9 leur v\u00e9hicule \u00e0 une acqu\u00e9reuse d\u2019Orl\u00e9ans. Malgr\u00e9 l\u2019accomplissement de toutes les formalit\u00e9s requises, un d\u00e9faut d\u2019enregistrement au niveau de l\u2019Agence nationale des titres s\u00e9curis\u00e9s et le retard de l\u2019acheteuse dans le transfert de la carte grise ont plong\u00e9 le couple dans un labyrinthe administratif sans fin.<\/p>\n<p>D\u00e8s novembre 2021, les \u00e9poux Brosson ont commenc\u00e9 \u00e0 recevoir des avis de contravention pour des infractions commises dans diff\u00e9rentes villes de France : Orl\u00e9ans d\u2019abord, puis Evreux, et enfin Perpignan. Bien qu\u2019ils aient syst\u00e9matiquement contest\u00e9 ces amendes en utilisant les voies de recours indiqu\u00e9es, leurs d\u00e9marches sont rest\u00e9es lettre morte. Ni les appels t\u00e9l\u00e9phoniques, ni les courriers \u00e9lectroniques, ni m\u00eame les lettres recommand\u00e9es n\u2019ont permis de r\u00e9soudre le probl\u00e8me.<\/p>\n<p>L\u2019escalade judiciaire : de l\u2019amende \u00e0 la convocation au tribunal<\/p>\n<p>La situation s\u2019est aggrav\u00e9e en mars 2024 avec l\u2019arriv\u00e9e d\u2019une ordonnance et d\u2019un relev\u00e9 de condamnation p\u00e9nale en provenance de Perpignan. Face \u00e0 l\u2019impasse administrative, le couple n\u2019a eu d\u2019autre choix que de faire appel \u00e0 un avocat pour se d\u00e9fendre. En avril 2025, Antoine Brosson a \u00e9t\u00e9 convoqu\u00e9 devant le tribunal de Perpignan en qualit\u00e9 de pr\u00e9venu, une situation particuli\u00e8rement stressante pour ce couple de bonne foi.<\/p>\n<p>\u00ab\u00a0Nous avions l\u2019impression de nous d\u00e9battre dans un syst\u00e8me imperm\u00e9able \u00e0 nos explications\u00a0\u00bb, t\u00e9moignent les \u00e9poux Brosson. Malgr\u00e9 une attestation du commissariat de police du Gier confirmant leur bonne foi, aucune administration n\u2019a pris en compte leurs r\u00e9clamations. Le recours \u00e0 un second avocat bas\u00e9 \u00e0 Perpignan s\u2019est r\u00e9v\u00e9l\u00e9 salvateur : il a finalement obtenu l\u2019abandon de toutes les charges retenues contre eux.<\/p>\n<p>Une r\u00e9solution tardive et co\u00fbteuse<\/p>\n<p>Le d\u00e9nouement de cette affaire a eu lieu en avril 2025, lorsque l\u2019avocat a r\u00e9ussi \u00e0 faire reconna\u00eetre l\u2019innocence du couple. Il s\u2019est av\u00e9r\u00e9 que l\u2019acheteuse n\u2019avait effectu\u00e9 le changement de propri\u00e9taire qu\u2019\u00e0 la fin 2024, soit trois ans et demi apr\u00e8s l\u2019acquisition du v\u00e9hicule. Cette n\u00e9gligence a co\u00fbt\u00e9 cher aux Brosson, qui ne pourront pas r\u00e9cup\u00e9rer l\u2019int\u00e9gralit\u00e9 de leurs frais de d\u00e9fense, notamment les honoraires de consultation qui restent \u00e0 leur charge.<\/p>\n<p>La version officielle : un d\u00e9faut de proc\u00e9dure selon la pr\u00e9fecture<\/p>\n<p>Interrog\u00e9e sur cette affaire, la pr\u00e9fecture de la Loire a expliqu\u00e9 que monsieur Brosson avait bien obtenu un code de confidentialit\u00e9 en 2021, mais que cette d\u00e9marche n\u2019avait pas suffi \u00e0 valider d\u00e9finitivement la d\u00e9claration de vente. Selon les services pr\u00e9fectoraux, il demeurait officiellement propri\u00e9taire du v\u00e9hicule jusqu\u2019en ao\u00fbt 2023, date de r\u00e9gularisation tardive. L\u2019administration sugg\u00e8re que l\u2019usager aurait d\u00fb v\u00e9rifier directement aupr\u00e8s de ses services le statut administratif de son ancienne voiture.<\/p>\n<p>Un t\u00e9moignage sur les limites de la d\u00e9mat\u00e9rialisation<\/p>\n<p>Cette m\u00e9saventure soul\u00e8ve des questions importantes sur l\u2019efficacit\u00e9 des proc\u00e9dures d\u00e9mat\u00e9rialis\u00e9es. Comme le soulignent les \u00e9poux Brosson : \u00ab\u00a0Nous ne remettons pas en cause l\u2019utilit\u00e9 des d\u00e9marches en ligne, mais cette exp\u00e9rience r\u00e9v\u00e8le leurs failles quand des erreurs surviennent et que personne n\u2019est en mesure de les corriger.\u00a0\u00bb Leur histoire illustre les difficult\u00e9s rencontr\u00e9es par les citoyens face \u00e0 une administration num\u00e9rique parfois d\u00e9faillante et peu r\u00e9active aux r\u00e9clamations l\u00e9gitimes.<\/p>\n","protected":false},"excerpt":{"rendered":"Tout a commenc\u00e9 en mai 2021 lorsqu\u2019ils ont c\u00e9d\u00e9 leur v\u00e9hicule \u00e0 une acqu\u00e9reuse d\u2019Orl\u00e9ans. Malgr\u00e9 l\u2019accomplissement de&hellip;\n","protected":false},"author":2,"featured_media":205673,"comment_status":"","ping_status":"","sticky":false,"template":"","format":"standard","meta":{"footnotes":""},"categories":[9653],"tags":[1111,11,2430,1777,674,118,1011,27,3367,12,25,9669,4001],"class_list":{"0":"post-205672","1":"post","2":"type-post","3":"status-publish","4":"format-standard","5":"has-post-thumbnail","7":"category-saint-etienne","8":"tag-actu","9":"tag-actualites","10":"tag-auvergne-rhone-alpes","11":"tag-eu","12":"tag-europe","13":"tag-faits-divers","14":"tag-fr","15":"tag-france","16":"tag-loire","17":"tag-news","18":"tag-republique-francaise","19":"tag-saint-chamond","20":"tag-saint-etienne"},"share_on_mastodon":{"url":"https:\/\/pubeurope.com\/@fr\/114749437567456519","error":""},"_links":{"self":[{"href":"https:\/\/www.europesays.com\/fr\/wp-json\/wp\/v2\/posts\/205672","targetHints":{"allow":["GET"]}}],"collection":[{"href":"https:\/\/www.europesays.com\/fr\/wp-json\/wp\/v2\/posts"}],"about":[{"href":"https:\/\/www.europesays.com\/fr\/wp-json\/wp\/v2\/types\/post"}],"author":[{"embeddable":true,"href":"https:\/\/www.europesays.com\/fr\/wp-json\/wp\/v2\/users\/2"}],"replies":[{"embeddable":true,"href":"https:\/\/www.europesays.com\/fr\/wp-json\/wp\/v2\/comments?post=205672"}],"version-history":[{"count":0,"href":"https:\/\/www.europesays.com\/fr\/wp-json\/wp\/v2\/posts\/205672\/revisions"}],"wp:featuredmedia":[{"embeddable":true,"href":"https:\/\/www.europesays.com\/fr\/wp-json\/wp\/v2\/media\/205673"}],"wp:attachment":[{"href":"https:\/\/www.europesays.com\/fr\/wp-json\/wp\/v2\/media?parent=205672"}],"wp:term":[{"taxonomy":"category","embeddable":true,"href":"https:\/\/www.europesays.com\/fr\/wp-json\/wp\/v2\/categories?post=205672"},{"taxonomy":"post_tag","embeddable":true,"href":"https:\/\/www.europesays.com\/fr\/wp-json\/wp\/v2\/tags?post=205672"}],"curies":[{"name":"wp","href":"https:\/\/api.w.org\/{rel}","templated":true}]}}