{"id":205692,"date":"2025-06-26T11:41:17","date_gmt":"2025-06-26T11:41:17","guid":{"rendered":"https:\/\/www.europesays.com\/fr\/205692\/"},"modified":"2025-06-26T11:41:17","modified_gmt":"2025-06-26T11:41:17","slug":"que-faire-a-grenoble-ce-week-end-samedi-28-et-dimanche-29-juin-2025","status":"publish","type":"post","link":"https:\/\/www.europesays.com\/fr\/205692\/","title":{"rendered":"Que faire \u00e0 Grenoble ce week-end (samedi 28 et dimanche 29 juin 2025) ?"},"content":{"rendered":"<p>Rendez-vous \u00e0 <strong>Grenoble ce week-end des 28 et 29 juin 2025<\/strong> pour profiter d&rsquo;un grand nombre d&rsquo;\u00e9v\u00e9nements et d&rsquo;animations. En voici une s\u00e9lection. <\/p>\n<p>Encourager les Bleues face au Br\u00e9sil au stade des Alpes \u00e0 Grenoble <img decoding=\"async\" alt=\"\" class=\"img-align-center img-size-limited\" data-zoomable=\"\" loading=\"lazy\" src=\"https:\/\/www.europesays.com\/fr\/wp-content\/uploads\/2025\/06\/stade-des-alpes.jpg\" title=\"\u00a9 Thomas Richardson - Le Stade des Alpes \u00e0 Grenoble accueillera le rencontre France Br\u00e9sil, match amical de pr\u00e9paration \u00e0 l'Euro 2025 de football f\u00e9minin.\"\/> \u00a9 Thomas Richardson &#8211; Le stade des Alpes \u00e0 Grenoble accueillera la rencontre France-Br\u00e9sil, match amical de pr\u00e9paration \u00e0 l&rsquo;Euro 2025 f\u00e9minin de football. <\/p>\n<p>L\u2019<strong>\u00e9quipe de France f\u00e9minine de football<\/strong> jouera un match international face au <strong>Br\u00e9sil<\/strong>, vice-championnes olympiques, ce <strong>vendredi 27 juin \u00e0 21h au stade des Alpes \u00e0 Grenoble<\/strong>. Il s\u2019agira du troisi\u00e8me match des Bleues \u00e0 Grenoble et cela se passe dans le cadre de leur pr\u00e9paration \u00e0 <a href=\"https:\/\/mesinfos.fr\/38000-grenoble\/euro-2025-de-football-france-bresil-au-stade-des-alpes-220321.html\" rel=\"noopener\" target=\"_blank\">l&rsquo;Euro 2025<\/a> (2-27 juillet en Suisse).\u00a0En 2016, plus de 18 000 spectateurs avaient d\u00e9j\u00e0 assist\u00e9 \u00e0 une rencontre France-Br\u00e9sil au stade des Alpes (1-1). Les footballeuses br\u00e9siliennes ont \u00e9galement jou\u00e9 un match au stade des Alpes pendant la coupe du monde f\u00e9minine en 2019. <\/p>\n<p><strong>Pratique<\/strong> <\/p>\n<p>France-Br\u00e9sil : vendredi 27 juin \u00e0 21h au Stade des Alpes. Tarif : 12 euros en cat\u00e9gorie 2. La cat\u00e9gorie 1 est compl\u00e8te. Renseignement et r\u00e9servations <a href=\"https:\/\/billetterie.fff.fr\/fr\/france_bresil_vendredi_27_juin_2025_21_10\/grand_public\" rel=\"noopener\" target=\"_blank\">sur le billetterie de la FFF<\/a>.<\/p>\n<p>  D\u00e9battre et assister \u00e0 des concerts lors de la F\u00eate du travailleur alpin \u00e0 Saint-Egr\u00e8ve <\/p>\n<p>Vendredi 27 et samedi 28 juin, la 96e \u00e9dition de la <strong>F\u00eate du travailleur alpin<\/strong> se d\u00e9roulera dans le parc Marius-Camet \u00e0 <strong>Saint-Egr\u00e8ve<\/strong>. Au programme, des d\u00e9bats sur des th\u00e8mes aussi divers que la financiarisation du football, le fascisme contemporain en Italie, les communes en danger : lieux de r\u00e9sistances et d&rsquo;actions progressistes ; ou encore gauche et monde du travail : quelle \u00e9quation gagnante ? La porte-parole du Parti communiste fran\u00e7ais, <strong>Barbara Gomes<\/strong> sera pr\u00e9sente pour parler de la question de l&rsquo;engagement politique.<\/p>\n<p>Des <strong>animations <\/strong>sont programm\u00e9es le samedi, en particulier un spectacle intitul\u00e9 Reste pas plant\u00e9 l\u00e0 qui conte les aventures d&rsquo;un \u00e9pouvantail avec Natacha Faillet. <\/p>\n<p>Chaque soir, des <strong>concerts <\/strong>auront lieu. A l&rsquo;affiche le vendredi \u00e0 partir de 18h45 : Potentiel limit\u00e9, Opus Crew, Krav Boca et Loforora. Le samedi \u00e0 partir de 18h10 : Seleynora, Mekanik Skankers, Debout sur le zinc et Desert Street. <\/p>\n<p><strong>Pratique<\/strong> <\/p>\n<p>F\u00eate du travailleur alpin, vendredi 27 et samedi 28 juin 2025 au parc Marius-Camet \u00e0 Saint-Egr\u00e8ve. Tarifs pr\u00e9vente : 21 euros pass une journ\u00e9e, 26 euros pass deux journ\u00e9es. Renseignements et r\u00e9servations : <a href=\"https:\/\/fete.travailleur-alpin.fr\/billetterie\/\" rel=\"noopener\" target=\"_blank\">sur le site de l&rsquo;\u00e9v\u00e9nement<\/a>.\u00a0<\/p>\n<p>  Aller voir un film \u00e0 5 euros en salles gr\u00e2ce \u00e0 la F\u00eate du cin\u00e9ma <img decoding=\"async\" alt=\"\" class=\"img-align-center img-size-limited\" data-zoomable=\"\" loading=\"lazy\" src=\"https:\/\/www.europesays.com\/fr\/wp-content\/uploads\/2025\/06\/1750938075_132_imagetools0.jpg\" title=\"\u00a9 Thomas Richardson - La F\u00eate du cin\u00e9ma 2025, c'est du dimanche 29 juin au mardi 2 juillet.\"\/> \u00a9 Thomas Richardson &#8211; La F\u00eate du cin\u00e9ma 2025, c&rsquo;est du dimanche 29 juin au mercredi 2 juillet. <\/p>\n<p>C&rsquo;est le moment de sortir dans les salles obscures \u00e0 l&rsquo;occasion de la <strong>F\u00eate du cin\u00e9ma 2025<\/strong>. Du<strong> dimanche 29 juin au mercredi 2 juillet<\/strong>, tous les films sont au tarif unique de <strong>5 euros<\/strong> dans les cin\u00e9mas participants. Parmi les films \u00e0 l&rsquo;affiche que l&rsquo;on conseillera : Enzo de Robin Campillo et Laurent Cantet, A Normal family de Hur Jin-Ho, Indomptables de Thomas Ngijol, Le Rendez-vous de l&rsquo;\u00e9t\u00e9 de Valentine Cadic ou encore Life of Chuck de Mike Flanagan.<\/p>\n<p>   Visiter l&rsquo;exposition collective de street art \u00e0 l&rsquo;ancien mus\u00e9e de peinture \u00e0 Grenoble <img decoding=\"async\" alt=\"\" class=\"img-align-center img-size-limited\" data-zoomable=\"\" loading=\"lazy\" src=\"https:\/\/www.europesays.com\/fr\/wp-content\/uploads\/2025\/06\/street-art-fest-expo.jpg\" title=\"\u00a9 Thomas Richardson - Dans le cadre du Street Art Fest 205, une exposition collective est pr\u00e9sent\u00e9e gratuitement \u00e0 l'ancien mus\u00e9e de peinture de Grenoble.\"\/> \u00a9 Thomas Richardson &#8211; Dans le cadre du Street Art Fest 2025, une exposition collective est pr\u00e9sent\u00e9e gratuitement \u00e0 l&rsquo;ancien mus\u00e9e de peinture de Grenoble. <\/p>\n<p>Dans le cadre du <a href=\"https:\/\/mesinfos.fr\/38000-grenoble\/street-art-fest-grenoble-alpes-le-coup-de-gueule-de-jerome-catz-face-au-retrait-de-subventions-223601.html\" rel=\"noopener\" target=\"_blank\">Street Art Fest 2025<\/a>, une e<strong>xposition collective<\/strong> est \u00e0 d\u00e9couvrir gratuitement \u00e0 <strong>l&rsquo;ancien mus\u00e9e de peinture<\/strong> de Grenoble. <\/p>\n<p>Une s\u00e9lection de plus de 60 \u0153uvres, r\u00e9alis\u00e9es par 15 artistes issus de la programmation du festival, offre un panorama riche et vivant de la cr\u00e9ation actuelle, entre pratiques locales et influences internationales. Un focus exceptionnel est r\u00e9alis\u00e9 sur l\u2019artiste espagnol, <strong>Deih<\/strong>, qui pr\u00e9sente en solo Ruins &amp; Stars (And that white noise in the background), une s\u00e9rie d\u2019\u0153uvres explorant les tensions entre ruines et \u00e9toiles, r\u00e9el et imaginaire, dans une narration \u00e0 la fois introspective et cosmique.<\/p>\n<p>Tout au long de l\u2019exposition, l\u2019\u00e9quipe du Street Art Fest assure un espace de m\u00e9diation et d\u2019\u00e9change, avec \u00e9galement une boutique proposant des \u00e9ditions, affiches et objets en lien avec les artistes pr\u00e9sent\u00e9s. <\/p>\n<p>  Plonger dans la culture s\u00e9n\u00e9galaise \u00e0 Grenoble <img decoding=\"async\" alt=\"\" class=\"img-size-full\" data-zoomable=\"\" loading=\"lazy\" src=\"https:\/\/www.europesays.com\/fr\/wp-content\/uploads\/2025\/06\/1750938075_132_imagetools0.jpg\" title=\"\u00a9 Thomas Richardson - En parall\u00e8le de l'exposition sur le Pays Bassari au Mus\u00e9e dauphinois une grande parade s\u00e9n\u00e9galaise aura lieu ce samedi 28 juin \u00e0 Grenoble.\"\/> \u00a9 Thomas Richardson &#8211; En parall\u00e8le de l&rsquo;exposition sur le Pays Bassari au Mus\u00e9e dauphinois, une grande parade s\u00e9n\u00e9galaise aura lieu ce samedi 28 juin \u00e0 Grenoble. <\/p>\n<p>Samedi 28 juin, \u00e0 partir de 17h, se tiendra la deuxi\u00e8me \u00e9dition de la <strong>Grande parade s\u00e9nagalaise<\/strong> organis\u00e9e par l&rsquo;Association des S\u00e9n\u00e9galais de l&rsquo;Is\u00e8re accompagn\u00e9e par les masques Mutants de la compagnie Culture ailleurs et trois artistes s\u00e9n\u00e9galais des compagnies Gorgorlou et Diamme la Paix de K\u00e9dougou. <\/p>\n<p>La parade d\u00e9ambulera dans les <strong>rues du centre-ville de Grenoble<\/strong> avec comme point de d\u00e9part et d&rsquo;arriv\u00e9e le <a href=\"https:\/\/mesinfos.fr\/38000-grenoble\/musee-dauphinois-a-grenoble-ce-qui-change-dans-l-exposition-permanente-186394.html\" rel=\"noopener\" target=\"_blank\">Mus\u00e9e dauphinois<\/a> en passant par la place Grenette et le Jardin de ville. Des rafra\u00eechissements et des sp\u00e9cialit\u00e9s culinaires s\u00e9n\u00e9galaises seront propos\u00e9es au retour de la d\u00e9ambulation dans les jardins du mus\u00e9e. <\/p>\n<p>Cet \u00e9v\u00e9nement fait \u00e9cho \u00e0 <a href=\"https:\/\/mesinfos.fr\/38000-grenoble\/exposition-plongee-dans-la-culture-africaine-du-pays-bassari-a-grenoble-220980.html\" rel=\"noopener\" target=\"_blank\">l&rsquo;exposition Pays Bassari <\/a>\u00e0 voir gratuitement au Mus\u00e9e dauphinois. <\/p>\n<p><strong>Pratique<\/strong> <\/p>\n<p>La Grande parade s\u00e9n\u00e9galaise, samedi 28 juin \u00e0 partir de 17h. Gratuit.<\/p>\n<p> Profiter des nombreuses animations sur les quais de l&rsquo;Is\u00e8re \u00e0 Grenoble <\/p>\n<p>Une nouvelle \u00e9dition de <strong>l&rsquo;Et\u00e9 sur les quais de l&rsquo;Is\u00e8re <\/strong>\u00e0 Grenoble, d\u00e9bute ce samedi 28 juin de 18h \u00e0 minuit au niveau des quais Perri\u00e8re et Saint-Laurent ainsi que place de la Cimaise. Deux autres dates sont pr\u00e9vues les samedis 5 et 12 juillet. <\/p>\n<p>Au programme samedi : course d&rsquo;orientation, maison des jeux, paddle, cano\u00eb et aviron sur l&rsquo;Is\u00e8re, initiation aux rollers, stand de maquillage, jeux de plage, initiation au monocycle, expositions et, \u00e0 partir de 21h, la m\u00e9ga boom Palavas V\u00e9gas avec la compagnie Toujours plus. DJs, com\u00e9diens, danseurs et techniciens unissent leurs talents pour embarquer le public dans un voyage kitsch et festif \u00e0 travers les hits pop des ann\u00e9es 70 \u00e0 aujourd\u2019hui.<\/p>\n<p><strong>Pratique<\/strong> <\/p>\n<p>L&rsquo;Et\u00e9 sur les quais, samedi 28 juin de 18h \u00e0 minuit, sur les quais de l&rsquo;Is\u00e8re \u00e0 Grenoble. Gratuit. Renseignements : <a href=\"https:\/\/www.grenoble.fr\/agenda\/4597\/1009-l-ete-sur-les-quais.htm\" rel=\"noopener\" target=\"_blank\">sur le site de la mairie<\/a>.\u00a0<\/p>\n<p>  C\u00e9l\u00e9brer les brasseries ind\u00e9pendantes et artisanales au jardin de ville de Grenoble <img decoding=\"async\" alt=\"\" class=\"img-align-center img-size-limited\" data-zoomable=\"\" loading=\"lazy\" src=\"https:\/\/www.europesays.com\/fr\/wp-content\/uploads\/2025\/06\/grass-light-plant-field-lawn-meadow-808501-pxherecom.jpg\" title=\"\u00a9 PxHere - Le festival des brasseurs ind\u00e9pendants artisanaux se d\u00e9roulera se dimanche 29 juin au jardin de ville de Grenoble.\"\/> \u00a9 PxHere &#8211; Le festival Bigre ! des brasseurs ind\u00e9pendants artisanaux se d\u00e9roulera ce dimanche 29 juin au jardin de ville de Grenoble. <\/p>\n<p>Dimanche 29 juin, de 11h30 \u00e0 21h, au <strong>jardin de ville,<\/strong> \u00e0 Grenoble, se d\u00e9roulera la 3e \u00e9dition du <strong>festival Bigre ! <\/strong>port\u00e9 par les brasseries ind\u00e9pendantes et artisanales de Grenoble et sa r\u00e9gion. Une quinzaine de <strong>brasseurs locaux<\/strong> participeront \u00e0 l&rsquo;\u00e9v\u00e9nement avec leurs produits. <\/p>\n<p>Un <strong>village du festival <\/strong>sera am\u00e9nag\u00e9 au sein du jardin de ville avec un foodtruck, un bar \u00e0 boissons sans alcool, des jeux en bois pour petits et grands, la Houblonnerie du Diois au nom l&rsquo;association des producteurs de houblons d\u2019Auvergne-Rh\u00f4ne-Alpes, pour tout savoir sur cette plante \u00e9trange, les associations Buveuses de bi\u00e8res et Pink boots society qui proposeront entre autre un chamboule-tout, de l\u2019upcycling de bouteilles, un espace p\u00e9dagogique et des conf\u00e9rences\/d\u00e9gustations guid\u00e9es. Sans oublier deux concerts.<\/p>\n<p><strong>Pratique<\/strong> <\/p>\n<p>Festival Bigre ! dimanche 29 juin de 11h \u00e0 21h au jardin de ville de Grenoble. Entr\u00e9e libre.<\/p>\n<p> O\u00f9 chiner \u00e0 Grenoble et alentour ? <\/p>\n<ul>\n<li>Samedi 28 juin, de 9h \u00e0 17h, <strong>vide-greniers<\/strong> place Saint-Bruno \u00e0 Grenoble. <\/li>\n<li>Samedi 28 juin, de 10h \u00e0 14h, brocante de la Cin\u00e9math\u00e8que de Grenoble, rue Hector-Berlioz \u00e0 Grenoble. <\/li>\n<li>Dimanche 29 juin, de 8h \u00e0 18h, vide-greniers rue du Dr-Mazet \u00e0 Grenoble. <\/li>\n<li>Dimanche 29 juin, de 6h \u00e0 14h, vide-greniers boulevard de l&rsquo;Esplanade. <\/li>\n<li>Dimanche 29 juin, de 8h \u00e0 18h, vide-greniers, avenue Louis-Armand \u00e0 <strong>Seyssins<\/strong>. <\/li>\n<li>Dimanche 29 juin, de 8h \u00e0 17h, vide-greniers, 16bis avenue du Maquis-de-l&rsquo;Oisans au<strong> Pont-de-Claix<\/strong>.<\/li>\n<\/ul>\n","protected":false},"excerpt":{"rendered":"Rendez-vous \u00e0 Grenoble ce week-end des 28 et 29 juin 2025 pour profiter d&rsquo;un grand nombre d&rsquo;\u00e9v\u00e9nements et&hellip;\n","protected":false},"author":2,"featured_media":205693,"comment_status":"","ping_status":"","sticky":false,"template":"","format":"standard","meta":{"footnotes":""},"categories":[9566],"tags":[1111,11,2430,1777,674,32814,1011,27,2731,12,18925,25],"class_list":{"0":"post-205692","1":"post","2":"type-post","3":"status-publish","4":"format-standard","5":"has-post-thumbnail","7":"category-grenoble","8":"tag-actu","9":"tag-actualites","10":"tag-auvergne-rhone-alpes","11":"tag-eu","12":"tag-europe","13":"tag-football-fu00e9minin","14":"tag-fr","15":"tag-france","16":"tag-grenoble","17":"tag-news","18":"tag-que-faire-ce-week-end-u00e0-grenoble","19":"tag-republique-francaise"},"share_on_mastodon":{"url":"https:\/\/pubeurope.com\/@fr\/114749485117862701","error":""},"_links":{"self":[{"href":"https:\/\/www.europesays.com\/fr\/wp-json\/wp\/v2\/posts\/205692","targetHints":{"allow":["GET"]}}],"collection":[{"href":"https:\/\/www.europesays.com\/fr\/wp-json\/wp\/v2\/posts"}],"about":[{"href":"https:\/\/www.europesays.com\/fr\/wp-json\/wp\/v2\/types\/post"}],"author":[{"embeddable":true,"href":"https:\/\/www.europesays.com\/fr\/wp-json\/wp\/v2\/users\/2"}],"replies":[{"embeddable":true,"href":"https:\/\/www.europesays.com\/fr\/wp-json\/wp\/v2\/comments?post=205692"}],"version-history":[{"count":0,"href":"https:\/\/www.europesays.com\/fr\/wp-json\/wp\/v2\/posts\/205692\/revisions"}],"wp:featuredmedia":[{"embeddable":true,"href":"https:\/\/www.europesays.com\/fr\/wp-json\/wp\/v2\/media\/205693"}],"wp:attachment":[{"href":"https:\/\/www.europesays.com\/fr\/wp-json\/wp\/v2\/media?parent=205692"}],"wp:term":[{"taxonomy":"category","embeddable":true,"href":"https:\/\/www.europesays.com\/fr\/wp-json\/wp\/v2\/categories?post=205692"},{"taxonomy":"post_tag","embeddable":true,"href":"https:\/\/www.europesays.com\/fr\/wp-json\/wp\/v2\/tags?post=205692"}],"curies":[{"name":"wp","href":"https:\/\/api.w.org\/{rel}","templated":true}]}}