{"id":205701,"date":"2025-06-26T11:46:10","date_gmt":"2025-06-26T11:46:10","guid":{"rendered":"https:\/\/www.europesays.com\/fr\/205701\/"},"modified":"2025-06-26T11:46:10","modified_gmt":"2025-06-26T11:46:10","slug":"un-formateur-de-citoyens-un-repere-parents-deleves-et-enseignants-celebrent-le-depart-en-retraite-de-jamel-jebabli-prof-de-sports-dans-ce-college-de-nice","status":"publish","type":"post","link":"https:\/\/www.europesays.com\/fr\/205701\/","title":{"rendered":"\u00ab\u00a0Un formateur de citoyens, un rep\u00e8re\u00a0\u00bb: parents d\u2019\u00e9l\u00e8ves et enseignants c\u00e9l\u00e8brent le d\u00e9part en retraite de Jamel Jebabli, prof de sports dans ce coll\u00e8ge de Nice"},"content":{"rendered":"<p>Un professeur engag\u00e9. Voil\u00e0 comment d\u00e9finiraient ceux qui ont \u00e9volu\u00e9 aux c\u00f4t\u00e9s de Jamel Jebabli. Apr\u00e8s des ann\u00e9es de service au sein de l\u2019\u00c9ducation nationale, le professeur d\u2019EPS au coll\u00e8ge Maurice Jaubert de l\u2019Ariane a donn\u00e9 son dernier cours avant de prendre sa retraite.<\/p>\n<p>Ce jeudi 19 juin, les \u00e9l\u00e8ves et les enseignants lui avaient r\u00e9serv\u00e9 une surprise. \u00ab\u00a0C\u2019\u00e9tait beaucoup d\u2019\u00e9motions. Les \u00e9l\u00e8ves n\u2018ont rien dit, je n\u2019\u00e9tais pas au courant. J\u2019ai ouvert la porte du gymnase et l\u00e0, une grande haie d\u2019honneur avec tout un parcours. Il y avait des \u00e9l\u00e8ves, les coll\u00e8gues, les agents. C\u2019\u00e9tait \u00e9norme\u00a0\u00bb. \u00ab\u00a0\u00c0 chaque fois que je regarde la vid\u00e9o, j\u2019en ai les larmes aux yeux\u00a0\u00bb, s\u2019\u00e9meut Audrey Pons, professeur d\u2019anglais. Elle voit en Jamel Jebabli \u00ab\u00a0un enseignant au grand c\u0153ur\u00a0\u00bb.<\/p>\n<p>\u00c0 l\u2019Ariane depuis 1998<\/p>\n<p>              <img ci-src=\"https:\/\/www.nicematin.com\/belle-histoire\/protec\/DATA_ART_15788160-pMyI01zT.jpg?vh=13a101&amp;ci_seal=b68937f697\" alt=\"\"\/><br \/>\n        Jamel Jebabli, devant la salle qui porte d\u00e9sormais son nom au coll\u00e8ge Maurice-Jaubert.  <strong>Photo Cyril Dodergny.<\/strong> <\/p>\n<p>N\u00e9 en 1957, il fait du sport d\u00e8s son plus jeune \u00e2ge, du football \u00e0 l\u2019athl\u00e9tisme. Puis, il int\u00e8gre la fac de sport en Tunisie avant d\u2019arriver en France en 1978 pour poursuivre ses \u00e9tudes. Au d\u00e9but de sa vie professionnelle, il navigue entre une dizaine d\u2019\u00e9tablissements en r\u00e9gion parisienne en tant que maitre-auxiliaire. Puis il passe le concours et devient officiellement professeur.<\/p>\n<p>Il exer\u00e7ait \u00e0 l\u2019Ariane depuis 1998, avec toujours un m\u00eame objectif: \u00ab\u00a0l\u2019engagement aupr\u00e8s des \u00e9l\u00e8ves. D\u2019abord pour d\u00e9velopper la pratique sportive, mais aussi les aider et les emmener vers la r\u00e9ussite scolaire\u00a0\u00bb, pr\u00e9cise Jamel Jebabli. Un de ses chevaux de bataille: l\u2019\u00e9galit\u00e9 filles-gar\u00e7ons, avec la mise en place d\u2019une section f\u00e9minine de football au coll\u00e8ge. \u00ab\u00a0C\u2019\u00e9tait la premi\u00e8re dans l\u2019acad\u00e9mie de Nice\u00a0\u00bb, se r\u00e9jouit le professeur. Cette section se poursuit. \u00ab\u00a0Une de mes \u00e9tudiantes a \u00e9t\u00e9 s\u00e9lectionn\u00e9e en \u00e9quipe du Maroc\u00a0\u00bb, vente fi\u00e8rement Jamel Jebabli.<\/p>\n<p>En 2007, il a \u00e9galement cr\u00e9\u00e9, \u00e0 l\u2019aide d\u2019un coll\u00e8gue, la classe jeunes sapeurs-pompiers. \u00ab\u00a0Une premi\u00e8re dans l\u2019\u00c9ducation nationale. Au d\u00e9part, il y avait des r\u00e9ticences \u00e0 faire entrer l\u2019uniforme au coll\u00e8ge. Mais on m\u2019a donn\u00e9 la chance de tester\u00a0\u00bb, se r\u00e9jouit le professeur d\u2019EPS, d\u00e9cor\u00e9 des palmes acad\u00e9miques. Un projet qui s\u2019est ensuite poursuivi avec la classe Citoyennet\u00e9.<\/p>\n<p>\u00ab\u00a0J\u2019ai donn\u00e9 tout mon c\u0153ur \u00e0 ce coll\u00e8ge\u00a0\u00bb<\/p>\n<p>              <img ci-src=\"https:\/\/www.nicematin.com\/belle-histoire\/protec\/DATA_ART_15788152-e01NYMTZ.jpg?vh=f7de1d&amp;ci_seal=21e4fabfb4\" alt=\"\"\/><br \/>\n        Jamel Jebabli entour\u00e9 de ses coll\u00e8gues enseignants. <strong>Photo Marjorie Lalane.<\/strong> <\/p>\n<p>\u00ab\u00a0Il a eu mille vies. Il ne se rend pas compte de l\u2019impact qu\u2019il a sur nos enfants\u00a0\u00bb, sourit Kheira Ghoulame, parent d\u2019\u00e9l\u00e8ve. \u00ab\u00a0J\u2019ai donn\u00e9 tout mon c\u0153ur \u00e0 ce coll\u00e8ge et j\u2019\u00e9tais habit\u00e9 par ces projets. Les \u00e9l\u00e8ves ont appris le respect de l\u2019autorit\u00e9, la solidarit\u00e9\u00a0\u00bb, poursuit Jamel Jebabli. Chaque ann\u00e9e, il a conduit ses \u00e9l\u00e8ves \u00e0 donner le meilleur d\u2019eux-m\u00eames et \u00e0 se d\u00e9passer. \u00ab\u00a0Jamel, c\u2019est le grand fr\u00e8re autoritaire dont chaque \u00e9l\u00e8ve peut r\u00eaver. Un formateur de citoyens, un rep\u00e8re. Il a fait aimer la France \u00e0 nos enfants\u00a0\u00bb, poursuit Kheira Ghoulame.<\/p>\n<p>Formateur des professeurs stagiaires, il leur montrait la r\u00e9alit\u00e9 du terrain dans un \u00e9tablissement class\u00e9 en REP (r\u00e9seau d\u2019\u00e9ducation prioritaire), gagnant le respect des \u00e9l\u00e8ves \u00ab\u00a0Pas par la sanction, mais par une autorit\u00e9 naturelle, des r\u00e8gles fix\u00e9es d\u00e8s le d\u00e9part et du dialogue. Ils savaient que j\u2019\u00e9tais droit avec eux\u00a0\u00bb, assure l\u2019enseignement d\u2019EPS. D\u2019apr\u00e8s lui, le m\u00e9tier de professeur est devenu difficile, en raison de changements soci\u00e9taux et d\u2019une disparit\u00e9 de niveaux de plus en plus forte.<\/p>\n<p>Le bureau d\u2019EPS \u00e0 son nom<\/p>\n<p>En signe de remerciement pour son engagement, l\u2019\u00e9tablissement a baptis\u00e9 le bureau d\u2019EPS au nom de l\u2019enseignant et fait poser une plaque. \u00ab\u00a0Je dis merci \u00e0 ma femme parce qu\u2019elle m\u2019a support\u00e9. Elle a \u00e9t\u00e9 d\u2019une grande patience et m\u2019a toujours encourag\u00e9\u00a0\u00bb, reconna\u00eet Jamel Jebabli. D\u00e9sormais en retraite, il va profiter. \u00ab\u00a0Il y a un pincement de c\u0153ur parce que j\u2019avais un attachement profond pour ce coll\u00e8ge, les \u00e9l\u00e8ves et les enfants de l\u2019Ariane. Mais il y a une rel\u00e8ve\u00a0\u00bb, se rassure-t-il. Il a d\u00e9j\u00e0 pr\u00e9vu son programme de retrait\u00e9: \u00ab\u00a0repos \u00e0 la maison, promenades, randonn\u00e9es dans l\u2019arri\u00e8re-pays et du b\u00e9n\u00e9volat. Mais toujours debout \u00e0 5h30!\u00a0\u00bb, sourit l\u2019enseignant.<\/p>\n","protected":false},"excerpt":{"rendered":"Un professeur engag\u00e9. Voil\u00e0 comment d\u00e9finiraient ceux qui ont \u00e9volu\u00e9 aux c\u00f4t\u00e9s de Jamel Jebabli. Apr\u00e8s des ann\u00e9es&hellip;\n","protected":false},"author":2,"featured_media":205702,"comment_status":"","ping_status":"","sticky":false,"template":"","format":"standard","meta":{"footnotes":""},"categories":[2819],"tags":[1111,11,11130,1057,1777,674,1011,27,12,2401,882,25],"class_list":{"0":"post-205701","1":"post","2":"type-post","3":"status-publish","4":"format-standard","5":"has-post-thumbnail","7":"category-nice","8":"tag-actu","9":"tag-actualites","10":"tag-belle-histoire","11":"tag-education","12":"tag-eu","13":"tag-europe","14":"tag-fr","15":"tag-france","16":"tag-news","17":"tag-nice","18":"tag-provence-alpes-cote-dazur","19":"tag-republique-francaise"},"share_on_mastodon":{"url":"https:\/\/pubeurope.com\/@fr\/114749504472575876","error":""},"_links":{"self":[{"href":"https:\/\/www.europesays.com\/fr\/wp-json\/wp\/v2\/posts\/205701","targetHints":{"allow":["GET"]}}],"collection":[{"href":"https:\/\/www.europesays.com\/fr\/wp-json\/wp\/v2\/posts"}],"about":[{"href":"https:\/\/www.europesays.com\/fr\/wp-json\/wp\/v2\/types\/post"}],"author":[{"embeddable":true,"href":"https:\/\/www.europesays.com\/fr\/wp-json\/wp\/v2\/users\/2"}],"replies":[{"embeddable":true,"href":"https:\/\/www.europesays.com\/fr\/wp-json\/wp\/v2\/comments?post=205701"}],"version-history":[{"count":0,"href":"https:\/\/www.europesays.com\/fr\/wp-json\/wp\/v2\/posts\/205701\/revisions"}],"wp:featuredmedia":[{"embeddable":true,"href":"https:\/\/www.europesays.com\/fr\/wp-json\/wp\/v2\/media\/205702"}],"wp:attachment":[{"href":"https:\/\/www.europesays.com\/fr\/wp-json\/wp\/v2\/media?parent=205701"}],"wp:term":[{"taxonomy":"category","embeddable":true,"href":"https:\/\/www.europesays.com\/fr\/wp-json\/wp\/v2\/categories?post=205701"},{"taxonomy":"post_tag","embeddable":true,"href":"https:\/\/www.europesays.com\/fr\/wp-json\/wp\/v2\/tags?post=205701"}],"curies":[{"name":"wp","href":"https:\/\/api.w.org\/{rel}","templated":true}]}}