{"id":205717,"date":"2025-06-26T11:54:08","date_gmt":"2025-06-26T11:54:08","guid":{"rendered":"https:\/\/www.europesays.com\/fr\/205717\/"},"modified":"2025-06-26T11:54:08","modified_gmt":"2025-06-26T11:54:08","slug":"roubaix-sergic-annonce-louverture-dune-nouvelle-residence-etudiante-avec-pres-de-300-logements","status":"publish","type":"post","link":"https:\/\/www.europesays.com\/fr\/205717\/","title":{"rendered":"Roubaix. Sergic annonce l&rsquo;ouverture d&rsquo;une nouvelle r\u00e9sidence \u00e9tudiante avec pr\u00e8s de 300 logements"},"content":{"rendered":"<p>            Par<br \/>\n        <strong><br \/>\n            <a href=\"https:\/\/actu.fr\/auteur\/nicolas-demollien\" title=\"Consulter tous les articles de Nicolas Demollien\" target=\"_blank\" rel=\"noopener\">Nicolas Demollien<\/a><br \/>\n        <\/strong><\/p>\n<p>        Publi\u00e9 le<\/p>\n<p>            26 juin 2025 \u00e0 13h30        <\/p>\n<p>Le <b>groupe de services immobiliers Sergic<\/b> vient d\u2019annoncer l\u2019<b>ouverture d\u2019une r\u00e9sidence<\/b> <a href=\"https:\/\/actu.fr\/tag\/etudiantses\" target=\"_blank\" rel=\"noopener\">\u00e9tudiante<\/a> \u00e0 <a href=\"https:\/\/actu.fr\/hauts-de-france\/roubaix_59512\" target=\"_blank\" rel=\"noopener\">Roubaix<\/a> (Nord) sous son mod\u00e8le \u00ab\u00a0<b>Twenty campus<\/b>\u00a0\u00bb qui inclut de nombreux services. Elle ouvrira au mois d\u2019ao\u00fbt 2025 et proposera <b>291 logements, du studio au T2<\/b>.<\/p>\n<p>Une nouvelle r\u00e9sidence \u00e9tudiante Twenty Campus \u00e0 Roubaix<\/p>\n<p data-end=\"1668\" class=\" wall-content\">Implant\u00e9e au <b>56 quai de Boulogne<\/b>, \u00e0 proximit\u00e9 imm\u00e9diate d\u2019\u00e9coles et d\u2019universit\u00e9s, la r\u00e9sidence propose des <b>logements tout \u00e9quip\u00e9s<\/b> ainsi que des <b>services inclus dans le loyer<\/b> : petit-d\u00e9jeuner, salle de sport, espaces de coworking, internet illimit\u00e9, m\u00e9nage deux fois par mois, responsable de r\u00e9sidence sur place ou encore animations.<\/p>\n<p data-end=\"3360\" class=\" wall-content\">\u00ab\u00a0Bien plus qu\u2019un toit, c\u2019est une exp\u00e9rience con\u00e7ue pour favoriser le bien-\u00eatre, la r\u00e9ussite scolaire et la convivialit\u00e9\u00a0\u00bb, assure Ma\u00eft\u00e9 Dessailly, directrice de l\u2019exploitation Twenty campus chez Sergic.<\/p>\n<p data-end=\"3360\" class=\" wall-content\">La r\u00e9sidence b\u00e9n\u00e9ficie d\u2019un <b>emplacement privil\u00e9gi\u00e9 au bord du canal de Roubaix<\/b>. Plusieurs arr\u00eats de bus et la ligne 2 du m\u00e9tro <a href=\"https:\/\/actu.fr\/tag\/ilevia\" target=\"_blank\" rel=\"noopener\">Il\u00e9via<\/a> se trouvent \u00e0 quelques minutes \u00e0 pied. On note \u00e9galement la pr\u00e9sence d\u2019un <b>parking s\u00e9curis\u00e9<\/b> \u00e0 disposition pour ceux qui poss\u00e8dent un v\u00e9hicule.<\/p>\n<p data-end=\"2055\" class=\" wall-content\">Plusieurs tailles de logements (tous meubl\u00e9s) et tarifs y sont propos\u00e9s :\u00a0<\/p>\n<ul class=\" wall-content\">\n<li data-end=\"2055\"><b>Chambre en colocation<\/b> (18 m\u00b2) \u00e0 partir de 500 \u20ac,<\/li>\n<li data-end=\"2055\"><b>Studio<\/b> (17 m2) \u00e0 partir de 580 \u20ac,<\/li>\n<li data-end=\"2055\"><b>T1<\/b> (21 m2) \u00e0 partir de 620 \u20ac,<\/li>\n<li data-end=\"2055\"><b>T2<\/b> (31 m2) \u00e0 partir de 700 \u20ac.<\/li>\n<\/ul>\n<p data-end=\"2055\" class=\" wall-content\">Toutes les informations sur la r\u00e9sidence sont disponibles sur le site <a href=\"https:\/\/www.twenty-campus.com\/fr\/residences\/roubaix-e-camp\/\" target=\"_blank\" rel=\"noopener\">twenty-campus.com<\/a><\/p>\n<p>Six nouvelles r\u00e9sidences \u00e0 l\u2019horizon 2025<\/p>\n<p data-end=\"2540\" class=\" wall-content\">En compl\u00e9ment de l\u2019ouverture de Roubaix, Sergic ouvrira \u00e9galement 6 autres r\u00e9sidences Twenty Campus \u00e0 travers tout la France. Le r\u00e9seau compte d\u00e9sormais <b>12 implantations <\/b>dans la m\u00e9tropole de <a href=\"https:\/\/actu.fr\/hauts-de-france\/lille_59350\" target=\"_blank\" rel=\"noopener\">Lille<\/a>, soit pr\u00e8s de 2\u2009200 logements.<\/p>\n<p data-end=\"2540\" class=\" wall-content\">Un d\u00e9veloppement qui s\u2019ajoute au r\u00e9seau d\u2019agences immobili\u00e8res Sergic pr\u00e9sentes dans les <a href=\"https:\/\/actu.fr\/hauts-de-france\/\" target=\"_blank\" rel=\"noopener\">Hauts-de-France<\/a>. \u00ab\u00a0Cela renforce notre ancrage local et notre position d\u2019acteur incontournable du logement \u00e9tudiant\u00a0\u00bb, se f\u00e9licite le groupe.<\/p>\n<p data-end=\"1004\" class=\" wall-content\">Et d\u2019affirmer haut et fort son ambition : \u00ab\u00a0<b>offrir bien plus qu\u2019un simple h\u00e9bergement, mais un v\u00e9ritable cadre de vie<\/b> stimulant et porteur de lien social\u00a0\u00bb. Voil\u00e0 qui est dit.<\/p>\n<p class=\" wall-content\">Suivez toute l\u2019actualit\u00e9 de vos villes et m\u00e9dias favoris en vous inscrivant \u00e0 <a href=\"https:\/\/moncompte.actu.fr\" title=\"D\u00e9couvez Mon Actu\" rel=\"nofollow noopener\" data-trk=\"{&quot;cta&quot;:{&quot;action&quot;:&quot;https:\\\/\\\/moncompte.actu.fr&quot;,&quot;category&quot;:&quot;mon compte&quot;,&quot;from&quot;:&quot;article footer&quot;,&quot;name&quot;:&quot;Mon actu&quot;,&quot;type&quot;:&quot;cta&quot;}}\" target=\"_blank\">Mon Actu<\/a>.<\/p>\n<ul class=\"ac-article-tag wall-content\">\n<li><a href=\"https:\/\/actu.fr\/tag\/etudiantses\" data-trk=\"{&quot;cta&quot;:{&quot;action&quot;:&quot;Etudiants(es)&quot;,&quot;category&quot;:&quot;tag&quot;,&quot;from&quot;:&quot;article footer&quot;,&quot;name&quot;:&quot;Etudiants(es)&quot;,&quot;type&quot;:&quot;cta&quot;}}\" target=\"_blank\" rel=\"noopener\">#Etudiants(es)<\/a><\/li>\n<li><a href=\"https:\/\/actu.fr\/tag\/immobilier\" data-trk=\"{&quot;cta&quot;:{&quot;action&quot;:&quot;Immobilier&quot;,&quot;category&quot;:&quot;tag&quot;,&quot;from&quot;:&quot;article footer&quot;,&quot;name&quot;:&quot;Immobilier&quot;,&quot;type&quot;:&quot;cta&quot;}}\" target=\"_blank\" rel=\"noopener\">#Immobilier<\/a><\/li>\n<\/ul>\n","protected":false},"excerpt":{"rendered":"Par Nicolas Demollien Publi\u00e9 le 26 juin 2025 \u00e0 13h30 Le groupe de services immobiliers Sergic vient d\u2019annoncer&hellip;\n","protected":false},"author":2,"featured_media":205718,"comment_status":"","ping_status":"","sticky":false,"template":"","format":"standard","meta":{"footnotes":""},"categories":[2815],"tags":[1111,11,1064,1777,674,1011,27,811,1116,1307,12,25,104],"class_list":{"0":"post-205717","1":"post","2":"type-post","3":"status-publish","4":"format-standard","5":"has-post-thumbnail","7":"category-lille","8":"tag-actu","9":"tag-actualites","10":"tag-etudiantses","11":"tag-eu","12":"tag-europe","13":"tag-fr","14":"tag-france","15":"tag-hauts-de-france","16":"tag-immobilier","17":"tag-lille","18":"tag-news","19":"tag-republique-francaise","20":"tag-societe"},"share_on_mastodon":{"url":"https:\/\/pubeurope.com\/@fr\/114749536109536797","error":""},"_links":{"self":[{"href":"https:\/\/www.europesays.com\/fr\/wp-json\/wp\/v2\/posts\/205717","targetHints":{"allow":["GET"]}}],"collection":[{"href":"https:\/\/www.europesays.com\/fr\/wp-json\/wp\/v2\/posts"}],"about":[{"href":"https:\/\/www.europesays.com\/fr\/wp-json\/wp\/v2\/types\/post"}],"author":[{"embeddable":true,"href":"https:\/\/www.europesays.com\/fr\/wp-json\/wp\/v2\/users\/2"}],"replies":[{"embeddable":true,"href":"https:\/\/www.europesays.com\/fr\/wp-json\/wp\/v2\/comments?post=205717"}],"version-history":[{"count":0,"href":"https:\/\/www.europesays.com\/fr\/wp-json\/wp\/v2\/posts\/205717\/revisions"}],"wp:featuredmedia":[{"embeddable":true,"href":"https:\/\/www.europesays.com\/fr\/wp-json\/wp\/v2\/media\/205718"}],"wp:attachment":[{"href":"https:\/\/www.europesays.com\/fr\/wp-json\/wp\/v2\/media?parent=205717"}],"wp:term":[{"taxonomy":"category","embeddable":true,"href":"https:\/\/www.europesays.com\/fr\/wp-json\/wp\/v2\/categories?post=205717"},{"taxonomy":"post_tag","embeddable":true,"href":"https:\/\/www.europesays.com\/fr\/wp-json\/wp\/v2\/tags?post=205717"}],"curies":[{"name":"wp","href":"https:\/\/api.w.org\/{rel}","templated":true}]}}