{"id":205719,"date":"2025-06-26T11:55:10","date_gmt":"2025-06-26T11:55:10","guid":{"rendered":"https:\/\/www.europesays.com\/fr\/205719\/"},"modified":"2025-06-26T11:55:10","modified_gmt":"2025-06-26T11:55:10","slug":"venez-parler-velo-a-lille-actualites","status":"publish","type":"post","link":"https:\/\/www.europesays.com\/fr\/205719\/","title":{"rendered":"Venez parler v\u00e9lo \u00e0 Lille ! \/ Actualit\u00e9s"},"content":{"rendered":"<p>Une matin\u00e9e pour parler v\u00e9lo\u2026 sous toutes ses formes<\/p>\n<p>Destin\u00e9e \u00e0 croiser les regards d\u2019experts, de partenaires, d\u2019\u00e9lus, de sportifs ou encore d\u2019acteurs associatifs, cette matin\u00e9e de conf\u00e9rences et d\u2019\u00e9changes mettra \u00e0 l\u2019honneur le\u00a0<strong>v\u00e9lo sous toutes ses formes<\/strong>\u00a0: pratique sportive, mobilit\u00e9s du quotidien, tourisme, inclusion sociale ou encore \u00e9ducation.<\/p>\n<p>L\u2019objectif est clair :\u00a0<strong>montrer comment le passage du Tour de France peut \u00eatre un v\u00e9ritable levier de transformation pour les territoires<\/strong>, en valorisant les politiques locales et nationales en faveur du v\u00e9lo.<\/p>\n<p><strong>Au programme<\/strong><\/p>\n<p>La conf\u00e9rence, qui d\u00e9butera par un mot de bienvenue de la part d&rsquo;<strong>Arnaud Deslandes<\/strong> (maire de Lille) et <strong>Christian Prudhomme<\/strong> (Directeur du Tour de France), s\u2019articulera autour de\u00a0<strong>trois tables rondes<\/strong>\u00a0et\u00a0<strong>deux capsules th\u00e9matiques<\/strong>\u00a0:<\/p>\n<ul class=\"listPuce\">\n<li><strong>Table ronde 1<\/strong>\u00a0: <strong>Tour et politiques cyclables\u00a0: quand le v\u00e9lo change les villes\u00a0!\u00a0(9h45-10h25<\/strong><\/li>\n<\/ul>\n<p>Comment le passage du Tour de France peut renforcer les ambitions et les dynamiques cyclables des territoires travers\u00e9s ? En pr\u00e9sence de :<\/p>\n<p>Pierre POSMYK, adjoint au maire de Lille\u00a0d\u00e9l\u00e9gu\u00e9\u00a0\u00e0 la Biodiversit\u00e9 et aux Mobilit\u00e9s actives ;<\/p>\n<p>\u00c9ric SKYRONKA, Vice-pr\u00e9sident\u00a0de la M\u00e9tropole Europ\u00e9enne de Lille\u00a0d\u00e9l\u00e9gu\u00e9 aux sports et\u00a0\u00e0 la\u00a0m\u00e9tropole citoyenne<\/p>\n<p>Karine BOZZACCHI,\u00a0Responsable RSE\u00a0du Tour de France<\/p>\n<p>Olivier SCHNEIDER, directeur du Fonds d\u2019Innovation pour les Mobilit\u00e9s Actives, ancien Pr\u00e9sident de la F\u00e9d\u00e9ration des Usagers de la Bicyclette<\/p>\n<ul class=\"listPuce\">\n<li><strong>Table ronde 2\u00a0: Tour et tourisme \u00e0 v\u00e9lo : Grande Boucle et petites boucles !\u00a0(10h30-11h10)<\/strong><\/li>\n<\/ul>\n<p>Comment le Tour de France contribue au rayonnement touristique de la France et peut donner envie de revenir, \u00e0 v\u00e9lo, \u00e0 son rythme, sur les routes de notre pays ?<\/p>\n<p>En pr\u00e9sence de :<\/p>\n<p>S\u00e9bastien SEGUIN,\u00a0<br \/>\n<a name=\"_Hlk201428510\" id=\"_Hlk201428510\"\/>Vice-pr\u00e9sident\u00a0du D\u00e9partement du Nord\u00a0en charge du tourisme et de la Mobilit\u00e9 douce<\/p>\n<p>Antoine SILLANI, Vice-pr\u00e9sident\u00a0de la R\u00e9gion des Hauts-de-France en charge des sports,\u00a0de la\u00a0jeunesse\u00a0et de la\u00a0vie associative<\/p>\n<p>Camille\u00a0THOM\u00c9, Co-directrice du R\u00e9seau v\u00e9lo et marche<\/p>\n<p>Romain FRANCOIS, r\u00e9alisateur\u00a0TV de courses cyclistes, r\u00e9alisateur du signal international du Tour de France\u2022\u00a0Franck BOREL, chef du service des sports et de l\u2019\u00e9ducation populaire du D\u00e9partement de\u00a0Vaucluse.<\/p>\n<ul class=\"listPuce\">\n<li><strong>Table ronde 3<\/strong>\u00a0: <strong>Tour et \u00e9ducation \u00e0 la mobilit\u00e9 \u00e0 v\u00e9lo\u00a0: tous en selle d\u00e8s le plus jeune \u00e2ge !\u00a0(11h50-12h30)<\/strong><\/li>\n<\/ul>\n<p>Seront \u00e9galement propos\u00e9es :<\/p>\n<ul class=\"listPuce\">\n<li>une\u00a0<strong>capsule inspiration<\/strong>\u00a0(11h30-11h45) sur le v\u00e9lo comme outil d\u2019\u00e9mancipation sociale (en partenariat avec le Secours Populaire et M\u00e9c\u00e9nat Chirurgie Cardiaque). \u00ab Le Tour c\u00f4t\u00e9 c\u0153ur \u00bb, ou comment un grand \u00e9v\u00e9nement comme le Tour de France et le v\u00e9lo comme objet peuvent servir des causes solidaires ?<\/li>\n<\/ul>\n<p>T\u00e9moignages crois\u00e9s de Christian LAMPIN,\u00a0Secr\u00e9taire National du Secours populaire fran\u00e7ais, et\u00a0Orso\u00a0CHETOCHINE, Directeur de M\u00e9c\u00e9nat Chirurgie Cardiaque.<\/p>\n<ul class=\"listPuce\">\n<li>une\u00a0<strong>capsule de cl\u00f4ture<\/strong>\u00a0(12h35-12h55) sur la\u00a0<strong>f\u00e9minisation du cyclisme<\/strong>, avec un clin d\u2019\u0153il au Tour de France Femmes.<\/li>\n<\/ul>\n<p>Focus sur la place croissante des femmes dans le cyclisme et leur pouvoir d\u2019inspiration.<\/p>\n<p><strong>T\u00e9moignage\u00a0de\u00a0Marion\u00a0ROUSSE<\/strong>, Directrice du Tour de France Femmes avec\u00a0Zwift, Consultante France T\u00e9l\u00e9visions\u00a0\u2013 \u00ab\u00a0Une ch\u2019ti devenue grande\u00a0\u00bb.<\/p>\n<p><strong>Et l\u2019apr\u00e8s-midi ?<\/strong><\/p>\n<p>En compl\u00e9ment des \u00e9changes du matin, les participants seront invit\u00e9s \u00e0 d\u00e9couvrir la\u00a0<a href=\"https:\/\/www.lille.fr\/Vivre-a-Lille\/Me-deplacer\/La-Maison-des-Mobilites-Durables\" target=\"_self\" class=\"lien_interne\" rel=\"noopener\"><strong>Maison des Mobilit\u00e9s Durables<\/strong><\/a>, inaugur\u00e9e r\u00e9cemment \u00e0 Lille-Centre, ainsi que les\u00a0<strong>Ateliers du Tour<\/strong>\u00a0dans le Fan Park du Grand Palais.<\/p>\n<p>Infos pratiques<\/p>\n<p>\nH\u00f4tel de Ville de Lille, Grand Carr\u00e9<br \/>Vendredi 4 juillet, de 9h \u00e0 13h<br \/>Entr\u00e9e gratuite, sur inscription par mail :\u00a0<a href=\"https:\/\/www.lille.fr\/Actualites\/mailto:ProtocoleSecrtariat@mairie-lille.fr\" title=\"Cliquez pour ouvrir votre messagerie\" target=\"_self\" class=\"lien_interne\" rel=\"noopener\">ProtocoleSecrtariat@mairie-lille.fr<\/a><\/p>\n<p>Tout savoir sur le d\u00e9part du Tour de France \u00e0 Lille<\/p>\n","protected":false},"excerpt":{"rendered":"Une matin\u00e9e pour parler v\u00e9lo\u2026 sous toutes ses formes Destin\u00e9e \u00e0 croiser les regards d\u2019experts, de partenaires, d\u2019\u00e9lus,&hellip;\n","protected":false},"author":2,"featured_media":205720,"comment_status":"","ping_status":"","sticky":false,"template":"","format":"standard","meta":{"footnotes":""},"categories":[2815],"tags":[1111,11,4763,1777,674,1011,27,811,1307,5415,12,25],"class_list":{"0":"post-205719","1":"post","2":"type-post","3":"status-publish","4":"format-standard","5":"has-post-thumbnail","7":"category-lille","8":"tag-actu","9":"tag-actualites","10":"tag-agenda","11":"tag-eu","12":"tag-europe","13":"tag-fr","14":"tag-france","15":"tag-hauts-de-france","16":"tag-lille","17":"tag-mairie","18":"tag-news","19":"tag-republique-francaise"},"share_on_mastodon":{"url":"https:\/\/pubeurope.com\/@fr\/114749539866346158","error":""},"_links":{"self":[{"href":"https:\/\/www.europesays.com\/fr\/wp-json\/wp\/v2\/posts\/205719","targetHints":{"allow":["GET"]}}],"collection":[{"href":"https:\/\/www.europesays.com\/fr\/wp-json\/wp\/v2\/posts"}],"about":[{"href":"https:\/\/www.europesays.com\/fr\/wp-json\/wp\/v2\/types\/post"}],"author":[{"embeddable":true,"href":"https:\/\/www.europesays.com\/fr\/wp-json\/wp\/v2\/users\/2"}],"replies":[{"embeddable":true,"href":"https:\/\/www.europesays.com\/fr\/wp-json\/wp\/v2\/comments?post=205719"}],"version-history":[{"count":0,"href":"https:\/\/www.europesays.com\/fr\/wp-json\/wp\/v2\/posts\/205719\/revisions"}],"wp:featuredmedia":[{"embeddable":true,"href":"https:\/\/www.europesays.com\/fr\/wp-json\/wp\/v2\/media\/205720"}],"wp:attachment":[{"href":"https:\/\/www.europesays.com\/fr\/wp-json\/wp\/v2\/media?parent=205719"}],"wp:term":[{"taxonomy":"category","embeddable":true,"href":"https:\/\/www.europesays.com\/fr\/wp-json\/wp\/v2\/categories?post=205719"},{"taxonomy":"post_tag","embeddable":true,"href":"https:\/\/www.europesays.com\/fr\/wp-json\/wp\/v2\/tags?post=205719"}],"curies":[{"name":"wp","href":"https:\/\/api.w.org\/{rel}","templated":true}]}}