{"id":205723,"date":"2025-06-26T11:57:09","date_gmt":"2025-06-26T11:57:09","guid":{"rendered":"https:\/\/www.europesays.com\/fr\/205723\/"},"modified":"2025-06-26T11:57:09","modified_gmt":"2025-06-26T11:57:09","slug":"scandale-a-loffice-anti-stups-de-marseille-deux-commissaires-de-police-presentes-a-la-justice","status":"publish","type":"post","link":"https:\/\/www.europesays.com\/fr\/205723\/","title":{"rendered":"Scandale \u00e0 l\u2019Office anti-stups de Marseille\u00a0: deux commissaires de police pr\u00e9sent\u00e9s \u00e0 la justice"},"content":{"rendered":"<p class=\"paragraph text_align_left lp-f-body-02\">L\u2019enqu\u00eate sur les m\u00e9thodes de <a href=\"https:\/\/www.leparisien.fr\/faits-divers\/deux-policiers-de-loffice-antistup-de-marseille-presentes-a-un-juge-04-04-2025-OOE4T2U74BCU3JOCW25VKPGNVE.php\" target=\"_blank\" rel=\"noreferrer nofollow noopener\">l\u2019Office antistups (Ofast) de Marseille<\/a> et la disparition myst\u00e9rieuse de pr\u00e8s de 400 kilos de coca\u00efne lors d\u2019une op\u00e9ration rentre dans une phase extr\u00eamement sensible. Apr\u00e8s trois jours de garde \u00e0 vue dans les locaux de l\u2019Inspection g\u00e9n\u00e9rale de la police nationale (IGPN) \u00e0 Paris, <a href=\"https:\/\/www.leparisien.fr\/faits-divers\/disparition-de-pres-de-400-kilos-de-cocaine-les-patrons-de-loffice-antistups-de-marseille-places-en-garde-a-vue-23-06-2025-UA5BTE2GIVEX7IETHXI3GXSMMM.php\" target=\"_blank\" rel=\"noreferrer nofollow noopener\">les deux chefs de cette unit\u00e9 anti-drogue d\u2019\u00e9lite<\/a> ont \u00e9t\u00e9 pr\u00e9sent\u00e9s \u00e0 la justice. D\u2019abord la commissaire divisionnaire G., num\u00e9ro 1 de l\u2019antenne Ofast de Marseille, en charge de la section stup\u00e9fiants et prox\u00e9n\u00e9tisme.<\/p>\n<p class=\"paragraph text_align_left lp-f-body-02\">Selon nos informations, cette haut grad\u00e9e a \u00e9t\u00e9 mise en examen mercredi soir \u00e0 Paris par les juges d\u2019instruction de la Juridiction nationale de lutte contre la criminalit\u00e9 organis\u00e9e (Junalco) pour \u00ab faux en \u00e9criture publique par personne d\u00e9positaire de l\u2019autorit\u00e9 publique \u00bb, une infraction criminelle, ainsi que \u00ab atteinte \u00e0 l\u2019intimit\u00e9 de la vie priv\u00e9e par fixation, enregistrement ou transmission de l\u2019image et des paroles d\u2019une personne \u00bb. Elle a \u00e9t\u00e9 plac\u00e9e sous contr\u00f4le judiciaire avec notamment l\u2019interdiction d\u2019exercer son m\u00e9tier de polici\u00e8re dans les Bouches-du-Rh\u00f4ne.<\/p>\n<p class=\"paragraph text_align_left lp-f-body-02\">Son adjoint, le commissaire de police L., est quant \u00e0 lui en cours de pr\u00e9sentation ce jeudi matin devant les magistrats instructeurs en vue d\u2019une mise en examen. Au cours de sa garde \u00e0 vue, ce jeune grad\u00e9 a fait l\u2019objet d\u2019une confrontation avec le patron de la police judiciaire de Marseille en personne, qui chapeaute l\u2019Ofast de Marseille, signe que cette affaire embarrassante ne cesse d\u2019\u00e9clabousser toujours plus haut la hi\u00e9rarchie polici\u00e8re. Ce dernier, un contr\u00f4leur g\u00e9n\u00e9ral de police, a \u00e9t\u00e9 entendu pour l\u2019heure en audition libre, \u00e0 l\u2019IGPN, sans faire l\u2019objet de mesure de garde \u00e0 vue.<\/p>\n<p>L\u2019avenir de l\u2019antistup \u00e0 Marseille en question<\/p>\n<p class=\"paragraph text_align_left lp-f-body-02\">La mise en cause de deux commissaires responsables de la lutte antidrogue \u00e0 Marseille risque de cr\u00e9er une d\u00e9flagration au sein de la police. Elle pose question sur l\u2019avenir de l\u2019antenne Marseille de l\u2019Ofast, submerg\u00e9e par les dossiers de narcotrafic et connue jusqu\u2019\u00e0 pr\u00e9sent pour ses enqu\u00eates de haut vol et ses saisies de drogue ph\u00e9nom\u00e9nales. Qui va d\u00e9sormais vouloir diriger ce service d\u00e9capit\u00e9 ?<\/p>\n<p class=\"lp-card-podcast-highlighting__title  lp-f-subtitle-05\">Caussols, la ferme de l\u2019horreur (2\/2)<\/p>\n<p class=\"lp-card-podcast-highlighting__description lp-f-ui-05\">Crime story raconte chaque semaine les grandes affaires criminelles.<\/p>\n<p><a class=\"lp-card-podcast-highlighting__call-to-action\" data-page-type=\"HP\" data-block-name=\"podcast-highlight\">\u00c9couter<\/a><\/p>\n<p class=\"paragraph text_align_left lp-f-body-02\">L\u2019affaire interroge aussi sur les \u00e9ventuelles pressions politiques et polici\u00e8res \u00e0 Marseille, <a href=\"https:\/\/www.leparisien.fr\/bouches-du-rhone-13\/pas-que-les-quartiers-nord-a-marseille-le-trafic-de-drogue-pollue-desormais-aussi-la-canebiere-10-05-2025-7A52G2JERJFC7HUATM5M5IDQK4.php\" target=\"_blank\" rel=\"noreferrer nofollow noopener\">\u00e9picentre du narcotrafic<\/a>, afin de r\u00e9aliser des \u00ab coups \u00bb toujours plus ambitieux avec des moyens humains, techniques et juridiques souvent d\u00e9crits comme fam\u00e9liques face \u00e0 des r\u00e9seaux de criminalit\u00e9 organis\u00e9e toujours plus puissants, violents et tentaculaires. Et ce, alors que l\u2019Ofast a \u00e9t\u00e9 cr\u00e9\u00e9 en 2020 pour faire oublier les d\u00e9rives de son anc\u00eatre l\u2019Octris, \u00e9pingl\u00e9 par le pass\u00e9 pour ses m\u00e9thodes controvers\u00e9es au nom de la politique du chiffre\u2026<\/p>\n<p>400 kilos de coca\u00efne disparus, z\u00e9ro interpellation<\/p>\n<p class=\"paragraph text_align_left lp-f-body-02\">Dans ce qui ressemble de plus en plus \u00e0 un scandale d\u2019ampleur, tout part \u00e0 l\u2019origine d\u2019une \u00ab livraison surveill\u00e9e \u00bb, une technique polici\u00e8re encadr\u00e9e par la justice visant \u00e0 laisser faire rentrer des chargements de drogue en France afin d\u2019identifier les groupes de narcotrafiquants derri\u00e8re et faire tomber les t\u00eates de r\u00e9seaux. Baptis\u00e9e \u00ab Trident \u00bb, cette op\u00e9ration, mise en place d\u00e9but 2023, visait \u00e0 attraper Mohamed Djeha, dit <a href=\"https:\/\/www.leparisien.fr\/faits-divers\/mimo-gros-trafiquant-de-drogue-marseillais-en-fuite-arrete-en-algerie-21-06-2023-KCE2UZPVOVHZJFYODPMBCN2ZGY.php\" target=\"_blank\" rel=\"noreferrer nofollow noopener\">\u00ab Mimo de la Castellane \u00bb<\/a>, l\u2019un des plus grands narcotrafiquants phoc\u00e9ens. Mais le chargement de 400 kilos de coca\u00efne, en provenance de Colombie jusqu\u2019au port de Marseille, cens\u00e9 ferrer le baron de la drogue, s\u2019est purement \u00e9vapor\u00e9 sans qu\u2019aucune interpellation n\u2019ait eu lieu, et alors m\u00eame qu\u2019il \u00e9tait cens\u00e9 \u00eatre sous surveillance polici\u00e8re.<\/p>\n<p class=\"paragraph text_align_left lp-f-body-02\">Une disparition pour le moins myst\u00e9rieuse qui signe un fiasco de l\u2019op\u00e9ration mais, plus grave encore, r\u00e9v\u00e8le des soup\u00e7ons de corruption au sein d\u2019un groupe d\u2019enqu\u00eateurs de l\u2019Ofast Marseille. Trois d\u2019entre eux ont \u00e9t\u00e9 mis en examen entre avril et juin dernier, notamment pour <a href=\"https:\/\/www.leparisien.fr\/faits-divers\/scandale-a-loffice-antistups-de-marseille-un-capitaine-de-police-presente-a-la-justice-13-06-2025-OE5Z7SNDRRGSPNBSIVVX5I2Z3I.php\" target=\"_blank\" rel=\"noreferrer nofollow noopener\">\u00ab importation de stup\u00e9fiants en bande organis\u00e9e \u00bb<\/a>. Deux ont \u00e9t\u00e9 plac\u00e9s en d\u00e9tention provisoire.<\/p>\n<p class=\"paragraph text_align_left lp-f-body-02\">Les enqu\u00eateurs de l\u2019IGPN cherchent maintenant \u00e0 savoir quel r\u00f4le ont jou\u00e9 les deux chefs de l\u2019antenne dans ce fiasco monumental. La hi\u00e9rarchie a-t-elle su que l\u2019op\u00e9ration Trident tournait \u00e0 la d\u00e9b\u00e2cle ? L\u2019a-t-elle encourag\u00e9e ?<\/p>\n<p>Cam\u00e9ras clandestines et \u00ab Passe-Partout \u00bb<\/p>\n<p class=\"paragraph text_align_left lp-f-body-02\">Au-del\u00e0 de cette affaire, la police des polices a mis en \u00e9vidence de nombreuses d\u00e9rives au sein de ce service prestigieux avec des m\u00e9thodes relevant de l\u2019ill\u00e9galit\u00e9 dont certaines semblent avoir \u00e9t\u00e9 autoris\u00e9es voire encourag\u00e9es par les commissaires : pose de cam\u00e9ras sauvages, d\u2019o\u00f9 l\u2019infraction \u00ab d\u2019atteinte \u00e0 l\u2019intimit\u00e9 \u00e0 la vie priv\u00e9e \u00bb retenue, perquisitions hors cadre de toute proc\u00e9dure judiciaire\u2026 Raison pour laquelle le service faisait appel aux services officieux d\u2019un serrurier-homme \u00e0 tout faire surnomm\u00e9 \u00ab Passe Partout \u00bb. Et comme si cela ne suffisait pas, ce dernier, constern\u00e9 par les pratiques en vogue \u00e0 l\u2019Ofast Marseille, a confi\u00e9 ses doutes quant \u00e0 la probit\u00e9 de certains fonctionnaires, affirmant avoir vu un enqu\u00eateur manipuler un sac de billet \u00e0 la provenance douteuse.<\/p>\n<p class=\"paragraph text_align_left lp-f-body-02\">L\u2019enqu\u00eate r\u00e9v\u00e8le par ailleurs de graves dissensions en interne. Selon <a href=\"https:\/\/www.lemonde.fr\/societe\/article\/2025\/05\/13\/a-l-office-anti-stupefiants-de-marseille-les-cameras-clandestines-de-l-operation-trident-c-est-du-off-ou-du-on_6605764_3224.html\" target=\"_blank\" rel=\"noreferrer nofollow noopener\">Le Monde<\/a>, l\u2019un des deux commissaires plac\u00e9s en garde \u00e0 vue, l\u2019adjoint L., avait r\u00e9dig\u00e9 un rapport pour faire \u00e9tat de ses suspicions de corruption visant des enqu\u00eateurs de son service. Au point d\u2019avoir fait installer des cam\u00e9ras clandestines dans son bureau et d\u2019avoir fouill\u00e9, \u00e0 son initiative, le bureau de l\u2019un des policiers du service en toute discr\u00e9tion.<\/p>\n<p class=\"paragraph text_align_left lp-f-body-02\">Probl\u00e8me : ce rapport aurait \u00e9t\u00e9 \u00ab caviard\u00e9 \u00bb par sa propre hi\u00e9rarchie, c\u2019est-\u00e0-dire expurg\u00e9 des \u00e9l\u00e9ments les plus compromettants. D\u2019o\u00f9 la confrontation \u00e0 l\u2019IGPN avec le patron en personne de la PJ de Marseille, une mesure in\u00e9dite, ce dernier \u00e9tant par ailleurs le mari de la cheffe de l\u2019Ofast Marseille, cr\u00e9ant encore plus de confusion.<\/p>\n<p class=\"paragraph text_align_left lp-f-body-02\">De fa\u00e7on g\u00e9n\u00e9rale, enqu\u00eateurs, officiers et commissaires disent tous avoir op\u00e9r\u00e9 dans cette affaire avec l\u2019accord des uns et des autres. En toute logique, les investigations de l\u2019IGPN devraient prochainement s\u2019int\u00e9resser \u00e0 l\u2019\u00e9ventuelle connaissance des magistrats marseillais, sous l\u2019autorit\u00e9 desquels l\u2019Ofast de Marseille a r\u00e9alis\u00e9 l\u2019op\u00e9ration Trident, de ces graves d\u00e9rives.<\/p>\n","protected":false},"excerpt":{"rendered":"L\u2019enqu\u00eate sur les m\u00e9thodes de l\u2019Office antistups (Ofast) de Marseille et la disparition myst\u00e9rieuse de pr\u00e8s de 400&hellip;\n","protected":false},"author":2,"featured_media":2539,"comment_status":"","ping_status":"","sticky":false,"template":"","format":"standard","meta":{"footnotes":""},"categories":[2814],"tags":[1111,11,459,1777,674,118,1011,27,884,12,882,25],"class_list":{"0":"post-205723","1":"post","2":"type-post","3":"status-publish","4":"format-standard","5":"has-post-thumbnail","7":"category-marseille","8":"tag-actu","9":"tag-actualites","10":"tag-departements-horsidfo","11":"tag-eu","12":"tag-europe","13":"tag-faits-divers","14":"tag-fr","15":"tag-france","16":"tag-marseille","17":"tag-news","18":"tag-provence-alpes-cote-dazur","19":"tag-republique-francaise"},"share_on_mastodon":{"url":"https:\/\/pubeurope.com\/@fr\/114749547763790807","error":""},"_links":{"self":[{"href":"https:\/\/www.europesays.com\/fr\/wp-json\/wp\/v2\/posts\/205723","targetHints":{"allow":["GET"]}}],"collection":[{"href":"https:\/\/www.europesays.com\/fr\/wp-json\/wp\/v2\/posts"}],"about":[{"href":"https:\/\/www.europesays.com\/fr\/wp-json\/wp\/v2\/types\/post"}],"author":[{"embeddable":true,"href":"https:\/\/www.europesays.com\/fr\/wp-json\/wp\/v2\/users\/2"}],"replies":[{"embeddable":true,"href":"https:\/\/www.europesays.com\/fr\/wp-json\/wp\/v2\/comments?post=205723"}],"version-history":[{"count":0,"href":"https:\/\/www.europesays.com\/fr\/wp-json\/wp\/v2\/posts\/205723\/revisions"}],"wp:featuredmedia":[{"embeddable":true,"href":"https:\/\/www.europesays.com\/fr\/wp-json\/wp\/v2\/media\/2539"}],"wp:attachment":[{"href":"https:\/\/www.europesays.com\/fr\/wp-json\/wp\/v2\/media?parent=205723"}],"wp:term":[{"taxonomy":"category","embeddable":true,"href":"https:\/\/www.europesays.com\/fr\/wp-json\/wp\/v2\/categories?post=205723"},{"taxonomy":"post_tag","embeddable":true,"href":"https:\/\/www.europesays.com\/fr\/wp-json\/wp\/v2\/tags?post=205723"}],"curies":[{"name":"wp","href":"https:\/\/api.w.org\/{rel}","templated":true}]}}