{"id":205728,"date":"2025-06-26T12:00:10","date_gmt":"2025-06-26T12:00:10","guid":{"rendered":"https:\/\/www.europesays.com\/fr\/205728\/"},"modified":"2025-06-26T12:00:10","modified_gmt":"2025-06-26T12:00:10","slug":"vol-de-cables-massif-en-ile-de-france-17-personnes-interpellees-2-millions-davoirs-criminels-saisis","status":"publish","type":"post","link":"https:\/\/www.europesays.com\/fr\/205728\/","title":{"rendered":"Vol de c\u00e2bles massif en \u00cele-de-France\u00a0: 17 personnes interpell\u00e9es, 2\u00a0millions d\u2019avoirs criminels saisis"},"content":{"rendered":"<p class=\"paragraph text_align_left lp-f-body-02\">Coup d\u2019arr\u00eat pour le r\u00e9seau pr\u00e9sum\u00e9 de <a href=\"https:\/\/www.leparisien.fr\/seine-saint-denis-93\/280-metres-de-cables-voles-electricite-coupee-quatre-jours-en-enfer-pour-quatre-tours-de-bobigny-09-05-2025-MBHXPS3OCFEIXFHG76ZWNWFVAM.php\" target=\"_self\" rel=\"nofollow noopener\">voleurs de c\u00e2bles<\/a>. Apr\u00e8s plusieurs mois d\u2019enqu\u00eate, les gendarmes de la brigade de recherches de L\u2019Isle-Adam et de la section de recherche de Versailles ont lanc\u00e9 une vague d\u2019interpellations lundi 23 juin en \u00cele-de-France. Quelque 350 militaires ont \u00e9t\u00e9 mobilis\u00e9s pour cette op\u00e9ration hors norme. 17 personnes ont \u00e9t\u00e9 interpell\u00e9es et plac\u00e9es en garde \u00e0 vue.<\/p>\n<p class=\"paragraph text_align_left lp-f-body-02\">Elles sont suspect\u00e9es du vol de 189 tonnes de c\u00e2bles de cuivre, depuis janvier 2024, d\u00e9rob\u00e9es sur 72 chantiers de r\u00e9novation des infrastructures du r\u00e9seau T\u00e9l\u00e9com, dans les d\u00e9partements du Val-d\u2019Oise et des Yvelines. <a href=\"https:\/\/www.leparisien.fr\/economie\/orange-sncf-les-entreprises-voient-rouge-face-a-lexplosion-des-vols-de-cuivre-17-03-2025-O6AXJ3Y4FBAIFN2LRPI52RDSPE.php\" target=\"_self\" rel=\"nofollow noopener\">Un fl\u00e9au<\/a> de plus en plus fr\u00e9quent en raison des cours mondiaux \u00e9lev\u00e9s de ce m\u00e9tal. La valeur de cette marchandise \u00e0 la revente a \u00e9t\u00e9 estim\u00e9e \u00e0 877 000 euros.<\/p>\n<p>600 000 euros de v\u00eatements, montres et bijoux saisis<\/p>\n<p class=\"paragraph text_align_left lp-f-body-02\">Lors des perquisitions effectu\u00e9es \u00e0 la suite de ce coup de filet, quelque deux millions d\u2019avoirs criminels ont pu \u00eatre saisis. Dans le d\u00e9tail : 523 000 de v\u00e9hicules automobiles, dont certains de luxe, pr\u00e8s de 600 000 euros de v\u00eatements, montres, bijoux et accessoires de luxe, et 565 000 de biens immobiliers.<\/p>\n<p class=\"paragraph text_align_left lp-f-body-02\">Le parquet de Pontoise a ouvert une information judiciaire pour vol, abus de confiance, recel, le tout en bande organis\u00e9e, mais aussi blanchiment aggrav\u00e9 et participation \u00e0 une association de malfaiteurs en vue de la pr\u00e9paration de crimes et de d\u00e9lits. Les auteurs pr\u00e9sum\u00e9s encourent jusqu\u2019\u00e0 15 ans de r\u00e9clusion criminelle. Le paquet a r\u00e9clam\u00e9 le placement en d\u00e9tention provisoire pour sept d\u2019entre eux, et un contr\u00f4le judiciaire pour les autres.<\/p>\n","protected":false},"excerpt":{"rendered":"Coup d\u2019arr\u00eat pour le r\u00e9seau pr\u00e9sum\u00e9 de voleurs de c\u00e2bles. Apr\u00e8s plusieurs mois d\u2019enqu\u00eate, les gendarmes de la&hellip;\n","protected":false},"author":2,"featured_media":205729,"comment_status":"","ping_status":"","sticky":false,"template":"","format":"standard","meta":{"footnotes":""},"categories":[1592],"tags":[1111,11,1777,674,118,1011,27,662,1944,12,626,25,6601],"class_list":{"0":"post-205728","1":"post","2":"type-post","3":"status-publish","4":"format-standard","5":"has-post-thumbnail","7":"category-ile-de-france","8":"tag-actu","9":"tag-actualites","10":"tag-eu","11":"tag-europe","12":"tag-faits-divers","13":"tag-fr","14":"tag-france","15":"tag-ile-de-france","16":"tag-ma-ville","17":"tag-news","18":"tag-paris","19":"tag-republique-francaise","20":"tag-val-d-oise"},"share_on_mastodon":{"url":"https:\/\/pubeurope.com\/@fr\/114749559572560254","error":""},"_links":{"self":[{"href":"https:\/\/www.europesays.com\/fr\/wp-json\/wp\/v2\/posts\/205728","targetHints":{"allow":["GET"]}}],"collection":[{"href":"https:\/\/www.europesays.com\/fr\/wp-json\/wp\/v2\/posts"}],"about":[{"href":"https:\/\/www.europesays.com\/fr\/wp-json\/wp\/v2\/types\/post"}],"author":[{"embeddable":true,"href":"https:\/\/www.europesays.com\/fr\/wp-json\/wp\/v2\/users\/2"}],"replies":[{"embeddable":true,"href":"https:\/\/www.europesays.com\/fr\/wp-json\/wp\/v2\/comments?post=205728"}],"version-history":[{"count":0,"href":"https:\/\/www.europesays.com\/fr\/wp-json\/wp\/v2\/posts\/205728\/revisions"}],"wp:featuredmedia":[{"embeddable":true,"href":"https:\/\/www.europesays.com\/fr\/wp-json\/wp\/v2\/media\/205729"}],"wp:attachment":[{"href":"https:\/\/www.europesays.com\/fr\/wp-json\/wp\/v2\/media?parent=205728"}],"wp:term":[{"taxonomy":"category","embeddable":true,"href":"https:\/\/www.europesays.com\/fr\/wp-json\/wp\/v2\/categories?post=205728"},{"taxonomy":"post_tag","embeddable":true,"href":"https:\/\/www.europesays.com\/fr\/wp-json\/wp\/v2\/tags?post=205728"}],"curies":[{"name":"wp","href":"https:\/\/api.w.org\/{rel}","templated":true}]}}