{"id":205732,"date":"2025-06-26T12:02:09","date_gmt":"2025-06-26T12:02:09","guid":{"rendered":"https:\/\/www.europesays.com\/fr\/205732\/"},"modified":"2025-06-26T12:02:09","modified_gmt":"2025-06-26T12:02:09","slug":"un-vol-air-france-paris-venise-deroute-apres-un-signal-durgence-les-passagers-finissent-leur-voyage-en-bus","status":"publish","type":"post","link":"https:\/\/www.europesays.com\/fr\/205732\/","title":{"rendered":"Un vol Air France Paris-Venise d\u00e9rout\u00e9 apr\u00e8s un signal d&rsquo;urgence, les passagers finissent leur voyage en bus"},"content":{"rendered":"<p>            Par<br \/>\n        <strong><br \/>\n            <a href=\"https:\/\/actu.fr\/auteur\/redaction-paris\" title=\"Consulter tous les articles de R\u00e9daction Paris\" target=\"_blank\" rel=\"noopener\">R\u00e9daction Paris<\/a><br \/>\n        <\/strong><\/p>\n<p>        Publi\u00e9 le<\/p>\n<p>            26 juin 2025 \u00e0 12h12        <\/p>\n<p>Milan plut\u00f4t que Venise. Les passagers du vol AF1326 d\u2019<a href=\"https:\/\/actu.fr\/tag\/air-france\" target=\"_blank\" rel=\"noopener\">Air France<\/a> ont eu la surprise d\u2019atterrir dans la capitale de Lombardie quand leur voyage devait les amener jusqu\u2019\u00e0 la Cit\u00e9 des Doges. La raison de ce changement d\u2019itin\u00e9raire\u2009? Un <strong>signal d\u2019urgence<\/strong> \u00e9mis par l\u2019\u00e9quipage qui a visiblement contraint l\u2019avion a chang\u00e9 de trajet, a appris\u00a0actu Paris aupr\u00e8s d\u2019Air France, confirmant une information d\u2019<a href=\"https:\/\/airlive.net\/emergency\/2025\/06\/25\/air-france-flight-af1326-just-diverted-to-milan-after-declaring-an-emergency\/\" target=\"_blank\" rel=\"noopener\">airlive.net<\/a>.<\/p>\n<p>Milan-Venise en bus<\/p>\n<p class=\" wall-content\">Selon les informations du m\u00e9dia, l\u2019avion a d\u00e9coll\u00e9 de <a href=\"https:\/\/actu.fr\/tag\/aeroport-roissy-charles-de-gaulle\" target=\"_blank\" rel=\"noopener\">l\u2019a\u00e9roport Roissy-Charles-de-Gaulle<\/a> \u00e0 20h49 en direction de Venise, mercredi 25 juin 2025. Une heure et demie plus tard, alors qu\u2019il se trouvait dans l\u2019espace a\u00e9rien italien, \u00ab\u2009l\u2019\u00e9quipage du vol AF1326, [\u2026] a d\u00e9cid\u00e9 de se <strong>d\u00e9router \u00e0 l\u2019a\u00e9roport de Milan Malpensa<\/strong> en raison d\u2019un probl\u00e8me technique n\u2019affectant pas la navigabilit\u00e9 de l\u2019appareil\u2009\u00bb, a d\u00e9taill\u00e9 la compagnie a\u00e9rienne.<\/p>\n<p class=\" wall-content\">L\u2019airbus aurait alors patient\u00e9 quelques minutes dans les airs avant de se diriger vers l\u2019a\u00e9roport milanais et d\u2019y atterrir \u00e0 <strong>22h40<\/strong>. \u00ab\u2009Les clients ont \u00e9t\u00e9 pris en charge par les \u00e9quipes d\u2019Air France et achemin\u00e9s en bus vers leur destination Venise\u2009\u00bb, pr\u00e9cise Air France qui rappelle que \u00ab\u2009la s\u00e9curit\u00e9 de ses clients et de ses membres d\u2019\u00e9quipage est son imp\u00e9ratif absolu\u2009\u00bb.<\/p>\n<p class=\" wall-content\">Suivez toute l\u2019actualit\u00e9 de vos villes et m\u00e9dias favoris en vous inscrivant \u00e0 <a href=\"https:\/\/moncompte.actu.fr\" title=\"D\u00e9couvez Mon Actu\" rel=\"nofollow noopener\" data-trk=\"{&quot;cta&quot;:{&quot;action&quot;:&quot;https:\\\/\\\/moncompte.actu.fr&quot;,&quot;category&quot;:&quot;mon compte&quot;,&quot;from&quot;:&quot;article footer&quot;,&quot;name&quot;:&quot;Mon actu&quot;,&quot;type&quot;:&quot;cta&quot;}}\" target=\"_blank\">Mon Actu<\/a>.<\/p>\n<ul class=\"ac-article-tag wall-content\">\n<li><a href=\"https:\/\/actu.fr\/tag\/aeroport-roissy-charles-de-gaulle\" data-trk=\"{&quot;cta&quot;:{&quot;action&quot;:&quot;A\\u00e9roport Roissy-Charles de Gaulle&quot;,&quot;category&quot;:&quot;tag&quot;,&quot;from&quot;:&quot;article footer&quot;,&quot;name&quot;:&quot;A\\u00e9roport Roissy-Charles de Gaulle&quot;,&quot;type&quot;:&quot;cta&quot;}}\" target=\"_blank\" rel=\"noopener\">#A\u00e9roport Roissy-Charles de Gaulle<\/a><\/li>\n<li><a href=\"https:\/\/actu.fr\/tag\/air-france\" data-trk=\"{&quot;cta&quot;:{&quot;action&quot;:&quot;Air France&quot;,&quot;category&quot;:&quot;tag&quot;,&quot;from&quot;:&quot;article footer&quot;,&quot;name&quot;:&quot;Air France&quot;,&quot;type&quot;:&quot;cta&quot;}}\" target=\"_blank\" rel=\"noopener\">#Air France<\/a><\/li>\n<\/ul>\n","protected":false},"excerpt":{"rendered":"Par R\u00e9daction Paris Publi\u00e9 le 26 juin 2025 \u00e0 12h12 Milan plut\u00f4t que Venise. Les passagers du vol&hellip;\n","protected":false},"author":2,"featured_media":205733,"comment_status":"","ping_status":"","sticky":false,"template":"","format":"standard","meta":{"footnotes":""},"categories":[1888],"tags":[1111,1928,11,1927,10045,1816,1777,674,1011,27,12,1926,626,1925,25,104],"class_list":{"0":"post-205732","1":"post","2":"type-post","3":"status-publish","4":"format-standard","5":"has-post-thumbnail","7":"category-paris","8":"tag-actu","9":"tag-actu-paris","10":"tag-actualites","11":"tag-actualites-paris","12":"tag-aeroport-roissy-charles-de-gaulle","13":"tag-air-france","14":"tag-eu","15":"tag-europe","16":"tag-fr","17":"tag-france","18":"tag-news","19":"tag-news-paris","20":"tag-paris","21":"tag-paris-news","22":"tag-republique-francaise","23":"tag-societe"},"share_on_mastodon":{"url":"https:\/\/pubeurope.com\/@fr\/114749567430697412","error":""},"_links":{"self":[{"href":"https:\/\/www.europesays.com\/fr\/wp-json\/wp\/v2\/posts\/205732","targetHints":{"allow":["GET"]}}],"collection":[{"href":"https:\/\/www.europesays.com\/fr\/wp-json\/wp\/v2\/posts"}],"about":[{"href":"https:\/\/www.europesays.com\/fr\/wp-json\/wp\/v2\/types\/post"}],"author":[{"embeddable":true,"href":"https:\/\/www.europesays.com\/fr\/wp-json\/wp\/v2\/users\/2"}],"replies":[{"embeddable":true,"href":"https:\/\/www.europesays.com\/fr\/wp-json\/wp\/v2\/comments?post=205732"}],"version-history":[{"count":0,"href":"https:\/\/www.europesays.com\/fr\/wp-json\/wp\/v2\/posts\/205732\/revisions"}],"wp:featuredmedia":[{"embeddable":true,"href":"https:\/\/www.europesays.com\/fr\/wp-json\/wp\/v2\/media\/205733"}],"wp:attachment":[{"href":"https:\/\/www.europesays.com\/fr\/wp-json\/wp\/v2\/media?parent=205732"}],"wp:term":[{"taxonomy":"category","embeddable":true,"href":"https:\/\/www.europesays.com\/fr\/wp-json\/wp\/v2\/categories?post=205732"},{"taxonomy":"post_tag","embeddable":true,"href":"https:\/\/www.europesays.com\/fr\/wp-json\/wp\/v2\/tags?post=205732"}],"curies":[{"name":"wp","href":"https:\/\/api.w.org\/{rel}","templated":true}]}}