{"id":205734,"date":"2025-06-26T12:03:11","date_gmt":"2025-06-26T12:03:11","guid":{"rendered":"https:\/\/www.europesays.com\/fr\/205734\/"},"modified":"2025-06-26T12:03:11","modified_gmt":"2025-06-26T12:03:11","slug":"le-parquet-de-paris-annonce-se-saisir-de-lenquete","status":"publish","type":"post","link":"https:\/\/www.europesays.com\/fr\/205734\/","title":{"rendered":"le parquet de Paris annonce se saisir de l&rsquo;enqu\u00eate"},"content":{"rendered":"<p><img decoding=\"async\" class=\"caas-img caas-lazy has-preview\" src=\"https:\/\/www.europesays.com\/fr\/wp-content\/uploads\/2025\/06\/62637f7bcf44409ca35c48a700c59543.jpeg\"\/><\/p>\n<p>Apr\u00e8s une <a href=\"https:\/\/www.bfmtv.com\/sante\/intoxications-dans-l-aisne-trois-nouveaux-cas-dont-une-personne-agee-22-au-total_AD-202506240775.html\" rel=\"nofollow noopener\" target=\"_blank\" data-ylk=\"slk:s\u00e9rie d&#039;intoxications li\u00e9es \u00e0 E.coli;elm:context_link;itc:0;sec:content-canvas\" class=\"link \">s\u00e9rie d&rsquo;intoxications li\u00e9es \u00e0 E.coli<\/a> dans l&rsquo;Aisne, le parquet de Saint-Quentin s&rsquo;est dessaisi au profit du parquet de Paris, mercredi 25 juin, annonce la procureure de Paris Laure Beccuau, dans un communiqu\u00e9.<\/p>\n<p>\u00ab\u00a0Au regard du nombre des victimes, qui s\u2019\u00e9l\u00e8ve d\u00e9sormais \u00e0 23, et de la technicit\u00e9 des investigations attendues, le parquet de Saint-Quentin s\u2019est dessaisi le 25 juin 2025 pour le p\u00f4le de sant\u00e9 publique du parquet de Paris\u00a0\u00bb, indique le parquet.<\/p>\n<p>Le 12 juin dernier, 14 enfants \u00e2g\u00e9s de 11 mois \u00e0 12 ans ont \u00e9t\u00e9 pris en charge dans des centres hospitaliers \u00e0 Saint-Quentin, Amiens, Lille et Reims, infect\u00e9s par la bact\u00e9rie E.coli. Une petite fille \u00e2g\u00e9e de 11 ans n&rsquo;a pas surv\u00e9cu et est morte le 16 juin \u00e0 Amiens.<\/p>\n<p>Des boucheries ferm\u00e9es<\/p>\n<p>Le parquet de Saint-Quentin avait ouvert une enqu\u00eate pr\u00e9liminaire pour \u00ab\u00a0homicide involontaire\u00a0\u00bb, \u00ab\u00a0blessures involontaires\u00a0\u00bb, \u00ab\u00a0mise en danger\u00a0\u00bb et \u00ab\u00a0tromperie aggrav\u00e9e\u00a0\u00bb, confiant les investigations \u00e0 l&rsquo;Office central de lutte contre les atteintes \u00e0 l&rsquo;environnement et \u00e0 la Sant\u00e9 publique (OCLAESP), \u00e0 la Brigade Nationale des Enqu\u00eates V\u00e9t\u00e9rinaires et phytosanitaires (BNEVP) et au commissariat de Saint-Quentin.<\/p>\n<p>Si le parquet de Saint-Quentin s&rsquo;est dessaisi de l&rsquo;enqu\u00eate, ces services poursuivent leurs investigations, pr\u00e9cise Laure Beccuau dans le communiqu\u00e9. Ils doivent notamment d\u00e9terminer si les enfants ont \u00e9t\u00e9 contamin\u00e9s par la m\u00eame bact\u00e9rie, et dans quelle occasion.<\/p>\n<p>Soup\u00e7onnant une infection alimentaire li\u00e9e \u00e0 la consommation de viande, les autorit\u00e9s ont ferm\u00e9 pr\u00e9ventivement depuis la semaine derni\u00e8re <b><a href=\"https:\/\/www.bfmtv.com\/sante\/intoxications-alimentaires-dans-l-aisne-17-enfants-contamines-desormais-recenses-le-rayon-boucherie-d-un-supermarche-ferme-par-precaution_AN-202506220098.html\" rel=\"nofollow noopener\" target=\"_blank\" data-ylk=\"slk:plusieurs boucheries;elm:context_link;itc:0;sec:content-canvas\" class=\"link \">plusieurs boucheries<\/a><\/b> halal et deux rayons boucherie de supermarch\u00e9s de l&rsquo;agglom\u00e9ration de Saint-Quentin.<\/p>\n<p><a href=\"https:\/\/www.bfmtv.com\/police-justice\/intoxications-dans-l-aisne-le-parquet-de-paris-annonce-se-saisir-de-l-enquete_AN-202506260392.html#xtor=AL-68\" rel=\"nofollow noopener\" target=\"_blank\" data-ylk=\"slk:Article original publi\u00e9 sur BFMTV.com;elm:context_link;itc:0;sec:content-canvas\" class=\"link \">Article original publi\u00e9 sur BFMTV.com<\/a><\/p>\n","protected":false},"excerpt":{"rendered":"Apr\u00e8s une s\u00e9rie d&rsquo;intoxications li\u00e9es \u00e0 E.coli dans l&rsquo;Aisne, le parquet de Saint-Quentin s&rsquo;est dessaisi au profit du&hellip;\n","protected":false},"author":2,"featured_media":205735,"comment_status":"","ping_status":"","sticky":false,"template":"","format":"standard","meta":{"footnotes":""},"categories":[1888],"tags":[1111,1928,11,1927,23188,1777,674,1011,27,33238,12,1926,626,1925,25,6919],"class_list":{"0":"post-205734","1":"post","2":"type-post","3":"status-publish","4":"format-standard","5":"has-post-thumbnail","7":"category-paris","8":"tag-actu","9":"tag-actu-paris","10":"tag-actualites","11":"tag-actualites-paris","12":"tag-consommation-de-viande","13":"tag-eu","14":"tag-europe","15":"tag-fr","16":"tag-france","17":"tag-laure-beccuau","18":"tag-news","19":"tag-news-paris","20":"tag-paris","21":"tag-paris-news","22":"tag-republique-francaise","23":"tag-saint-quentin"},"share_on_mastodon":{"url":"https:\/\/pubeurope.com\/@fr\/114749571297272501","error":""},"_links":{"self":[{"href":"https:\/\/www.europesays.com\/fr\/wp-json\/wp\/v2\/posts\/205734","targetHints":{"allow":["GET"]}}],"collection":[{"href":"https:\/\/www.europesays.com\/fr\/wp-json\/wp\/v2\/posts"}],"about":[{"href":"https:\/\/www.europesays.com\/fr\/wp-json\/wp\/v2\/types\/post"}],"author":[{"embeddable":true,"href":"https:\/\/www.europesays.com\/fr\/wp-json\/wp\/v2\/users\/2"}],"replies":[{"embeddable":true,"href":"https:\/\/www.europesays.com\/fr\/wp-json\/wp\/v2\/comments?post=205734"}],"version-history":[{"count":0,"href":"https:\/\/www.europesays.com\/fr\/wp-json\/wp\/v2\/posts\/205734\/revisions"}],"wp:featuredmedia":[{"embeddable":true,"href":"https:\/\/www.europesays.com\/fr\/wp-json\/wp\/v2\/media\/205735"}],"wp:attachment":[{"href":"https:\/\/www.europesays.com\/fr\/wp-json\/wp\/v2\/media?parent=205734"}],"wp:term":[{"taxonomy":"category","embeddable":true,"href":"https:\/\/www.europesays.com\/fr\/wp-json\/wp\/v2\/categories?post=205734"},{"taxonomy":"post_tag","embeddable":true,"href":"https:\/\/www.europesays.com\/fr\/wp-json\/wp\/v2\/tags?post=205734"}],"curies":[{"name":"wp","href":"https:\/\/api.w.org\/{rel}","templated":true}]}}