{"id":205736,"date":"2025-06-26T12:04:09","date_gmt":"2025-06-26T12:04:09","guid":{"rendered":"https:\/\/www.europesays.com\/fr\/205736\/"},"modified":"2025-06-26T12:04:09","modified_gmt":"2025-06-26T12:04:09","slug":"voir-paris-comme-il-y-a-dix-siecles-nous-avons-teste-la-realite-virtuelle-le-long-de-la-seine","status":"publish","type":"post","link":"https:\/\/www.europesays.com\/fr\/205736\/","title":{"rendered":"\u00ab\u00a0Voir Paris comme il y a dix si\u00e8cles\u00a0\u00bb\u00a0: nous avons test\u00e9 la r\u00e9alit\u00e9 virtuelle le long de la Seine"},"content":{"rendered":"<p class=\"paragraph text_align_left lp-f-body-02\">Son \u00ab petit plus \u00bb, par rapport \u00e0 <a href=\"http:\/\/leparisien.fr\/culture-loisirs\/sortir-region-parisienne\/on-a-teste-mondes-disparus-un-voyage-chez-les-dinosaures-en-realite-virtuelle-au-jardin-des-plantes-12-10-2023-QMMPLI6K5NB4XNEHW7MPUT37KU.php\" target=\"_self\" rel=\"nofollow noopener\">d\u2019autres voyages en VR<\/a> : elle se d\u00e9roule totalement en ext\u00e9rieur, sur la rive droite du fleuve, dans la partie pi\u00e9tonne des berges. Pour notre essai, le rendez-vous est fix\u00e9 sous le pont Louis-Philippe, dans le IVe. Avant de commencer, il faut s\u2019\u00e9quiper d\u2019un casque audio, l\u00e9ger, et de lunettes 3D. Une jeune femme, tablette \u00e0 la main, sert de guide \u00e0 notre petit groupe.<\/p>\n","protected":false},"excerpt":{"rendered":"Son \u00ab petit plus \u00bb, par rapport \u00e0 d\u2019autres voyages en VR : elle se d\u00e9roule totalement en&hellip;\n","protected":false},"author":2,"featured_media":205737,"comment_status":"","ping_status":"","sticky":false,"template":"","format":"standard","meta":{"footnotes":""},"categories":[1888],"tags":[11,872,1777,674,1011,27,12,626,25],"class_list":{"0":"post-205736","1":"post","2":"type-post","3":"status-publish","4":"format-standard","5":"has-post-thumbnail","7":"category-paris","8":"tag-actualites","9":"tag-culture-et-loisirs","10":"tag-eu","11":"tag-europe","12":"tag-fr","13":"tag-france","14":"tag-news","15":"tag-paris","16":"tag-republique-francaise"},"share_on_mastodon":{"url":"https:\/\/pubeurope.com\/@fr\/114749575360837664","error":""},"_links":{"self":[{"href":"https:\/\/www.europesays.com\/fr\/wp-json\/wp\/v2\/posts\/205736","targetHints":{"allow":["GET"]}}],"collection":[{"href":"https:\/\/www.europesays.com\/fr\/wp-json\/wp\/v2\/posts"}],"about":[{"href":"https:\/\/www.europesays.com\/fr\/wp-json\/wp\/v2\/types\/post"}],"author":[{"embeddable":true,"href":"https:\/\/www.europesays.com\/fr\/wp-json\/wp\/v2\/users\/2"}],"replies":[{"embeddable":true,"href":"https:\/\/www.europesays.com\/fr\/wp-json\/wp\/v2\/comments?post=205736"}],"version-history":[{"count":0,"href":"https:\/\/www.europesays.com\/fr\/wp-json\/wp\/v2\/posts\/205736\/revisions"}],"wp:featuredmedia":[{"embeddable":true,"href":"https:\/\/www.europesays.com\/fr\/wp-json\/wp\/v2\/media\/205737"}],"wp:attachment":[{"href":"https:\/\/www.europesays.com\/fr\/wp-json\/wp\/v2\/media?parent=205736"}],"wp:term":[{"taxonomy":"category","embeddable":true,"href":"https:\/\/www.europesays.com\/fr\/wp-json\/wp\/v2\/categories?post=205736"},{"taxonomy":"post_tag","embeddable":true,"href":"https:\/\/www.europesays.com\/fr\/wp-json\/wp\/v2\/tags?post=205736"}],"curies":[{"name":"wp","href":"https:\/\/api.w.org\/{rel}","templated":true}]}}