{"id":205738,"date":"2025-06-26T12:05:09","date_gmt":"2025-06-26T12:05:09","guid":{"rendered":"https:\/\/www.europesays.com\/fr\/205738\/"},"modified":"2025-06-26T12:05:09","modified_gmt":"2025-06-26T12:05:09","slug":"mercato-paris-fc-le-club-parisien-pense-au-lillois-benjamin-andre","status":"publish","type":"post","link":"https:\/\/www.europesays.com\/fr\/205738\/","title":{"rendered":"Mercato Paris FC\u00a0: le club parisien pense au Lillois Benjamin Andr\u00e9"},"content":{"rendered":"<p class=\"paragraph text_align_left lp-f-body-02\"><a href=\"https:\/\/www.leparisien.fr\/sports\/football\/paris-fc\/mercato-paris-fc-projet-de-jeu-salaire-naturalisation-comment-le-promu-parisien-a-attire-moses-simon-25-06-2025-66WAZIR7DRE6LNOGP7M3B2WCW4.php\" target=\"_self\" rel=\"nofollow noopener\">Apr\u00e8s le Nantais Moses Simon,<\/a> il s\u2019agirait d\u2019un autre tr\u00e8s joli coup pour le Paris FC. Le promu en Ligue 1 piste en effet Benjamin Andr\u00e9, le capitaine de Lille, comme annonc\u00e9 par plusieurs m\u00e9dias. Une information que nous sommes en mesure de confirmer. Le milieu de terrain, 34 ans et 438 matchs de L1, a encore un an de contrat avec le LOSC. Mais il a ouvert la porte \u00e0 un d\u00e9part.<\/p>\n<p class=\"paragraph text_align_left lp-f-body-02\">\u00ab Il me reste un an de contrat. Je pense qu\u2019on va discuter et on va se poser parce qu\u2019il y a l\u2019\u00e2ge, il y a aussi le fait qu\u2019on soit en fin de cycle\u2026 Il y a beaucoup de joueurs qui \u00e9taient arriv\u00e9s il y a un petit moment et on sent que c\u2019est une page qui se tourne \u00bb, expliquait-il le 17 mai dernier, \u00e0 l\u2019issue de la 34e et derni\u00e8re journ\u00e9e de Ligue 1.<\/p>\n<p>La piste Chancel Mbemba pas d\u2019actualit\u00e9<\/p>\n<p class=\"paragraph text_align_left lp-f-body-02\">Benjamin Andr\u00e9 est donc \u00e0 l\u2019\u00e9coute du march\u00e9. Il n\u2019est pas non plus ferm\u00e9 \u00e0 une destination plus exotique. Mais le Paris FC semble le club le plus avanc\u00e9 sur le dossier. Il lui a d\u00e9j\u00e0 propos\u00e9 un contrat de deux ans avec une revalorisation salariale. Le prix du transfert ne devrait pas \u00eatre tr\u00e8s \u00e9lev\u00e9. Andr\u00e9 veut prendre le temps de la r\u00e9flexion. Il reste \u00e0 conna\u00eetre les positions du pr\u00e9sident Olivier Letang en affaires, et de l\u2019entra\u00eeneur Bruno Genesio, qui avait fait de l\u2019ancien rennais l\u2019un de ses hommes de base.<\/p>\n<p class=\"paragraph text_align_left lp-f-body-02\">Au sujet des autres pistes, celle du milieu de Nice, Pablo Rosario, une parmi tant d\u2019autres, s\u2019est refroidie ces derniers jours. Si le nom du d\u00e9fenseur central Chancel Mbemba, en fin de contrat \u00e0 l\u2019OM o\u00f9 il n\u2019a pas jou\u00e9 cette saison, a pu \u00eatre \u00e9voqu\u00e9, sa venue ne serait \u00e0 ce jour, selon nos informations, pas d\u2019actualit\u00e9. Le Paris FC recherche davantage un profil de d\u00e9fenseur central gaucher.<\/p>\n","protected":false},"excerpt":{"rendered":"Apr\u00e8s le Nantais Moses Simon, il s\u2019agirait d\u2019un autre tr\u00e8s joli coup pour le Paris FC. Le promu&hellip;\n","protected":false},"author":2,"featured_media":205739,"comment_status":"","ping_status":"","sticky":false,"template":"","format":"standard","meta":{"footnotes":""},"categories":[1888],"tags":[11,1777,674,63,1011,27,66,12,626,25,60],"class_list":{"0":"post-205738","1":"post","2":"type-post","3":"status-publish","4":"format-standard","5":"has-post-thumbnail","7":"category-paris","8":"tag-actualites","9":"tag-eu","10":"tag-europe","11":"tag-football","12":"tag-fr","13":"tag-france","14":"tag-ligue-1","15":"tag-news","16":"tag-paris","17":"tag-republique-francaise","18":"tag-sports"},"share_on_mastodon":{"url":"https:\/\/pubeurope.com\/@fr\/114749579275843279","error":""},"_links":{"self":[{"href":"https:\/\/www.europesays.com\/fr\/wp-json\/wp\/v2\/posts\/205738","targetHints":{"allow":["GET"]}}],"collection":[{"href":"https:\/\/www.europesays.com\/fr\/wp-json\/wp\/v2\/posts"}],"about":[{"href":"https:\/\/www.europesays.com\/fr\/wp-json\/wp\/v2\/types\/post"}],"author":[{"embeddable":true,"href":"https:\/\/www.europesays.com\/fr\/wp-json\/wp\/v2\/users\/2"}],"replies":[{"embeddable":true,"href":"https:\/\/www.europesays.com\/fr\/wp-json\/wp\/v2\/comments?post=205738"}],"version-history":[{"count":0,"href":"https:\/\/www.europesays.com\/fr\/wp-json\/wp\/v2\/posts\/205738\/revisions"}],"wp:featuredmedia":[{"embeddable":true,"href":"https:\/\/www.europesays.com\/fr\/wp-json\/wp\/v2\/media\/205739"}],"wp:attachment":[{"href":"https:\/\/www.europesays.com\/fr\/wp-json\/wp\/v2\/media?parent=205738"}],"wp:term":[{"taxonomy":"category","embeddable":true,"href":"https:\/\/www.europesays.com\/fr\/wp-json\/wp\/v2\/categories?post=205738"},{"taxonomy":"post_tag","embeddable":true,"href":"https:\/\/www.europesays.com\/fr\/wp-json\/wp\/v2\/tags?post=205738"}],"curies":[{"name":"wp","href":"https:\/\/api.w.org\/{rel}","templated":true}]}}