{"id":205742,"date":"2025-06-26T12:07:13","date_gmt":"2025-06-26T12:07:13","guid":{"rendered":"https:\/\/www.europesays.com\/fr\/205742\/"},"modified":"2025-06-26T12:07:13","modified_gmt":"2025-06-26T12:07:13","slug":"union-europeenne-viktor-orban-soppose-a-une-adhesion-de-lukraine-et-sappuie-sur-une-consultation-organisee-en-hongrie-26-06-2025-a-1327","status":"publish","type":"post","link":"https:\/\/www.europesays.com\/fr\/205742\/","title":{"rendered":"Union europ\u00e9enne : Viktor Orban s&rsquo;oppose \u00e0 une adh\u00e9sion de l&rsquo;Ukraine et s&rsquo;appuie sur une consultation organis\u00e9e en Hongrie &#8211; 26\/06\/2025 \u00e0 13:27"},"content":{"rendered":"<p> L&rsquo;adh\u00e9sion de l&rsquo;Ukraine, un processus long et complexe, n\u00e9cessite l&rsquo;unanimit\u00e9 des 27 \u00e0 chaque \u00e9tape.<\/p>\n<p>        <img fetchpriority=\"high\" decoding=\"async\" src=\"https:\/\/www.europesays.com\/fr\/wp-content\/uploads\/2025\/06\/f6d004c0fecfa23d9f2d1f388408bf63-760x507.jpg\" alt=\"Viktor Orban \u00e0 Bruxelles, en Belgique, le 26 juin 2025. ( AFP \/ NICOLAS TUCAT )\" loading=\"eager\" width=\"760\" height=\"507\" style=\"max-width: 100%!important; height: auto;\"\/><\/p>\n<p class=\"c-image-news__legend\">Viktor Orban \u00e0 Bruxelles, en Belgique, le 26 juin 2025. ( AFP \/ NICOLAS TUCAT )<\/p>\n<p>\n \u00ab\u00a0La Hongrie ne soutient pas cette adh\u00e9sion\u00a0\u00bb, a martel\u00e9 jeudi 26 juin Viktor Orban, \u00e0 son arriv\u00e9e \u00e0 un sommet europ\u00e9en \u00e0 Bruxelles. Le Premier ministre hongrois a brandi les r\u00e9sultats d&rsquo;une consultation organis\u00e9e dans son pays pour l\u00e9gitimer sa position, alors qu&rsquo;il bloque le processus depuis des mois.\n<\/p>\n<p>\n \u00ab\u00a0Je suis arriv\u00e9 ici avec un mandat fort.<br \/>\n <strong><br \/>\n  Ma voix est devenue plus forte et plus virile\u00a0\u00bb<br \/>\n <\/strong><br \/>\n , a lanc\u00e9 le dirigeant nationaliste aux journalistes.\n<\/p>\n<p>\n Le gouvernement avait envoy\u00e9 en avril des bulletins aux Hongrois sur le sujet, une m\u00e9thode sans effet l\u00e9gal qu&rsquo;il utilise depuis<\/p>\n<p> 2015 pour justifier ses positions anti-UE. Selon les r\u00e9sultats officiels,<br \/>\n <strong><br \/>\n  plus de 95% des personnes ayant particip\u00e9 ont rejet\u00e9 l&rsquo;entr\u00e9e dans l&rsquo;Union de l&rsquo;Ukraine<br \/>\n <\/strong><br \/>\n voisine. Mais seulement 2,3 millions d&rsquo;habitants, soit moins d&rsquo;un tiers des \u00e9lecteurs hongrois, ont r\u00e9pondu \u00e0 ce questionnaire par correspondance et en ligne.\n<\/p>\n<p>\n \u00ab\u00a0C&rsquo;est au nom de plus de deux millions de Hongrois que je dirai aujourd&rsquo;hui lors des n\u00e9gociations que la Hongrie ne soutient pas cette adh\u00e9sion\u00a0\u00bb, a soulign\u00e9 Viktor Orban, alors que ce processus, long et complexe, exige l&rsquo;unanimit\u00e9 des 27 \u00c9tats membres \u00e0 chaque nouvelle \u00e9tape.\n<\/p>\n<p> Une pure \u00ab\u00a0manipulation de l&rsquo;opinion publique\u00a0\u00bb<\/p>\n<p>\n Pour Kiev, cette consultation est<br \/>\n <strong><br \/>\n  une pure \u00ab\u00a0manipulation de l&rsquo;opinion publique\u00a0\u00bb<br \/>\n <\/strong><br \/>\n sur fond \u00ab\u00a0d&rsquo;hyst\u00e9rie anti-ukrainienne\u00a0\u00bb visant \u00e0 d\u00e9tourner l&rsquo;attention des \u00ab\u00a0\u00e9checs\u00a0\u00bb du Premier ministre hongrois, mal plac\u00e9 dans les sondages avant les l\u00e9gislatives du printemps 2026. Les bulletins de vote \u00ab\u00a0ont \u00e9t\u00e9 assortis de messages agressifs incitant \u00e0 la haine envers tout ce qui touche \u00e0 l&rsquo;Ukraine\u00a0\u00bb, a d\u00e9plor\u00e9 le minist\u00e8re ukrainien des Affaires \u00e9trang\u00e8res dans un communiqu\u00e9 publi\u00e9 en d\u00e9but de semaine.\n<\/p>\n<p>\n Dans le document explicatif, le gouvernement brandissait en effet plusieurs menaces : \u00ab\u00a0la perte des fonds europ\u00e9ens destin\u00e9s \u00e0 notre pays, qui seraient enti\u00e8rement revers\u00e9s \u00e0 l&rsquo;Ukraine\u00a0\u00bb, \u00ab\u00a0l&rsquo;arriv\u00e9e massive de main d&rsquo;\u0153uvre ukrainienne bon march\u00e9\u00a0\u00bb aux d\u00e9pens des Hongrois, ou encore l&rsquo;apparition de r\u00e9seaux criminels organis\u00e9s ukrainiens et m\u00eame d&rsquo;\u00e9pid\u00e9mies faute de vaccination suffisante en Ukraine.\n<\/p>\n<p>\n Viktor Orban, qui entretient depuis des ann\u00e9es des relations compliqu\u00e9es avec Kiev, figure parmi les rares dirigeants europ\u00e9ens proches du Kremlin et fustige r\u00e9guli\u00e8rement les sanctions europ\u00e9ennes contre la Russie. Parall\u00e8lement, il est oppos\u00e9 \u00e0 toute aide militaire \u00e0 Kiev, qui se bat depuis 2022 contre l&rsquo;invasion russe, et \u00e0 son adh\u00e9sion \u00e0 l&rsquo;UE, qui \u00ab\u00a0ruinerait\u00a0\u00bb selon lui le bloc, tout en accusant son voisin de porter atteinte aux droits de la minorit\u00e9 hongroise.\n<\/p>\n<p>\n Les n\u00e9gociations ont officiellement d\u00e9but\u00e9 le 25 juin 2024. Dans un num\u00e9ro diplomatique d\u00e9sormais c\u00e9l\u00e8bre remontant \u00e0 fin 2023, le dirigeant s&rsquo;\u00e9tait bri\u00e8vement absent\u00e9 lors des discussions au sommet des dirigeants des Vingt-Sept, le temps que ses homologues d\u00e9cident d&rsquo;ouvrir les pourparlers avec Kiev.<br \/>\n <strong><br \/>\n  Mais depuis le retour de son \u00ab\u00a0ami\u00a0\u00bb Donald Trump aux Etats-Unis, il durcit le ton.<br \/>\n <\/strong><\/p>\n","protected":false},"excerpt":{"rendered":"L&rsquo;adh\u00e9sion de l&rsquo;Ukraine, un processus long et complexe, n\u00e9cessite l&rsquo;unanimit\u00e9 des 27 \u00e0 chaque \u00e9tape. Viktor Orban \u00e0&hellip;\n","protected":false},"author":2,"featured_media":205743,"comment_status":"","ping_status":"","sticky":false,"template":"","format":"standard","meta":{"footnotes":""},"categories":[1590],"tags":[400,11,398,408,405,1777,674,403,402,399,404,12,401,406,220,407],"class_list":{"0":"post-205742","1":"post","2":"type-post","3":"status-publish","4":"format-standard","5":"has-post-thumbnail","7":"category-ukraine","8":"tag-action-cac-40","9":"tag-actualites","10":"tag-bourse-de-paris","11":"tag-boursorama","12":"tag-cotations","13":"tag-eu","14":"tag-europe","15":"tag-indices-devises","16":"tag-investir","17":"tag-investissement","18":"tag-marche-boursier","19":"tag-news","20":"tag-sicav","21":"tag-trackers","22":"tag-ukraine","23":"tag-warrants"},"share_on_mastodon":{"url":"https:\/\/pubeurope.com\/@fr\/114749587075572402","error":""},"_links":{"self":[{"href":"https:\/\/www.europesays.com\/fr\/wp-json\/wp\/v2\/posts\/205742","targetHints":{"allow":["GET"]}}],"collection":[{"href":"https:\/\/www.europesays.com\/fr\/wp-json\/wp\/v2\/posts"}],"about":[{"href":"https:\/\/www.europesays.com\/fr\/wp-json\/wp\/v2\/types\/post"}],"author":[{"embeddable":true,"href":"https:\/\/www.europesays.com\/fr\/wp-json\/wp\/v2\/users\/2"}],"replies":[{"embeddable":true,"href":"https:\/\/www.europesays.com\/fr\/wp-json\/wp\/v2\/comments?post=205742"}],"version-history":[{"count":0,"href":"https:\/\/www.europesays.com\/fr\/wp-json\/wp\/v2\/posts\/205742\/revisions"}],"wp:featuredmedia":[{"embeddable":true,"href":"https:\/\/www.europesays.com\/fr\/wp-json\/wp\/v2\/media\/205743"}],"wp:attachment":[{"href":"https:\/\/www.europesays.com\/fr\/wp-json\/wp\/v2\/media?parent=205742"}],"wp:term":[{"taxonomy":"category","embeddable":true,"href":"https:\/\/www.europesays.com\/fr\/wp-json\/wp\/v2\/categories?post=205742"},{"taxonomy":"post_tag","embeddable":true,"href":"https:\/\/www.europesays.com\/fr\/wp-json\/wp\/v2\/tags?post=205742"}],"curies":[{"name":"wp","href":"https:\/\/api.w.org\/{rel}","templated":true}]}}