{"id":205748,"date":"2025-06-26T12:10:09","date_gmt":"2025-06-26T12:10:09","guid":{"rendered":"https:\/\/www.europesays.com\/fr\/205748\/"},"modified":"2025-06-26T12:10:09","modified_gmt":"2025-06-26T12:10:09","slug":"le-debat-sur-la-liberte-dexpression-relance-par-un-magazine-dextreme-droite","status":"publish","type":"post","link":"https:\/\/www.europesays.com\/fr\/205748\/","title":{"rendered":"le d\u00e9bat sur la libert\u00e9 d\u2019expression relanc\u00e9 par un magazine d\u2019extr\u00eame droite"},"content":{"rendered":"<p>Il y a un an, le gouvernement du chancelier Olaf Scholz faisait interdire le magazine d\u2019extr\u00eame droite Compact. Il jugeait alors que ce support \u00e9crit, diffus\u00e9 \u00e0 pr\u00e8s de 50\u00a0000 exemplaires, ainsi que sa cha\u00eene YouTube forte de 515\u00a0000 abonn\u00e9s \u00ab\u00a0mena\u00e7aient la d\u00e9mocratie\u00a0parlementaire\u00a0\u00bb et \u00ab\u00a0incitait \u00e0 la haine contre les juifs et les personnes issues de l\u2019immigration\u00a0\u00bb. Mais, mardi 24\u00a0juin, la Cour administrative f\u00e9d\u00e9rale de Leipzig a lev\u00e9 cette interdiction.<\/p>\n<p>Cet article est r\u00e9serv\u00e9 aux abonn\u00e9s<\/p>\n<p>\n                    Vous souhaitez lire la suite\u00a0? Abonnez-vous sans engagement \u00e0 notre offre num\u00e9rique\n                <\/p>\n<p>                <a href=\"https:\/\/www.la-croix.com\/abonnement\" class=\"default-paywall__subscribe-button\" data-tracking=\"cta_click\" data-tracking-action=\"voir la page abonnement\" data-tracking-category=\"abonnement\" rel=\"nofollow noopener\" target=\"_blank\">Je m&rsquo;abonne<\/a><\/p>\n","protected":false},"excerpt":{"rendered":"Il y a un an, le gouvernement du chancelier Olaf Scholz faisait interdire le magazine d\u2019extr\u00eame droite Compact.&hellip;\n","protected":false},"author":2,"featured_media":205749,"comment_status":"","ping_status":"","sticky":false,"template":"","format":"standard","meta":{"footnotes":""},"categories":[1587],"tags":[11,672,1804,1805,1803,1777,674,1801,12,1802],"class_list":{"0":"post-205748","1":"post","2":"type-post","3":"status-publish","4":"format-standard","5":"has-post-thumbnail","7":"category-allemagne","8":"tag-actualites","9":"tag-allemagne","10":"tag-bundesrepublik-deutschland","11":"tag-de","12":"tag-deutschland","13":"tag-eu","14":"tag-europe","15":"tag-germany","16":"tag-news","17":"tag-republique-federale-dallemagne"},"share_on_mastodon":{"url":"https:\/\/pubeurope.com\/@fr\/114749599065003782","error":""},"_links":{"self":[{"href":"https:\/\/www.europesays.com\/fr\/wp-json\/wp\/v2\/posts\/205748","targetHints":{"allow":["GET"]}}],"collection":[{"href":"https:\/\/www.europesays.com\/fr\/wp-json\/wp\/v2\/posts"}],"about":[{"href":"https:\/\/www.europesays.com\/fr\/wp-json\/wp\/v2\/types\/post"}],"author":[{"embeddable":true,"href":"https:\/\/www.europesays.com\/fr\/wp-json\/wp\/v2\/users\/2"}],"replies":[{"embeddable":true,"href":"https:\/\/www.europesays.com\/fr\/wp-json\/wp\/v2\/comments?post=205748"}],"version-history":[{"count":0,"href":"https:\/\/www.europesays.com\/fr\/wp-json\/wp\/v2\/posts\/205748\/revisions"}],"wp:featuredmedia":[{"embeddable":true,"href":"https:\/\/www.europesays.com\/fr\/wp-json\/wp\/v2\/media\/205749"}],"wp:attachment":[{"href":"https:\/\/www.europesays.com\/fr\/wp-json\/wp\/v2\/media?parent=205748"}],"wp:term":[{"taxonomy":"category","embeddable":true,"href":"https:\/\/www.europesays.com\/fr\/wp-json\/wp\/v2\/categories?post=205748"},{"taxonomy":"post_tag","embeddable":true,"href":"https:\/\/www.europesays.com\/fr\/wp-json\/wp\/v2\/tags?post=205748"}],"curies":[{"name":"wp","href":"https:\/\/api.w.org\/{rel}","templated":true}]}}