{"id":205762,"date":"2025-06-26T12:18:23","date_gmt":"2025-06-26T12:18:23","guid":{"rendered":"https:\/\/www.europesays.com\/fr\/205762\/"},"modified":"2025-06-26T12:18:23","modified_gmt":"2025-06-26T12:18:23","slug":"ils-ont-toujours-ete-consideres-comme-des-doublures-deplore-laussucq-sur-jalibert-et-lucu","status":"publish","type":"post","link":"https:\/\/www.europesays.com\/fr\/205762\/","title":{"rendered":"\u00ab Ils ont toujours \u00e9t\u00e9 consid\u00e9r\u00e9s comme des doublures \u00bb, d\u00e9plore Laussucq sur Jalibert et Lucu"},"content":{"rendered":"<p>Ils peuvent mettre le couvercle sur une saison d\u2019exception. Ce samedi, l\u2019Union Bordeaux-B\u00e8gles veut rejoindre le Stade Toulousain et le Rugby Club Toulonnais au panth\u00e9on des clubs ayant r\u00e9ussi le doubl\u00e9 Champions Cup \u2013 Top 14. D\u00e9j\u00e0 vainqueurs de la comp\u00e9tition europ\u00e9enne, les Girondins ont \u00e0 c\u0153ur de d\u00e9crocher le premier Brennus de leur jeune histoire.<\/p>\n<p>\u00ab\u00a0Leur carri\u00e8re a pris un sacr\u00e9 virage cette ann\u00e9e\u00a0\u00bb<\/p>\n<p>Ils se retrouveront face \u00e0 leur grand rival toulousain, qui les avait humili\u00e9s au m\u00eame stade de la comp\u00e9tition la saison pass\u00e9e (59-3). S\u2019ils ont r\u00e9ussi \u00e0 revenir \u00e0 ce niveau, les Bordelais le doivent notamment \u00e0 leur charni\u00e8re. Maxime Lucu et Matthieu Jalibert r\u00e9alisent les meilleures saisons de leur carri\u00e8re et semblent \u00e0 leur pl\u00e9nitude. En conf\u00e9rence de presse, Christophe Laussucq savoure une sorte de revanche pour ces deux joueurs un peu trop critiqu\u00e9s \u00e0 son go\u00fbt.<\/p>\n<blockquote>\n<p>\u00ab\u00a0Nous avons une charni\u00e8re de haut niveau, qui a gagn\u00e9 en confiance cette ann\u00e9e. Elle est en pleine forme, et forc\u00e9ment \u00e7a tire tout le monde vers le haut. Si on prend leurs cas personnels, leur carri\u00e8re a pris un sacr\u00e9 virage cette ann\u00e9e. Ils ont toujours \u00e9t\u00e9 consid\u00e9r\u00e9s comme des doublures \u00e0 chaque fois qu\u2019ils \u00e9taient en \u00e9quipe de France. Vous vous souvenez la derni\u00e8re Coupe du monde ? Tout le monde se demandait comment on allait faire sans Antoine Dupont. Et comment on allait faire avec Lucu.\u00a0Maxime Lucu, c\u2019est peut-\u00eatre le deuxi\u00e8me meilleur n\u00b09 du monde \u00e0 l\u2019heure actuelle\u00a0\u00bb.<\/p>\n<\/blockquote>\n<p>Partagez cette info avec vos amis et vos proches en cliquant ici<br \/>Pour r\u00e9sumer<\/p>\n<p>Christophe Laussucq a soulign\u00e9 la saison exceptionnelle de Maxime Lucu et Matthieu Jalibert avant la finale de Top 14. L\u2019entra\u00eeneur de la d\u00e9fense de l\u2019UBB estime que les deux joueurs ont chang\u00e9 de dimension depuis le d\u00e9but de la saison.<\/p>\n<p> <img decoding=\"async\" width=\"76\" height=\"76\" loading=\"lazy\" src=\"https:\/\/www.europesays.com\/fr\/wp-content\/uploads\/2025\/04\/avatar-quinze.png\" alt=\"Arnaud D\u00e9chelotte\"\/><\/p>\n","protected":false},"excerpt":{"rendered":"Ils peuvent mettre le couvercle sur une saison d\u2019exception. Ce samedi, l\u2019Union Bordeaux-B\u00e8gles veut rejoindre le Stade Toulousain&hellip;\n","protected":false},"author":2,"featured_media":205763,"comment_status":"","ping_status":"","sticky":false,"template":"","format":"standard","meta":{"footnotes":""},"categories":[1416],"tags":[1011,27,479,1468,60],"class_list":{"0":"post-205762","1":"post","2":"type-post","3":"status-publish","4":"format-standard","5":"has-post-thumbnail","7":"category-rugby","8":"tag-fr","9":"tag-france","10":"tag-rugby","11":"tag-rugby-football","12":"tag-sports"},"share_on_mastodon":{"url":"https:\/\/pubeurope.com\/@fr\/114749630775530779","error":""},"_links":{"self":[{"href":"https:\/\/www.europesays.com\/fr\/wp-json\/wp\/v2\/posts\/205762","targetHints":{"allow":["GET"]}}],"collection":[{"href":"https:\/\/www.europesays.com\/fr\/wp-json\/wp\/v2\/posts"}],"about":[{"href":"https:\/\/www.europesays.com\/fr\/wp-json\/wp\/v2\/types\/post"}],"author":[{"embeddable":true,"href":"https:\/\/www.europesays.com\/fr\/wp-json\/wp\/v2\/users\/2"}],"replies":[{"embeddable":true,"href":"https:\/\/www.europesays.com\/fr\/wp-json\/wp\/v2\/comments?post=205762"}],"version-history":[{"count":0,"href":"https:\/\/www.europesays.com\/fr\/wp-json\/wp\/v2\/posts\/205762\/revisions"}],"wp:featuredmedia":[{"embeddable":true,"href":"https:\/\/www.europesays.com\/fr\/wp-json\/wp\/v2\/media\/205763"}],"wp:attachment":[{"href":"https:\/\/www.europesays.com\/fr\/wp-json\/wp\/v2\/media?parent=205762"}],"wp:term":[{"taxonomy":"category","embeddable":true,"href":"https:\/\/www.europesays.com\/fr\/wp-json\/wp\/v2\/categories?post=205762"},{"taxonomy":"post_tag","embeddable":true,"href":"https:\/\/www.europesays.com\/fr\/wp-json\/wp\/v2\/tags?post=205762"}],"curies":[{"name":"wp","href":"https:\/\/api.w.org\/{rel}","templated":true}]}}