{"id":205775,"date":"2025-06-26T12:26:11","date_gmt":"2025-06-26T12:26:11","guid":{"rendered":"https:\/\/www.europesays.com\/fr\/205775\/"},"modified":"2025-06-26T12:26:11","modified_gmt":"2025-06-26T12:26:11","slug":"nina-childress-punk-qui-voulait-sadiser-la-bonne-peinture-recue-a-lacademie-des-beaux-arts","status":"publish","type":"post","link":"https:\/\/www.europesays.com\/fr\/205775\/","title":{"rendered":"Nina Childress, punk qui voulait \u00ab\u00a0sadiser\u00a0\u00bb la bonne peinture, re\u00e7ue \u00e0 l\u2019Acad\u00e9mie des Beaux-Arts"},"content":{"rendered":"<p><strong>NOUS Y \u00c9TIONS\u00a0&#8211; <\/strong>L\u2019artiste franco-am\u00e9ricaine a apport\u00e9 sous la coupole sa passion de peintre et sa nature sauvage. Une c\u00e9r\u00e9monie prise d\u2019assaut par tout ce qui compte dans la sph\u00e8re contemporaine.<\/p>\n<p class=\"fig-paragraph\">Malgr\u00e9 la chaleur intense (37\u00a0\u00b0C) et l\u2019absence de climatisation sous la coupole, il y avait foule pour la s\u00e9ance d\u2019installation de la peintre franco-am\u00e9ricaine\u00a0<a href=\"https:\/\/www.lefigaro.fr\/arts-expositions\/a-sete-l-expo-qui-ouvre-les-yeux-sur-une-autre-historie-de-l-art-20240916\" data-fig-type=\"Article\" data-gtm-custom-categorie=\"navigation\" data-gtm-custom-action=\"crossclick\" data-gtm-custom-label=\"Contextuel\" data-gtm-event=\"customEventSPE\" data-fig-domain=\"LEFIGARO\" target=\"_blank\" rel=\"noopener\">Nina Childress\u00a0<\/a>\u00e0 l\u2019Acad\u00e9mie des Beaux-Arts, mercredi 25 juin. Ballet d\u2019\u00e9ventails et grands sourires pour une c\u00e9r\u00e9monie qui s\u2019annon\u00e7ait sp\u00e9ciale, pour ne pas dire extraordinaire. Tout ce qui compte dans la sph\u00e8re contemporaine \u00e9tait l\u00e0, \u00e0 l\u2019heure &#8211;\u00a0les portes ferment sans r\u00e9mission \u00e0 15\u00a0heures\u00a0-, et remplissait tous les si\u00e8ges et tous les recoins de la noble institution. \u00c9norme chignon comme une actrice d\u2019Hitchcock, silhouette ultrafine de \u00ab\u00a0nageuse obsessionnelle\u00a0\u00bb, Nina Childress campait bien droite pr\u00e8s des rostres, avec ce petit air f\u00e2ch\u00e9 qui la caract\u00e9rise. Elle a pourtant un tr\u00e8s beau sourire qui contredit le s\u00e9rieux des lunettes \u00e0 large monture noire et la posture toute en r\u00e9serve.<\/p>\n<p class=\"fig-paragraph\">Pour la c\u00e9l\u00e9brer, des historiens de l\u2019art qui se ressemblent comme deux fr\u00e8res,\u00a0<a href=\"https:\/\/www.lefigaro.fr\/arts-expositions\/huang-yong-ping-le-sourire-du-sage-raconte-par-son-ami-jean-de-loisy-20191020\" data-fig-type=\"Article\" data-gtm-custom-categorie=\"navigation\" data-gtm-custom-action=\"crossclick\" data-gtm-custom-label=\"Contextuel\" data-gtm-event=\"customEventSPE\" data-fig-domain=\"LEFIGARO\" target=\"_blank\" rel=\"noopener\">Jean de Loisy<\/a>, nouveau directeur de la Fondation Van Gogh \u00e0\u2026<\/p>\n<p class=\"fig-premium-paywall__infos\">\n        Cet article est r\u00e9serv\u00e9 aux abonn\u00e9s.        Il vous reste 88% \u00e0 d\u00e9couvrir.\n    <\/p>\n<p>                <img  data- alt=\"Le Figaro\" class=\"fig-img--complete fig-img\"\/><\/p>\n<p class=\"fig-premium-paywall__title\">Vente Flash : derniers jours<\/p>\n<p class=\"fig-premium-paywall__subtitle\">3,99\u20ac par mois pendant 12 mois. Sans engagement.<\/p>\n<p class=\"fig-premium-paywall__connect\">\n                D\u00e9j\u00e0 abonn\u00e9\u00a0?                <a class=\"fig-premium-paywall__connect-link\" href=\"https:\/\/connect.lefigaro.fr\/login?client=horizon_web&amp;type=main&amp;redirect_uri=https%3A%2F%2Fwww.lefigaro.fr%2Fculture%2Fnina-childress-punk-qui-voulait-sadiser-la-bonne-peinture-recue-a-l-academie-des-beaux-arts-20250626\" data-js-gtm=\"{&quot;customCategorie&quot;: &quot;conversion&quot;, &quot;customAction&quot;: &quot;before_Landing_Connexion_paywall_auto&quot;, &quot;customLabel&quot;: &quot;bGVmaWdhcm8uZnJfXzFmMDUxZTBlLWM3M2MtNjllOC1hOTJiLTRmODA3MTA5M2UzZV9fQXJ0aWNsZQ==_Nina Childress, punk qui voulait \u00ab\u00a0sadiser\u00a0\u00bb la bonne peinture, re\u00e7ue \u00e0 l\u2019Acad\u00e9mie des Beaux-Arts_139&quot;, &quot;customIDSPE&quot;: &quot;bGVmaWdhcm8uZnJfXzFmMDUxZTBlLWM3M2MtNjllOC1hOTJiLTRmODA3MTA5M2UzZV9fQXJ0aWNsZQ==&quot;, &quot;event&quot;: &quot;customEventSPE&quot;}\" target=\"_blank\" rel=\"noopener\"><br \/>\n                    Connectez-vous<br \/>\n                <\/a>\n            <\/p>\n","protected":false},"excerpt":{"rendered":"NOUS Y \u00c9TIONS\u00a0&#8211; L\u2019artiste franco-am\u00e9ricaine a apport\u00e9 sous la coupole sa passion de peintre et sa nature sauvage.&hellip;\n","protected":false},"author":2,"featured_media":205776,"comment_status":"","ping_status":"","sticky":false,"template":"","format":"standard","meta":{"footnotes":""},"categories":[1358],"tags":[29446,47,1350,1348,1384,1385,34455,1345,650,251,1386,58,59,1349,1346,1011,27,1351,873,626,1585,26268,252,1347,1352],"class_list":{"0":"post-205775","1":"post","2":"type-post","3":"status-publish","4":"format-standard","5":"has-post-thumbnail","7":"category-arts-et-design","8":"tag-academie-des-beaux-arts","9":"tag-actualite","10":"tag-architecture","11":"tag-arts","12":"tag-arts-and-design","13":"tag-arts-et-design","14":"tag-beaux-arts-de-paris","15":"tag-cine","16":"tag-cinema","17":"tag-culture","18":"tag-design","19":"tag-divertissement","20":"tag-entertainment","21":"tag-expositions","22":"tag-films","23":"tag-fr","24":"tag-france","25":"tag-litterature","26":"tag-musique","27":"tag-paris","28":"tag-peinture","29":"tag-punk","30":"tag-television","31":"tag-theatre","32":"tag-urbanisme"},"share_on_mastodon":{"url":"https:\/\/pubeurope.com\/@fr\/114749661767318512","error":""},"_links":{"self":[{"href":"https:\/\/www.europesays.com\/fr\/wp-json\/wp\/v2\/posts\/205775","targetHints":{"allow":["GET"]}}],"collection":[{"href":"https:\/\/www.europesays.com\/fr\/wp-json\/wp\/v2\/posts"}],"about":[{"href":"https:\/\/www.europesays.com\/fr\/wp-json\/wp\/v2\/types\/post"}],"author":[{"embeddable":true,"href":"https:\/\/www.europesays.com\/fr\/wp-json\/wp\/v2\/users\/2"}],"replies":[{"embeddable":true,"href":"https:\/\/www.europesays.com\/fr\/wp-json\/wp\/v2\/comments?post=205775"}],"version-history":[{"count":0,"href":"https:\/\/www.europesays.com\/fr\/wp-json\/wp\/v2\/posts\/205775\/revisions"}],"wp:featuredmedia":[{"embeddable":true,"href":"https:\/\/www.europesays.com\/fr\/wp-json\/wp\/v2\/media\/205776"}],"wp:attachment":[{"href":"https:\/\/www.europesays.com\/fr\/wp-json\/wp\/v2\/media?parent=205775"}],"wp:term":[{"taxonomy":"category","embeddable":true,"href":"https:\/\/www.europesays.com\/fr\/wp-json\/wp\/v2\/categories?post=205775"},{"taxonomy":"post_tag","embeddable":true,"href":"https:\/\/www.europesays.com\/fr\/wp-json\/wp\/v2\/tags?post=205775"}],"curies":[{"name":"wp","href":"https:\/\/api.w.org\/{rel}","templated":true}]}}