{"id":205777,"date":"2025-06-26T12:27:09","date_gmt":"2025-06-26T12:27:09","guid":{"rendered":"https:\/\/www.europesays.com\/fr\/205777\/"},"modified":"2025-06-26T12:27:09","modified_gmt":"2025-06-26T12:27:09","slug":"le-voyage-dun-scarabee-dans-quimperle-raconte-dans-un-livre-par-des-eleves-de-jules-ferry","status":"publish","type":"post","link":"https:\/\/www.europesays.com\/fr\/205777\/","title":{"rendered":"Le voyage d\u2019un scarab\u00e9e dans Quimperl\u00e9 racont\u00e9 dans un livre par des \u00e9l\u00e8ves de Jules Ferry"},"content":{"rendered":"<p>Les treize \u00e9l\u00e8ves ont d\u2019abord d\u00e9ambul\u00e9 dans la ville qu\u2019ils ont photographi\u00e9e. Chacun d\u2019eux a ensuite choisi une photo de son endroit pr\u00e9f\u00e9r\u00e9 et ensemble ils ont imagin\u00e9 un sc\u00e9nario sur le th\u00e8me du voyage, pour r\u00e9pondre au projet d\u2019\u00e9cole de l\u2019ann\u00e9e.<\/p>\n<p>\u00ab\u00a0Nous avons vot\u00e9 le choix du personnage et chacun l\u2019a dessin\u00e9\u00a0\u00bb, explique l\u2019enseignante Laure Pansiot. Ainsi est n\u00e9 G\u00e9rard le scarab\u00e9e, \u00ab\u00a0un mix de tous les dessins\u00a0\u00bb, par l\u2019illustratrice Lauranne Quentric, en r\u00e9sidence d\u2019artiste dans l\u2019\u00e9tablissement, qui les a accompagn\u00e9s pendant toute la dur\u00e9e de cr\u00e9ation. Pr\u00e9sent\u00e9 comme un carnet de voyage, le livre est illustr\u00e9 des photos auxquelles ont \u00e9t\u00e9 int\u00e9gr\u00e9s des collages, des dessins, des souvenirs du p\u00e9riple en ville, comme des tickets de cin\u00e9ma, de bus, des fleurs s\u00e9ch\u00e9s. Chacun s\u2019est charg\u00e9 de sa page, on suit G\u00e9rard dans son grand voyage autour de Quimperl\u00e9 \u00e0 partir de son casier d\u2019\u00e9colier, dans lequel il prenait ses aises jusque-l\u00e0.<\/p>\n<p>Consulter le livre \u00e0 l\u2019office du tourisme<\/p>\n<p>La cr\u00e9ativit\u00e9 litt\u00e9raire du groupe est aussi rafra\u00eechissante que leur performance artistique\u2026 et que leur franchise\u00a0! Ainsi, G\u00e9rard trouve la chapelle des Ursulines, \u00ab\u00a0vieille, sale et jolie\u00a0!\u00a0\u00bb Avec lui, on fait le tour des lieux patrimoniaux (Notre-Dame, Saint-Colomban), culturels (G\u00e9rard adore l\u2019exposition Fedorenko) mais \u00e9galement commerciaux (Divergences, Ty Pouce, Les Halles), avec un grand plaisir.<\/p>\n<p>Pour appr\u00e9cier le regard que les \u00e9l\u00e8ves posent sur la ville, on peut consulter le livre, subventionn\u00e9 par le Centre national du livre, qu\u2019ils ont eux-m\u00eames d\u00e9pos\u00e9, lundi 23 juin 2025, \u00e0 l\u2019office du tourisme o\u00f9 il pourrait bien influencer la visite de quelques vacanciers.<\/p>\n","protected":false},"excerpt":{"rendered":"Les treize \u00e9l\u00e8ves ont d\u2019abord d\u00e9ambul\u00e9 dans la ville qu\u2019ils ont photographi\u00e9e. Chacun d\u2019eux a ensuite choisi une&hellip;\n","protected":false},"author":2,"featured_media":205778,"comment_status":"","ping_status":"","sticky":false,"template":"","format":"standard","meta":{"footnotes":""},"categories":[1357],"tags":[1379,58,59,1011,27,1380,11878],"class_list":{"0":"post-205777","1":"post","2":"type-post","3":"status-publish","4":"format-standard","5":"has-post-thumbnail","7":"category-livres","8":"tag-books","9":"tag-divertissement","10":"tag-entertainment","11":"tag-fr","12":"tag-france","13":"tag-livres","14":"tag-quimperle"},"share_on_mastodon":{"url":"https:\/\/pubeurope.com\/@fr\/114749665669421476","error":""},"_links":{"self":[{"href":"https:\/\/www.europesays.com\/fr\/wp-json\/wp\/v2\/posts\/205777","targetHints":{"allow":["GET"]}}],"collection":[{"href":"https:\/\/www.europesays.com\/fr\/wp-json\/wp\/v2\/posts"}],"about":[{"href":"https:\/\/www.europesays.com\/fr\/wp-json\/wp\/v2\/types\/post"}],"author":[{"embeddable":true,"href":"https:\/\/www.europesays.com\/fr\/wp-json\/wp\/v2\/users\/2"}],"replies":[{"embeddable":true,"href":"https:\/\/www.europesays.com\/fr\/wp-json\/wp\/v2\/comments?post=205777"}],"version-history":[{"count":0,"href":"https:\/\/www.europesays.com\/fr\/wp-json\/wp\/v2\/posts\/205777\/revisions"}],"wp:featuredmedia":[{"embeddable":true,"href":"https:\/\/www.europesays.com\/fr\/wp-json\/wp\/v2\/media\/205778"}],"wp:attachment":[{"href":"https:\/\/www.europesays.com\/fr\/wp-json\/wp\/v2\/media?parent=205777"}],"wp:term":[{"taxonomy":"category","embeddable":true,"href":"https:\/\/www.europesays.com\/fr\/wp-json\/wp\/v2\/categories?post=205777"},{"taxonomy":"post_tag","embeddable":true,"href":"https:\/\/www.europesays.com\/fr\/wp-json\/wp\/v2\/tags?post=205777"}],"curies":[{"name":"wp","href":"https:\/\/api.w.org\/{rel}","templated":true}]}}