{"id":205785,"date":"2025-06-26T12:31:11","date_gmt":"2025-06-26T12:31:11","guid":{"rendered":"https:\/\/www.europesays.com\/fr\/205785\/"},"modified":"2025-06-26T12:31:11","modified_gmt":"2025-06-26T12:31:11","slug":"elle-alerte-sur-les-dangers-des-chenilles-processionnaires","status":"publish","type":"post","link":"https:\/\/www.europesays.com\/fr\/205785\/","title":{"rendered":"elle alerte sur les dangers des chenilles processionnaires"},"content":{"rendered":"<p class=\"insetTitle\">Que faire en cas d\u2019exposition ou de sympt\u00f4mes\u00a0?<\/p>\n<p>Les chenilles processionnaires ont des poils urticants qui peuvent provoquer, en cas de contact, des r\u00e9actions allergiques s\u00e9v\u00e8res. L\u2019Agence r\u00e9gionale de sant\u00e9 (ARS) d\u2019Auvergne-Rh\u00f4ne-Alpes donne des conseils en cas de contact avec la peau ou les muqueuses.<\/p>\n<p>Au niveau de la peau<\/p>\n<p class=\"point\">\u00d4tez tous les v\u00eatements et manipulez-les avec des gants. Les v\u00eatements seront lav\u00e9s au-dessus de 60\u00a0\u00b0C et s\u00e9ch\u00e9s au s\u00e9choir.<\/p>\n<p class=\"point\">Lavez la peau abondamment \u00e0 l\u2019eau et au savon.<\/p>\n<p class=\"point\">Utilisez du papier collant pour d\u00e9crocher les poils urticants de la peau, un peu \u00e0 la mani\u00e8re d\u2019une \u00e9pilation.<\/p>\n<p class=\"point\">Brossez soigneusement vos cheveux aussi, si n\u00e9cessaire.<\/p>\n<p class=\"point\">Prenez des antihistaminiques pour soulager les d\u00e9mangeaisons<\/p>\n<p>Au niveau des yeux<\/p>\n<p class=\"point\">\u00c9vitez de vous frotter les yeux en cas d\u2019exposition<\/p>\n<p class=\"point\">Les yeux doivent \u00eatre rinc\u00e9s, chez un ophtalmologue.\u00a0<\/p>\n","protected":false},"excerpt":{"rendered":"Que faire en cas d\u2019exposition ou de sympt\u00f4mes\u00a0? Les chenilles processionnaires ont des poils urticants qui peuvent provoquer,&hellip;\n","protected":false},"author":2,"featured_media":205786,"comment_status":"","ping_status":"","sticky":false,"template":"","format":"standard","meta":{"footnotes":""},"categories":[10],"tags":[1867,3152,436,107,1011,27,72,2429,4605,4606,71,104],"class_list":{"0":"post-205785","1":"post","2":"type-post","3":"status-publish","4":"format-standard","5":"has-post-thumbnail","7":"category-sante","8":"tag-animaux","9":"tag-edition-est-lyonnais","10":"tag-environnement","11":"tag-fil-info","12":"tag-fr","13":"tag-france","14":"tag-health","15":"tag-rhone","16":"tag-saint-priest","17":"tag-saint-priest-ville","18":"tag-sante","19":"tag-societe"},"share_on_mastodon":{"url":"https:\/\/pubeurope.com\/@fr\/114749681444789451","error":""},"_links":{"self":[{"href":"https:\/\/www.europesays.com\/fr\/wp-json\/wp\/v2\/posts\/205785","targetHints":{"allow":["GET"]}}],"collection":[{"href":"https:\/\/www.europesays.com\/fr\/wp-json\/wp\/v2\/posts"}],"about":[{"href":"https:\/\/www.europesays.com\/fr\/wp-json\/wp\/v2\/types\/post"}],"author":[{"embeddable":true,"href":"https:\/\/www.europesays.com\/fr\/wp-json\/wp\/v2\/users\/2"}],"replies":[{"embeddable":true,"href":"https:\/\/www.europesays.com\/fr\/wp-json\/wp\/v2\/comments?post=205785"}],"version-history":[{"count":0,"href":"https:\/\/www.europesays.com\/fr\/wp-json\/wp\/v2\/posts\/205785\/revisions"}],"wp:featuredmedia":[{"embeddable":true,"href":"https:\/\/www.europesays.com\/fr\/wp-json\/wp\/v2\/media\/205786"}],"wp:attachment":[{"href":"https:\/\/www.europesays.com\/fr\/wp-json\/wp\/v2\/media?parent=205785"}],"wp:term":[{"taxonomy":"category","embeddable":true,"href":"https:\/\/www.europesays.com\/fr\/wp-json\/wp\/v2\/categories?post=205785"},{"taxonomy":"post_tag","embeddable":true,"href":"https:\/\/www.europesays.com\/fr\/wp-json\/wp\/v2\/tags?post=205785"}],"curies":[{"name":"wp","href":"https:\/\/api.w.org\/{rel}","templated":true}]}}