{"id":205793,"date":"2025-06-26T12:35:10","date_gmt":"2025-06-26T12:35:10","guid":{"rendered":"https:\/\/www.europesays.com\/fr\/205793\/"},"modified":"2025-06-26T12:35:10","modified_gmt":"2025-06-26T12:35:10","slug":"on-paie-la-retraite-lelectricite-les-charges-et-eux-rien-du-tout-liberation","status":"publish","type":"post","link":"https:\/\/www.europesays.com\/fr\/205793\/","title":{"rendered":"\u00abOn paie la retraite, l\u2019\u00e9lectricit\u00e9, les charges et eux\u2026 rien du tout\u00bb \u2013 Lib\u00e9ration"},"content":{"rendered":"<p class=\"sc-ksZaOG ehjQrN text-element\">\u00abEntre une formule coupe et barbe \u00e0 10 euros et une autre \u00e0 30, il n\u2019y a pas grande diff\u00e9rence\u00bb, glisse Eden (1), salari\u00e9 d\u2019un barber shop du XVIIIe arrondissement de Paris. Originaire d\u2019Alg\u00e9rie, o\u00f9 il a obtenu un brevet de coiffure, le salon dans lequel il exerce depuis deux mois poss\u00e8de une formule coupe et barbe \u00e0 25 euros. Un prix maintenu malgr\u00e9 la pression tarifaire exerc\u00e9e par ses voisins, \u00abdes barbers aux pratiques plus ou moins r\u00e9glos\u00bb, r\u00e9sume-t-il. Install\u00e9s \u00e0 une dizaine de m\u00e8tres de son salon seulement, ces concurrents tirent les prix vers le bas : \u00abPour le moment, on a une client\u00e8le uniquement masculine. Le salon arrive \u00e0 tenir comme \u00e7a, mais on pense s\u00e9rieusement \u00e0 \u00e9largir notre offre. <a href=\"https:\/\/www.liberation.fr\/lifestyle\/beaute\/chez-le-coiffeur-des-prix-plus-egalithair-20220122_N2WP5OXFYVARLLSNLMZTTK4SGU\/\" target=\"_blank\" rel=\"nofollow noopener\" title=\"https:\/\/www.liberation.fr\/lifestyle\/beaute\/chez-le-coiffeur-des-prix-plus-egalithair-20220122_N2WP5OXFYVARLLSNLMZTTK4SGU\/\">On voudrait couper les femmes<\/a>, faire des m\u00e8ches aussi\u2026 On se dit que plus de monde viendrait chez nous.\u00bb<\/p>\n<p class=\"sc-ksZaOG ehjQrN text-element\">A l\u2019appel de l\u2019Union nationale des entreprises de coiffure (Unec), des professionnels venus de toute la France sont attendus lundi 30 juin place de la Bastille pour d\u00e9noncer une concurrence jug\u00e9e d\u00e9loyale. En ligne, une p\u00e9tition du syndicat a d\u00e9j\u00e0 recueilli plus de 6 000 signatures. Les revendications sont claires : une baisse des charges, et davantage de cont<\/p>\n","protected":false},"excerpt":{"rendered":"\u00abEntre une formule coupe et barbe \u00e0 10 euros et une autre \u00e0 30, il n\u2019y a pas&hellip;\n","protected":false},"author":2,"featured_media":205794,"comment_status":"","ping_status":"","sticky":false,"template":"","format":"standard","meta":{"footnotes":""},"categories":[6],"tags":[34460,34461,34462,35,11288,26468,6729,615,6728,33,34,1011,27,4933,34463,29357],"class_list":{"0":"post-205793","1":"post","2":"type-post","3":"status-publish","4":"format-standard","5":"has-post-thumbnail","7":"category-economie","8":"tag-barbier","9":"tag-boby","10":"tag-boris-allin","11":"tag-business","12":"tag-cheveux","13":"tag-coiffeur","14":"tag-coiffure","15":"tag-coupe","16":"tag-coupe-de-cheveux","17":"tag-economie","18":"tag-economy","19":"tag-fr","20":"tag-france","21":"tag-homme","22":"tag-population-noire","23":"tag-salon-de-coiffure"},"share_on_mastodon":{"url":"https:\/\/pubeurope.com\/@fr\/114749697231968150","error":""},"_links":{"self":[{"href":"https:\/\/www.europesays.com\/fr\/wp-json\/wp\/v2\/posts\/205793","targetHints":{"allow":["GET"]}}],"collection":[{"href":"https:\/\/www.europesays.com\/fr\/wp-json\/wp\/v2\/posts"}],"about":[{"href":"https:\/\/www.europesays.com\/fr\/wp-json\/wp\/v2\/types\/post"}],"author":[{"embeddable":true,"href":"https:\/\/www.europesays.com\/fr\/wp-json\/wp\/v2\/users\/2"}],"replies":[{"embeddable":true,"href":"https:\/\/www.europesays.com\/fr\/wp-json\/wp\/v2\/comments?post=205793"}],"version-history":[{"count":0,"href":"https:\/\/www.europesays.com\/fr\/wp-json\/wp\/v2\/posts\/205793\/revisions"}],"wp:featuredmedia":[{"embeddable":true,"href":"https:\/\/www.europesays.com\/fr\/wp-json\/wp\/v2\/media\/205794"}],"wp:attachment":[{"href":"https:\/\/www.europesays.com\/fr\/wp-json\/wp\/v2\/media?parent=205793"}],"wp:term":[{"taxonomy":"category","embeddable":true,"href":"https:\/\/www.europesays.com\/fr\/wp-json\/wp\/v2\/categories?post=205793"},{"taxonomy":"post_tag","embeddable":true,"href":"https:\/\/www.europesays.com\/fr\/wp-json\/wp\/v2\/tags?post=205793"}],"curies":[{"name":"wp","href":"https:\/\/api.w.org\/{rel}","templated":true}]}}