{"id":205795,"date":"2025-06-26T12:36:15","date_gmt":"2025-06-26T12:36:15","guid":{"rendered":"https:\/\/www.europesays.com\/fr\/205795\/"},"modified":"2025-06-26T12:36:15","modified_gmt":"2025-06-26T12:36:15","slug":"fito-lun-des-plus-dangereux-narcotrafiquants-du-pays-capture-apres-plus-dun-an-de-cavale","status":"publish","type":"post","link":"https:\/\/www.europesays.com\/fr\/205795\/","title":{"rendered":"\u00ab\u00a0Fito\u00a0\u00bb l\u2019un des plus dangereux narcotrafiquants du pays captur\u00e9 apr\u00e8s plus d\u2019un an de cavale"},"content":{"rendered":"<p>Son \u00e9vasion avait d\u00e9clench\u00e9 une vague de violence en <a href=\"https:\/\/www.20minutes.fr\/dossier\/equateur\" class=\"color-ultramarine c-link\" target=\"_blank\" rel=\"noopener\">Equateur<\/a>. Le narcotrafiquant <a href=\"https:\/\/www.20minutes.fr\/monde\/4069757-20240110-fito-criminel-plus-recherche-equateur\" class=\"color-ultramarine c-link\" target=\"_blank\" rel=\"noopener\">\u00ab\u00a0Fito\u00a0\u00bb<\/a>, de son vrai nom Adolfo Macias, a \u00e9t\u00e9 arr\u00eat\u00e9 mercredi apr\u00e8s un an et demi de cavale \u00e0 l\u2019occasion d\u2019une op\u00e9ration arm\u00e9e dans sa ville natale de Manta, \u00e0 350\u00a0km au sud-ouest de Quito.<\/p>\n<p>Chef d\u2019un des principaux gangs du pays, les Choneros, qui r\u00e8gne notamment sur <a href=\"https:\/\/www.20minutes.fr\/monde\/4087535-20240421-trafic-drogue-equateur-referendum-fourre-tout-changera-choses\" class=\"color-ultramarine c-link\" target=\"_blank\" rel=\"noopener\">le trafic de coca\u00efne<\/a>, il est consid\u00e9r\u00e9 comme l\u2019un des plus dangereux criminels de son pays. Il a notamment \u00e9t\u00e9 associ\u00e9 <a href=\"https:\/\/www.20minutes.fr\/monde\/4048585-20230810-equateur-fernando-villavicencio-candidat-presidentielle-tue-balles-lors-meeting\" class=\"color-ultramarine c-link\" target=\"_blank\" rel=\"noopener\">\u00e0 l\u2019assassinat en ao\u00fbt\u00a02023 de l\u2019un des principaux candidats \u00e0 l\u2019\u00e9lection pr\u00e9sidentielle \u00e9quatorienne<\/a>, Fernando Villavicencio, qui avait fait \u00e9tat de menaces de mort de sa part.<\/p>\n<p>Une arrestation \u00ab\u00a0sans pertes humaines\u00a0\u00bb<\/p>\n<p>Le narcotrafiquant de 45 ans \u00ab\u00a0est aux mains des forces de s\u00e9curit\u00e9\u00a0\u00bb, un groupe sp\u00e9cial des forces militaires destin\u00e9 \u00e0 combattre le trafic de drogue, a salu\u00e9 <a href=\"https:\/\/www.20minutes.fr\/monde\/4149495-20250420-equateur-etat-alerte-maximale-complot-presume-assassinat-president\" class=\"color-ultramarine c-link\" target=\"_blank\" rel=\"noopener\">le pr\u00e9sident \u00e9quatorien Daniel Noboa<\/a> sur X. Le ministre de l\u2019Int\u00e9rieur, John Reimberg, a \u00e9voqu\u00e9 dans une vid\u00e9o \u00ab\u00a0une op\u00e9ration de 10 heures\u00a0\u00bb men\u00e9e \u00ab\u00a0avec pr\u00e9cision\u00a0\u00bb, au terme de laquelle \u00ab\u00a0Fito\u00a0\u00bb a \u00e9t\u00e9 appr\u00e9hend\u00e9 \u00ab\u00a0sans pertes humaines\u00a0\u00bb.<\/p>\n<p>Lors d\u2019une conf\u00e9rence de presse, le ministre a ensuite expliqu\u00e9 que les agents en uniforme avaient trouv\u00e9 \u00ab\u00a0Fito\u00a0\u00bb cach\u00e9 dans un bunker, accessible en soulevant une dalle au sol d\u2019une r\u00e9sidence luxueuse. Sur des photos publi\u00e9es par les forces de l\u2019ordre, on voit le narcotrafiquant, barbu et en surpoids, allong\u00e9 sur l\u2019une d\u2019elles le torse nu contre le sol. Sur d\u2019autres photos, il appara\u00eet en short aux c\u00f4t\u00e9s des ministres de l\u2019Int\u00e9rieur et de la D\u00e9fense.<\/p>\n<blockquote class=\"twitter-tweet\" align=\"center\" data-lang=\"fr_FR\">\n<p lang=\"es\" dir=\"ltr\">El Bloque de Seguridad m\u00e1s firme que nunca! Nuestras fuerzas del orden, con su impecable trabajo, lograron la captura de Jos\u00e9 Adolfo Mac\u00edas Villamar, alias \u201cFito\u201d. Nada ni nadie est\u00e1 por encima de la Ley! Seguimos trabajando <a href=\"https:\/\/t.co\/9rHTgWRefl\">pic.twitter.com\/9rHTgWRefl<\/a><\/p>\n<p>\u2014 John Reimberg (@JohnReimberg) <a href=\"https:\/\/twitter.com\/JohnReimberg\/status\/1938027229973213489?ref_src=twsrc%5Etfw\" target=\"_blank\" rel=\"noopener\">June 26, 2025<\/a><\/p><\/blockquote>\n<p class=\"mb-xxl@xs color-ultramarine font-weight-semi-bold@xs font-source-serif-pro heading-s@xs\">L\u2019acc\u00e8s \u00e0 ce contenu a \u00e9t\u00e9 bloqu\u00e9 afin de respecter votre choix de consentement<\/p>\n<p class=\"mb-m@xs text-l@xs\">En cliquant sur\u00ab J\u2019accepte \u00bb, vous acceptez le d\u00e9p\u00f4t de cookies par des services externes et aurez ainsi acc\u00e8s aux contenus de nos partenaires.<\/p>\n<p class=\"mb-xl@xs text-s@xs\">Plus d\u2019informations sur la page<a href=\"https:\/\/www.20minutes.fr\/gestion-cookies\" class=\"mx-xxs@xs color-ultramarine\" target=\"_blank\" rel=\"noopener\">Politique de gestion des cookies<\/a><\/p>\n<p>J\u2019accepte<\/p>\n<p>\u00ab\u00a0Fito\u00a0\u00bb a \u00e9t\u00e9 emmen\u00e9, \u00e0 bord d\u2019un petit avion, dans la prison de haute s\u00e9curit\u00e9 connue sous le nom de La Roca, \u00e0 Guayaquil (sud-ouest). Retour \u00e0 la case d\u00e9part pour le trafiquant qui s\u2019\u00e9tait \u00e9vad\u00e9 en janvier\u00a02024 du p\u00e9nitencier de Guayaquil, sur lequel il avait l\u2019emprise et o\u00f9 il purgeait depuis\u00a02011 une peine de 34 ans de r\u00e9clusion pour crime organis\u00e9, trafic de drogue et meurtre.<\/p>\n<p>Son \u00e9vasion avait d\u2019ailleurs d\u00e9clench\u00e9 une vague de violences sans pr\u00e9c\u00e9dent faisant des dizaines de morts en Equateur, et avait entra\u00een\u00e9 des mutineries dans plusieurs prisons et des combats de rue d\u00e9clench\u00e9s par les gangs.<\/p>\n<\/p>\n<p>Le pr\u00e9sident \u00e9quatorien avait alors d\u00e9clar\u00e9 le pays en \u00ab\u00a0conflit arm\u00e9 interne\u00a0\u00bb et d\u00e9ploy\u00e9 l\u2019arm\u00e9e pour tenter neutraliser la vingtaine de groupes criminels impliqu\u00e9s. Une r\u00e9compense d\u2019un million de dollars \u00e9tait offerte pour toute information permettant sa capture.<\/p>\n<p>Vers une extradition\u00a0?<\/p>\n<p>Daniel Noboa a assur\u00e9 que \u00ab\u00a0d\u2019autres\u00a0\u00bb criminels \u00ab\u00a0tomberont\u00a0\u00bb. \u00ab\u00a0Nous allons reprendre le pays. Il n\u2019y aura pas de tr\u00eave\u00a0\u00bb, a-t-il d\u00e9clar\u00e9, alors que l\u2019Equateur est au c\u0153ur <a href=\"https:\/\/www.20minutes.fr\/monde\/4149423-20250419-equateur-bain-sang-lors-tournoi-combat-coqs-attaque-fait-moins-douze-morts\" class=\"color-ultramarine c-link\" target=\"_blank\" rel=\"noopener\">d\u2019une guerre sanglante<\/a> entre des bandes criminelles impliqu\u00e9es dans le trafic de drogue, les enl\u00e8vements et les extorsions. Rien qu\u2019entre janvier et mai cette ann\u00e9e, pr\u00e8s de 4.000 personnes ont \u00e9t\u00e9 tu\u00e9es.<\/p>\n<p>Des proc\u00e9dures ont \u00e9t\u00e9 entam\u00e9es pour permettre \u00ab\u00a0l\u2019extradition de Fito vers les Etats-Unis\u00a0\u00bb, o\u00f9 le bureau du procureur de New York l\u2019accuse de trafic d\u2019armes et de coca\u00efne. \u00ab\u00a0Nous attendons leur r\u00e9ponse\u00a0\u00bb, a pr\u00e9cis\u00e9 le chef d\u2019Etat.<\/p>\n<p><script async src=\"https:\/\/platform.twitter.com\/widgets.js\" charset=\"utf-8\"><\/script><\/p>\n","protected":false},"excerpt":{"rendered":"Son \u00e9vasion avait d\u00e9clench\u00e9 une vague de violence en Equateur. Le narcotrafiquant \u00ab\u00a0Fito\u00a0\u00bb, de son vrai nom Adolfo&hellip;\n","protected":false},"author":2,"featured_media":205796,"comment_status":"","ping_status":"","sticky":false,"template":"","format":"standard","meta":{"footnotes":""},"categories":[5],"tags":[47,11,1052,34464,73,1011,27,14,74,813,12,887,28],"class_list":{"0":"post-205795","1":"post","2":"type-post","3":"status-publish","4":"format-standard","5":"has-post-thumbnail","7":"category-international","8":"tag-actualite","9":"tag-actualites","10":"tag-drogue","11":"tag-equateur","12":"tag-etats-unis","13":"tag-fr","14":"tag-france","15":"tag-international","16":"tag-monde","17":"tag-narcotrafiquants","18":"tag-news","19":"tag-trafic-de-drogue","20":"tag-world"},"share_on_mastodon":{"url":"https:\/\/pubeurope.com\/@fr\/114749701120316874","error":""},"_links":{"self":[{"href":"https:\/\/www.europesays.com\/fr\/wp-json\/wp\/v2\/posts\/205795","targetHints":{"allow":["GET"]}}],"collection":[{"href":"https:\/\/www.europesays.com\/fr\/wp-json\/wp\/v2\/posts"}],"about":[{"href":"https:\/\/www.europesays.com\/fr\/wp-json\/wp\/v2\/types\/post"}],"author":[{"embeddable":true,"href":"https:\/\/www.europesays.com\/fr\/wp-json\/wp\/v2\/users\/2"}],"replies":[{"embeddable":true,"href":"https:\/\/www.europesays.com\/fr\/wp-json\/wp\/v2\/comments?post=205795"}],"version-history":[{"count":0,"href":"https:\/\/www.europesays.com\/fr\/wp-json\/wp\/v2\/posts\/205795\/revisions"}],"wp:featuredmedia":[{"embeddable":true,"href":"https:\/\/www.europesays.com\/fr\/wp-json\/wp\/v2\/media\/205796"}],"wp:attachment":[{"href":"https:\/\/www.europesays.com\/fr\/wp-json\/wp\/v2\/media?parent=205795"}],"wp:term":[{"taxonomy":"category","embeddable":true,"href":"https:\/\/www.europesays.com\/fr\/wp-json\/wp\/v2\/categories?post=205795"},{"taxonomy":"post_tag","embeddable":true,"href":"https:\/\/www.europesays.com\/fr\/wp-json\/wp\/v2\/tags?post=205795"}],"curies":[{"name":"wp","href":"https:\/\/api.w.org\/{rel}","templated":true}]}}