{"id":205801,"date":"2025-06-26T12:39:13","date_gmt":"2025-06-26T12:39:13","guid":{"rendered":"https:\/\/www.europesays.com\/fr\/205801\/"},"modified":"2025-06-26T12:39:13","modified_gmt":"2025-06-26T12:39:13","slug":"cest-un-melange-des-experts-et-de-hpi-jadore","status":"publish","type":"post","link":"https:\/\/www.europesays.com\/fr\/205801\/","title":{"rendered":"\u00ab\u00a0C&rsquo;est un m\u00e9lange des Experts et de HPI, j\u2019adore\u202f!\u00a0\u00bb"},"content":{"rendered":"<p>L\u2019ouverture des portes est pr\u00e9vue \u00e0 16\u00a0h\u00a030 mais, un quart d\u2019heure avant, on se presse d\u00e9j\u00e0. Il y a pas mal de retrait\u00e9s, mais des familles sont venues avec les enfants. Tous habitent pas loin du \u00ab\u00a09-9\u00a0\u00bb, comme disent beaucoup de St\u00e9phanois. Comprendre\u00a0: le 99 bis cours Fauriel, l\u2019adresse de l\u2019H\u00f4tel de police.<\/p>\n<p>Le b\u00e2timent et sa grande cour sont situ\u00e9s au pied de deux immeubles. Antonella habite l\u2019un d\u2019eux\u00a0: \u00ab\u00a0De mes fen\u00eatres, je vois tout\u00a0: les v\u00e9hicules qui entrent, qui sortent, <a href=\"https:\/\/www.leprogres.fr\/faits-divers-justice\/2025\/06\/18\/l-automobiliste-outrage-et-refuse-de-se-soumettre-aux-controles-de-la-police\" target=\"_blank\" rel=\"nofollow noopener\">quand ils emm\u00e8nent quelqu\u2019un avec les menottes<\/a>\u2026\u00a0\u00bb Mais elle n\u2019est jamais rentr\u00e9e dans le commissariat. \u00ab\u00a0Alors, l\u00e0, c\u2019est l\u2019occasion.\u00a0\u00bb<\/p>\n<p>  \u00ab\u00a0Nous pouvons \u00eatre des voisins bruyants\u00a0\u00bb<\/p>\n<p>Des invitations avaient \u00e9t\u00e9 laiss\u00e9es dans les bo\u00eetes aux lettres des immeubles proches et aux commer\u00e7ants du quartier. Une initiative du directeur interd\u00e9partemental de la police national (DIPN) Yves Cellier, arriv\u00e9 \u00e0 l\u2019automne.<\/p>\n<p>Bon communicant, il y voit l\u00e0 \u00ab\u00a0une occasion de renforcer les liens entre la police et la population. Nous sommes en plein c\u0153ur d\u2019un quartier d\u2019habitations et nous pouvons \u00eatre des voisins bruyants (<a href=\"https:\/\/www.leprogres.fr\/economie\/2023\/01\/03\/travaux-a-l-hotel-de-police-l-extension-terminee-la-rehabilitation-retardee-a-la-fin-de-l-ete\" target=\"_blank\" rel=\"nofollow noopener\">sir\u00e8nes, cris des gard\u00e9s \u00e0 vue, travaux<\/a>). Cette invitation est un moyen de leur faire d\u00e9couvrir nos diff\u00e9rentes missions\u00a0\u00bb.<\/p>\n<p>Pour cela, plusieurs stands ont \u00e9t\u00e9 install\u00e9s dans la cour de l\u2019H\u00f4tel de police. Celui de la police technique et scientifique (PTS), les \u00ab\u00a0experts\u00a0\u00bb des sc\u00e8nes de crime, recueille le plus de suffrages. \u00ab\u00a0Je suis repartie avec mes empreintes en souvenir\u00a0\u00bb, sourit Claire, qui est venue \u00ab\u00a0pour voir l\u2019envers du d\u00e9cor.\u00a0\u00bb<\/p>\n<p>  \u00ab\u00a0Les sir\u00e8nes\u00a0? Avec le temps, on s\u2019y fait\u00a0\u00bb<\/p>\n<p>Malika est venue en famille\u00a0: \u00ab\u00a0Les policiers expliquent bien et ont l\u2019air passionn\u00e9s. J\u2019ai l\u2019impression d\u2019\u00eatre dans une sc\u00e8ne qui m\u00e9lange les Experts  et HPI (*), j\u2019adore\u00a0!\u00a0\u00bb Marie-France, elle, a appr\u00e9ci\u00e9 la d\u00e9monstration de la brigade canine\u00a0: \u00ab\u00a0J\u2019ai un chien, mais il n\u2019ob\u00e9it pas aussi bien\u2026\u00a0\u00bb Il mord moins, aussi, et heureusement. \u00ab Parfois, des coll\u00e8gues se font mordre en exercice\u00a0\u00bb, confie un policier.<\/p>\n<p>Christophe observe ses deux enfants s\u2019essayer au tir au pistolet\u2026 laser. \u00ab\u00a0C\u2019est important d\u2019avoir ce genre de contact avec la police dans ce contexte.\u00a0\u00bb Sous-entendu\u00a0: sans \u00eatre auteur ou victime. Claire, qui habite ici depuis sept ans, se souvient \u00ab qu\u2019au d\u00e9but, je ne pouvais pas dormir avec les sir\u00e8nes. Mais avec le temps, on s\u2019y fait\u2026 \u00bb<\/p>\n<p>Un bout de g\u00e2teau et un jus de fruits plus tard, tous les visiteurs n\u2019ont qu\u2019une envie\u00a0: \u00ab\u00a0Revenir l\u2019ann\u00e9e prochaine ! \u00bb<\/p>\n<p class=\"note\">(*) Deux s\u00e9ries TV polici\u00e8res \u00e0 succ\u00e8s.<\/p>\n","protected":false},"excerpt":{"rendered":"L\u2019ouverture des portes est pr\u00e9vue \u00e0 16\u00a0h\u00a030 mais, un quart d\u2019heure avant, on se presse d\u00e9j\u00e0. Il y&hellip;\n","protected":false},"author":2,"featured_media":205802,"comment_status":"","ping_status":"","sticky":false,"template":"","format":"standard","meta":{"footnotes":""},"categories":[9653],"tags":[1111,11,2430,7539,1777,674,274,107,1011,27,1757,3367,12,25,4001,7538],"class_list":{"0":"post-205801","1":"post","2":"type-post","3":"status-publish","4":"format-standard","5":"has-post-thumbnail","7":"category-saint-etienne","8":"tag-actu","9":"tag-actualites","10":"tag-auvergne-rhone-alpes","11":"tag-edition-loire-sud","12":"tag-eu","13":"tag-europe","14":"tag-faits-divers-justice","15":"tag-fil-info","16":"tag-fr","17":"tag-france","18":"tag-insolite","19":"tag-loire","20":"tag-news","21":"tag-republique-francaise","22":"tag-saint-etienne","23":"tag-saint-etienne-ville"},"share_on_mastodon":{"url":"https:\/\/pubeurope.com\/@fr\/114749712890269725","error":""},"_links":{"self":[{"href":"https:\/\/www.europesays.com\/fr\/wp-json\/wp\/v2\/posts\/205801","targetHints":{"allow":["GET"]}}],"collection":[{"href":"https:\/\/www.europesays.com\/fr\/wp-json\/wp\/v2\/posts"}],"about":[{"href":"https:\/\/www.europesays.com\/fr\/wp-json\/wp\/v2\/types\/post"}],"author":[{"embeddable":true,"href":"https:\/\/www.europesays.com\/fr\/wp-json\/wp\/v2\/users\/2"}],"replies":[{"embeddable":true,"href":"https:\/\/www.europesays.com\/fr\/wp-json\/wp\/v2\/comments?post=205801"}],"version-history":[{"count":0,"href":"https:\/\/www.europesays.com\/fr\/wp-json\/wp\/v2\/posts\/205801\/revisions"}],"wp:featuredmedia":[{"embeddable":true,"href":"https:\/\/www.europesays.com\/fr\/wp-json\/wp\/v2\/media\/205802"}],"wp:attachment":[{"href":"https:\/\/www.europesays.com\/fr\/wp-json\/wp\/v2\/media?parent=205801"}],"wp:term":[{"taxonomy":"category","embeddable":true,"href":"https:\/\/www.europesays.com\/fr\/wp-json\/wp\/v2\/categories?post=205801"},{"taxonomy":"post_tag","embeddable":true,"href":"https:\/\/www.europesays.com\/fr\/wp-json\/wp\/v2\/tags?post=205801"}],"curies":[{"name":"wp","href":"https:\/\/api.w.org\/{rel}","templated":true}]}}