{"id":205827,"date":"2025-06-26T12:54:19","date_gmt":"2025-06-26T12:54:19","guid":{"rendered":"https:\/\/www.europesays.com\/fr\/205827\/"},"modified":"2025-06-26T12:54:19","modified_gmt":"2025-06-26T12:54:19","slug":"strasbourg-un-happening-artistique-sur-la-peniche-lorins-promenade","status":"publish","type":"post","link":"https:\/\/www.europesays.com\/fr\/205827\/","title":{"rendered":"Strasbourg. Un happening artistique sur la p\u00e9niche Lorin\u2019s promenade"},"content":{"rendered":"<p>  Guerre et paix<\/p>\n<p>Apr\u00e8s B\u00e2le, c\u2019est \u00e0 Strasbourg, du c\u00f4t\u00e9 du Phare Citadelle, qu\u2019elle donne rendez-vous. Pour une exposition autour de l\u2019eau, et ce qu\u2019elle convoie, transporte en mati\u00e8re de communication. Are you here \u00a0? demande l\u2019artiste alors que le monde est en proie <a href=\"https:\/\/www.dna.fr\/france-monde\/israel\" target=\"_blank\" rel=\"nofollow noopener\">aux guerres<\/a>. L\u2019installation de couleur jaune avec des lumi\u00e8res bleues rappelle <a href=\"https:\/\/www.dna.fr\/france-monde\/ukraine\" target=\"_blank\" rel=\"nofollow noopener\">le drapeau ukrainien<\/a>. <\/p>\n<p>Et puis il y a la PerformanceDrive qui d\u00e9marre \u00e0 la tomb\u00e9e de la nuit, de 22h \u00e0 23h. Elle s\u2019accompagne d\u2019ateliers ouverts au public de 20h30 \u00e0 21h30, o\u00f9 l\u2019on peut choisir un costume parmi tous ceux qui ont \u00e9t\u00e9 cr\u00e9\u00e9s pour les \u00e9v\u00e9nements de Lorin\u2019s Promenade de 2016 \u00e0 2025. Aucune exp\u00e9rience artistique n\u2019est requise, seule l\u2019envie d\u2019exp\u00e9rimenter compte.<\/p>\n<p>Entour\u00e9e d\u2019autres musiciens (dont Ulysse Gohin), Anmari M\u00ebtsa Yabi Wili compose \u00e0 partir de textes d\u2019artistes ukrainiennes, dont la compositrice Stefanija Turkewych-Lukijanawych. Elle s\u2019inspire \u00e9galement de la chanson folklorique suisse Lueged vo B\u00e4rg und Tal \u00a0\u00a0et inclut des paroles de m\u00e8res et de p\u00e8res, de femmes, d\u2019hommes et d\u2019enfants d\u00e9vast\u00e9s par la violence de la guerre.<\/p>\n<p>Anmari M\u00ebtsa Yabi Wili remet en perspective nos soci\u00e9t\u00e9s certes iniques et violentes, mais encore \u00e9pargn\u00e9es par la guerre, avec le quotidien de celles et ceux qui sont devenus des cibles militaires. L\u2019an dernier, son projet d\u00e9fendant les valeurs de paix, d\u2019amour et de joie \u00e9tait plac\u00e9 sous l\u2019\u00e9tendard de \u00ab\u00a0Rings &amp; Wings\u00a0\u00bb, anneaux et ailes.<\/p>\n<p class=\"note\">Ce vendredi 27\u00a0juin, d\u00e8s 20h30, du c\u00f4t\u00e9 du Phare Citadelle, \u00e0 Strasbourg\u00a0; tarifs\u00a0: 20 ou 40\u20ac\u00a0avec ou sans atelier. Infos sur www.lorinspromenade.com<\/p>\n","protected":false},"excerpt":{"rendered":"Guerre et paix Apr\u00e8s B\u00e2le, c\u2019est \u00e0 Strasbourg, du c\u00f4t\u00e9 du Phare Citadelle, qu\u2019elle donne rendez-vous. Pour une&hellip;\n","protected":false},"author":2,"featured_media":205828,"comment_status":"","ping_status":"","sticky":false,"template":"","format":"standard","meta":{"footnotes":""},"categories":[2820],"tags":[1111,11,1687,2880,1777,674,107,1011,27,775,873,12,25,3140,640,2879],"class_list":{"0":"post-205827","1":"post","2":"type-post","3":"status-publish","4":"format-standard","5":"has-post-thumbnail","7":"category-strasbourg","8":"tag-actu","9":"tag-actualites","10":"tag-culture-loisirs","11":"tag-edition-strasbourg","12":"tag-eu","13":"tag-europe","14":"tag-fil-info","15":"tag-fr","16":"tag-france","17":"tag-grand-est","18":"tag-musique","19":"tag-news","20":"tag-republique-francaise","21":"tag-spectacle","22":"tag-strasbourg","23":"tag-strasbourg-ville"},"share_on_mastodon":{"url":"https:\/\/pubeurope.com\/@fr\/114749772015751919","error":""},"_links":{"self":[{"href":"https:\/\/www.europesays.com\/fr\/wp-json\/wp\/v2\/posts\/205827","targetHints":{"allow":["GET"]}}],"collection":[{"href":"https:\/\/www.europesays.com\/fr\/wp-json\/wp\/v2\/posts"}],"about":[{"href":"https:\/\/www.europesays.com\/fr\/wp-json\/wp\/v2\/types\/post"}],"author":[{"embeddable":true,"href":"https:\/\/www.europesays.com\/fr\/wp-json\/wp\/v2\/users\/2"}],"replies":[{"embeddable":true,"href":"https:\/\/www.europesays.com\/fr\/wp-json\/wp\/v2\/comments?post=205827"}],"version-history":[{"count":0,"href":"https:\/\/www.europesays.com\/fr\/wp-json\/wp\/v2\/posts\/205827\/revisions"}],"wp:featuredmedia":[{"embeddable":true,"href":"https:\/\/www.europesays.com\/fr\/wp-json\/wp\/v2\/media\/205828"}],"wp:attachment":[{"href":"https:\/\/www.europesays.com\/fr\/wp-json\/wp\/v2\/media?parent=205827"}],"wp:term":[{"taxonomy":"category","embeddable":true,"href":"https:\/\/www.europesays.com\/fr\/wp-json\/wp\/v2\/categories?post=205827"},{"taxonomy":"post_tag","embeddable":true,"href":"https:\/\/www.europesays.com\/fr\/wp-json\/wp\/v2\/tags?post=205827"}],"curies":[{"name":"wp","href":"https:\/\/api.w.org\/{rel}","templated":true}]}}