{"id":205829,"date":"2025-06-26T12:55:10","date_gmt":"2025-06-26T12:55:10","guid":{"rendered":"https:\/\/www.europesays.com\/fr\/205829\/"},"modified":"2025-06-26T12:55:10","modified_gmt":"2025-06-26T12:55:10","slug":"christian-estrosi-va-bien-retirer-les-drapeaux-israeliens-du-fronton-de-la-mairie-de-nice-et-installe-un-kakemono","status":"publish","type":"post","link":"https:\/\/www.europesays.com\/fr\/205829\/","title":{"rendered":"Christian Estrosi va bien retirer les drapeaux isra\u00e9liens du fronton de la mairie de Nice&#8230; et installe un kak\u00e9mono"},"content":{"rendered":"<p>La justice, dans une d\u00e9cision rendue mercredi 25 juin, lui a laiss\u00e9 5 jours.\u00a0Selon nos informations, le maire de Nice Christian Estrosi va bien proc\u00e9der au retrait des drapeaux isra\u00e9liens qui ornent le fronton de la mairie, c\u00f4t\u00e9 rue Saint-Fran\u00e7ois-de-Paule.<\/p>\n<p>Mais il a d&rsquo;ores et d\u00e9j\u00e0 install\u00e9, c\u00f4t\u00e9 entr\u00e9e du public (rue de l&rsquo;H\u00f4tel-de-Ville), un kak\u00e9mono en soutien aux otages d\u00e9tenus par le Hamas.<\/p>\n<p>\u00ab\u00a0Nice demande la lib\u00e9ration des otages du 7 octobre 2023 d\u00e9tenus par le Hamas\u00a0\u00bb, est-il inscrit, au-dessus d&rsquo;une mosa\u00efque de photos, sur le kak\u00e9mono accroch\u00e9 au-dessus de l&rsquo;entr\u00e9e de la mairie.\u00a0<\/p>\n<p>Kak\u00e9mono sur lequel est \u00e9galement r\u00e9clam\u00e9e la lib\u00e9ration \u00ab\u00a0de C\u00e9cile et Jacques, d\u00e9tenus en Iran\u00a0\u00bb. C\u00e9cile Kohler et Jacques Paris sont emprisonn\u00e9s par le r\u00e9gime de T\u00e9h\u00e9ran depuis trois ans.<\/p>\n<p>              <img ci-src=\"https:\/\/www.nicematin.com\/vie-locale\/Image_20250626_114740_516-idICDJeq.jpeg?vh=c75c25&amp;ci_seal=64dc67f239\" alt=\"\"\/><br \/>\n        Un kak\u00e9mono \u00e0 l&rsquo;entr\u00e9e de la mairie de Nice, le jeudi 26 juin 2025. <strong>Photo S. G..<\/strong> <\/p>\n<p>                                Son refus retoqu\u00e9 par la justice<\/p>\n<p>Malgr\u00e9 les demandes et les recours, le maire de Nice avait jusqu&rsquo;ici refus\u00e9 de retirer le drapeau d&rsquo;Isra\u00ebl du fronton de la mairie.<\/p>\n<p>Y compris quand la demande lui en a \u00e9t\u00e9 faite, la semaine derni\u00e8re, par courrier, par le pr\u00e9fet des Alpes-Maritimes, en vertu de la neutralit\u00e9 du service public. Cette fois, c&rsquo;est donc la justice qui le lui r\u00e9clamait. Sous cinq jours.<\/p>\n<p>\u00ab\u00a0Par deux ordonnances du 25\u00a0juin\u00a02025 faisant suite \u00e0 la saisine de particuliers, a indiqu\u00e9 le tribunal administratif de Nice dans un communiqu\u00e9 de presse diffus\u00e9 ce jeudi 26 juin 2025, le juge des r\u00e9f\u00e9r\u00e9s du tribunal administratif de Nice a suspendu le refus du maire de Nice de retirer les drapeaux isra\u00e9liens hiss\u00e9s sur le fronton de la mairie et lui a enjoint de les retirer dans un d\u00e9lai de cinq\u00a0jours.\u00a0\u00bb<\/p>\n<p>Une d\u00e9cision motiv\u00e9e par deux arguments: d&rsquo;une part, la \u00ab\u00a0condition d&rsquo;urgence remplie\u00a0\u00bb\u00a0car ce pavoisement, pr\u00e9sent\u00e9 par Christian Estrosi comme \u00ab\u00a0un soutien aux otages isra\u00e9liens d\u00e9tenus par le Hamas (&#8230;)\u00a0doit \u00e9galement \u00eatre regard\u00e9 comme un soutien \u00e0 l\u2019\u00c9tat isra\u00e9lien, et donc comme la revendication d\u2019une opinion politique\u00a0\u00bb; d&rsquo;autre part,\u00a0\u00ab\u00a0un doute s\u00e9rieux sur la l\u00e9galit\u00e9 du refus du maire de retirer les drapeaux\u00a0\u00bb en vertu, toujours, \u00ab\u00a0du principe de neutralit\u00e9 du service public.\u00a0\u00bb<\/p>\n","protected":false},"excerpt":{"rendered":"La justice, dans une d\u00e9cision rendue mercredi 25 juin, lui a laiss\u00e9 5 jours.\u00a0Selon nos informations, le maire&hellip;\n","protected":false},"author":2,"featured_media":205830,"comment_status":"","ping_status":"","sticky":false,"template":"","format":"standard","meta":{"footnotes":""},"categories":[2819],"tags":[1111,11,1777,674,1011,27,12,2401,882,25,3366],"class_list":{"0":"post-205829","1":"post","2":"type-post","3":"status-publish","4":"format-standard","5":"has-post-thumbnail","7":"category-nice","8":"tag-actu","9":"tag-actualites","10":"tag-eu","11":"tag-europe","12":"tag-fr","13":"tag-france","14":"tag-news","15":"tag-nice","16":"tag-provence-alpes-cote-dazur","17":"tag-republique-francaise","18":"tag-vie-locale"},"share_on_mastodon":{"url":"https:\/\/pubeurope.com\/@fr\/114749775812889701","error":""},"_links":{"self":[{"href":"https:\/\/www.europesays.com\/fr\/wp-json\/wp\/v2\/posts\/205829","targetHints":{"allow":["GET"]}}],"collection":[{"href":"https:\/\/www.europesays.com\/fr\/wp-json\/wp\/v2\/posts"}],"about":[{"href":"https:\/\/www.europesays.com\/fr\/wp-json\/wp\/v2\/types\/post"}],"author":[{"embeddable":true,"href":"https:\/\/www.europesays.com\/fr\/wp-json\/wp\/v2\/users\/2"}],"replies":[{"embeddable":true,"href":"https:\/\/www.europesays.com\/fr\/wp-json\/wp\/v2\/comments?post=205829"}],"version-history":[{"count":0,"href":"https:\/\/www.europesays.com\/fr\/wp-json\/wp\/v2\/posts\/205829\/revisions"}],"wp:featuredmedia":[{"embeddable":true,"href":"https:\/\/www.europesays.com\/fr\/wp-json\/wp\/v2\/media\/205830"}],"wp:attachment":[{"href":"https:\/\/www.europesays.com\/fr\/wp-json\/wp\/v2\/media?parent=205829"}],"wp:term":[{"taxonomy":"category","embeddable":true,"href":"https:\/\/www.europesays.com\/fr\/wp-json\/wp\/v2\/categories?post=205829"},{"taxonomy":"post_tag","embeddable":true,"href":"https:\/\/www.europesays.com\/fr\/wp-json\/wp\/v2\/tags?post=205829"}],"curies":[{"name":"wp","href":"https:\/\/api.w.org\/{rel}","templated":true}]}}