{"id":205831,"date":"2025-06-26T12:56:09","date_gmt":"2025-06-26T12:56:09","guid":{"rendered":"https:\/\/www.europesays.com\/fr\/205831\/"},"modified":"2025-06-26T12:56:09","modified_gmt":"2025-06-26T12:56:09","slug":"apres-une-decision-de-justice-christian-estrosi-retire-finalement-les-drapeaux-israeliens-de-la-mairie","status":"publish","type":"post","link":"https:\/\/www.europesays.com\/fr\/205831\/","title":{"rendered":"apr\u00e8s une d\u00e9cision de justice, Christian Estrosi retire finalement les drapeaux isra\u00e9liens de la mairie"},"content":{"rendered":"<p>Des recours avaient \u00e9t\u00e9 d\u00e9pos\u00e9s par des militants propalestiniens ni\u00e7ois, tandis que le pr\u00e9fet avait lui aussi demand\u00e9 au maire de Nice de retirer les drapeaux isra\u00e9liens.<\/p>\n<p class=\"fig-paragraph\">Le maire de Nice, Christian Estrosi, a retir\u00e9\u00a0<a href=\"http:\/\/www.lefigaro.fr\/nice\/le-prefet-des-alpes-maritimes-demande-le-retrait-du-drapeau-israelien-de-la-mairie-de-nice-20250617\" data-fig-type=\"NewsFlash\" data-gtm-custom-categorie=\"navigation\" data-gtm-custom-action=\"crossclick\" data-gtm-custom-label=\"Contextuel\" data-gtm-event=\"customEventSPE\" data-fig-domain=\"LEFIGARO\" rel=\"nofollow noopener\" target=\"_blank\">les drapeaux isra\u00e9liens du fronton de l\u2019h\u00f4tel de ville<\/a>\u00a0apr\u00e8s une d\u00e9cision de justice rendue jeudi matin lui ordonnant de le faire dans les cinq jours. Le tribunal administratif avait \u00e9t\u00e9 saisi par\u00a0<a href=\"http:\/\/www.lefigaro.fr\/nice\/a-nice-la-justice-saisie-du-cas-des-drapeaux-israeliens-hisses-sur-le-fronton-de-la-mairie-20250624\" data-fig-type=\"NewsFlash\" data-gtm-custom-categorie=\"navigation\" data-gtm-custom-action=\"crossclick\" data-gtm-custom-label=\"Contextuel\" data-gtm-event=\"customEventSPE\" data-fig-domain=\"LEFIGARO\" rel=\"nofollow noopener\" target=\"_blank\">des recours de militants propalestiniens ni\u00e7ois<\/a>\u00a0afin que l\u2019\u00e9dile enl\u00e8ve ces drapeaux, comme lui avait \u00e9galement demand\u00e9 le pr\u00e9fet des Alpes-Maritimes,\u00a0<a href=\"http:\/\/www.lefigaro.fr\/nice\/je-serai-un-prefet-impartial-dans-les-alpes-maritimes-laurent-hottiaux-vise-l-ordre-et-l-unite-20250520\" data-fig-type=\"NewsFlash\" data-gtm-custom-categorie=\"navigation\" data-gtm-custom-action=\"crossclick\" data-gtm-custom-label=\"Contextuel\" data-gtm-event=\"customEventSPE\" data-fig-domain=\"LEFIGARO\" rel=\"nofollow noopener\" target=\"_blank\">Laurent Hottiaux<\/a>, la semaine derni\u00e8re.<\/p>\n<p class=\"fig-paragraph\">Christian Estrosi (Horizons) avait d\u2019abord fait part de son refus au repr\u00e9sentant de l\u2019\u00c9tat, rappelant qu\u2019il s\u2019\u00e9tait engag\u00e9, apr\u00e8s les attaques du Hamas en Isra\u00ebl le 7 octobre 2023, \u00e0 laisser flotter ces drapeaux sur la fa\u00e7ade principale de la mairie jusqu\u2019\u00e0 la lib\u00e9ration des otages. Mais le maire a fini par les enlever lui-m\u00eame ce jeudi midi. Au balcon de l\u2019h\u00f4tel de ville du bord de la baie des Anges, il s\u2019est saisi d\u2019un drapeau et l\u2019a agit\u00e9 sous le regard des journalistes et d\u2019\u00e9lus. Des drapeaux du Comt\u00e9 de Nice ont \u00e9t\u00e9 positionn\u00e9s \u00e0 la place.<\/p>\n<p class=\"fig-paragraph\">\u00abJ\u2019ai d\u00e9cid\u00e9 d\u2019enlever les drapeaux, respectueux de cette d\u00e9cision de justice, qui naturellement ne me convient pas et me para\u00eet injuste parce qu\u2019elle me semble mettre sur un pied d\u2019\u00e9galit\u00e9 un drapeau qui illustre le soutien \u00e0 un mouvement terroriste et le drapeau d\u2019une nationalit\u00e9 dont la plupart [des citoyens] sont des victimes\u00bb, a comment\u00e9 Christian Estrosi, qui d\u00e9nonce encore \u00abun recours politique de LFI\u00bb. La municipalit\u00e9 a indiqu\u00e9 que le drapeau isra\u00e9lien avait aussi \u00e9t\u00e9 retir\u00e9 du bureau du maire.<\/p>\n<p>\u00abRevendication d\u2019une opinion politique\u00bb<\/p>\n<p class=\"fig-paragraph\">Des recours avaient d\u00e9j\u00e0 \u00e9t\u00e9 d\u00e9pos\u00e9s pour le retrait de ces drapeaux, en vain, le tribunal jugeant d\u2019abord que la condition d\u2019urgence n\u2019\u00e9tait pas remplie. Cette fois, le juge des r\u00e9f\u00e9r\u00e9s a estim\u00e9 l\u2019inverse, \u00aben d\u00e9pit de la volont\u00e9 du maire de cantonner l\u2019apposition des drapeaux \u00e0 un symbole de soutien aux otages isra\u00e9liens d\u00e9tenus par le Hamas, organisation terroriste\u00bb, a indiqu\u00e9 la juridiction administrative de Nice dans un communiqu\u00e9.<\/p>\n<p class=\"fig-paragraph\">Pour la justice, la \u00abpersistance dans le temps\u00bb, \u00abl\u2019ampleur prise par le conflit au Moyen-Orient\u00bb et les \u00abtensions mondiales\u00bb appuient cette d\u00e9cision de demande de retrait. Le tribunal n\u2019y voit plus seulement un \u00abunique symbole de soutien aux otages\u00bb mais \u00abun soutien \u00e0 l\u2019\u00c9tat isra\u00e9lien et donc comme la revendication d\u2019une opinion politique\u00bb, pr\u00e9cise-t-il dans son communiqu\u00e9.<\/p>\n<p><strong>\u00abNous poursuivrons sous une autre forme notre combat\u00bb<\/strong><\/p>\n<p class=\"fig-paragraph\">Dans sa circulaire adress\u00e9e \u00e0 l\u2019ensemble des communes du d\u00e9partement pour interdire tous les drapeaux \u00e9trangers en mairie, le pr\u00e9fet avait rappel\u00e9 un \u00abprincipe de neutralit\u00e9 du service public\u00bb. Dans sa d\u00e9cision, la justice \u00e9voque alors une \u00abm\u00e9connaissance\u00bb de cet aspect et qu\u2019en l\u2019\u00e9tat de l\u2019instruction, cela pouvait cr\u00e9er \u00abun doute s\u00e9rieux sur la l\u00e9galit\u00e9 du refus du maire\u00bb.<\/p>\n<p class=\"fig-paragraph\">Christian Estrosi a martel\u00e9 son soutien \u00e0 la communaut\u00e9 juive et \u00e0 la lutte contre l\u2019antis\u00e9mitisme en d\u00e9voilant une nouvelle affiche, devant l\u2019entr\u00e9e de la mairie, avec les photos des otages. Les portraits d\u2019enfants retenus par le Hamas avaient d\u00e9j\u00e0 \u00e9t\u00e9 diffus\u00e9s sur les panneaux \u00e9lectriques de la ville. \u00abNous poursuivrons sous une autre forme notre combat car nous sommes une municipalit\u00e9 qui se bat contre toutes les injustices\u00bb, a-t-il ajout\u00e9, promettant \u00abd\u2019autres actions dans les jours et les semaines qui suivent\u00bb.<\/p>\n","protected":false},"excerpt":{"rendered":"Des recours avaient \u00e9t\u00e9 d\u00e9pos\u00e9s par des militants propalestiniens ni\u00e7ois, tandis que le pr\u00e9fet avait lui aussi demand\u00e9&hellip;\n","protected":false},"author":2,"featured_media":205832,"comment_status":"","ping_status":"","sticky":false,"template":"","format":"standard","meta":{"footnotes":""},"categories":[2819],"tags":[1111,11,2898,2829,2971,2972,2397,2973,3259,2974,1777,674,2975,1011,27,303,2969,2970,2987,2980,12,2401,2897,2976,2977,2978,2985,2986,2979,2981,2982,2983,2984,2991,2992,2993,2994,2996,2997,2998,2999,3000,3001,3002,2995,3003,3004,3005,3007,2268,882,25,2988,2989,2990,2968,3006],"class_list":{"0":"post-205831","1":"post","2":"type-post","3":"status-publish","4":"format-standard","5":"has-post-thumbnail","7":"category-nice","8":"tag-actu","9":"tag-actualites","10":"tag-alpes-maritimes","11":"tag-baumettes","12":"tag-carabacel","13":"tag-caucade","14":"tag-christian-estrosi","15":"tag-cimiez","16":"tag-conflit-israelo-palestinien","17":"tag-cremat","18":"tag-eu","19":"tag-europe","20":"tag-fabron","21":"tag-fr","22":"tag-france","23":"tag-justice","24":"tag-larenas","25":"tag-lariane","26":"tag-le-ray","27":"tag-lingostiere","28":"tag-news","29":"tag-nice","30":"tag-nice-cote-dazur","31":"tag-nice-gairaut","32":"tag-nice-gambetta","33":"tag-nice-jean-medecin","34":"tag-nice-le-piol","35":"tag-nice-le-port","36":"tag-nice-liberation","37":"tag-nice-magnan","38":"tag-nice-mantega-mont-boron","39":"tag-nice-pasteur","40":"tag-nice-pessicart","41":"tag-nice-rue-de-france","42":"tag-nice-saint-antoine","43":"tag-nice-saint-augustin","44":"tag-nice-saint-isidore","45":"tag-nice-saint-maurice","46":"tag-nice-saint-pancrace","47":"tag-nice-saint-philippe","48":"tag-nice-saint-pierre-de-feric","49":"tag-nice-saint-roch","50":"tag-nice-saint-roman-de-bellet","51":"tag-nice-saint-sylvestre","52":"tag-nice-sainte-marguerite","53":"tag-nice-thiers","54":"tag-nice-ventabrun","55":"tag-nice-vernier","56":"tag-nice-vinaigrier","57":"tag-ogc-nice","58":"tag-provence-alpes-cote-dazur","59":"tag-republique-francaise","60":"tag-rimiez","61":"tag-riquier","62":"tag-roquebilliere","63":"tag-sud-est","64":"tag-vieux-nice"},"share_on_mastodon":{"url":"","error":"Validation failed: Text character limit of 500 exceeded"},"_links":{"self":[{"href":"https:\/\/www.europesays.com\/fr\/wp-json\/wp\/v2\/posts\/205831","targetHints":{"allow":["GET"]}}],"collection":[{"href":"https:\/\/www.europesays.com\/fr\/wp-json\/wp\/v2\/posts"}],"about":[{"href":"https:\/\/www.europesays.com\/fr\/wp-json\/wp\/v2\/types\/post"}],"author":[{"embeddable":true,"href":"https:\/\/www.europesays.com\/fr\/wp-json\/wp\/v2\/users\/2"}],"replies":[{"embeddable":true,"href":"https:\/\/www.europesays.com\/fr\/wp-json\/wp\/v2\/comments?post=205831"}],"version-history":[{"count":0,"href":"https:\/\/www.europesays.com\/fr\/wp-json\/wp\/v2\/posts\/205831\/revisions"}],"wp:featuredmedia":[{"embeddable":true,"href":"https:\/\/www.europesays.com\/fr\/wp-json\/wp\/v2\/media\/205832"}],"wp:attachment":[{"href":"https:\/\/www.europesays.com\/fr\/wp-json\/wp\/v2\/media?parent=205831"}],"wp:term":[{"taxonomy":"category","embeddable":true,"href":"https:\/\/www.europesays.com\/fr\/wp-json\/wp\/v2\/categories?post=205831"},{"taxonomy":"post_tag","embeddable":true,"href":"https:\/\/www.europesays.com\/fr\/wp-json\/wp\/v2\/tags?post=205831"}],"curies":[{"name":"wp","href":"https:\/\/api.w.org\/{rel}","templated":true}]}}