{"id":205834,"date":"2025-06-26T12:58:11","date_gmt":"2025-06-26T12:58:11","guid":{"rendered":"https:\/\/www.europesays.com\/fr\/205834\/"},"modified":"2025-06-26T12:58:11","modified_gmt":"2025-06-26T12:58:11","slug":"apres-le-coup-de-gueule-des-commercants-la-ville-lance-loperation-sauvetage-du-traditionnel-marche-de-talensac","status":"publish","type":"post","link":"https:\/\/www.europesays.com\/fr\/205834\/","title":{"rendered":"apr\u00e8s le coup de gueule des commer\u00e7ants, la ville lance l\u2019op\u00e9ration sauvetage du traditionnel march\u00e9 de Talensac"},"content":{"rendered":"<p>Depuis des ann\u00e9es, les marchands alertent sur une d\u00e9gradation du lieu. Apr\u00e8s avoir de nouveau hauss\u00e9 le ton d\u00e9but juin et lanc\u00e9 une p\u00e9tition, ils ont obtenu un rendez-vous et des avanc\u00e9es.<\/p>\n<p class=\"fig-paragraph\">C\u2019est le march\u00e9 le plus fr\u00e9quent\u00e9 de\u00a0<a href=\"http:\/\/www.lefigaro.fr\/nantes\/nantes-un-frotteur-multirecidiviste-arrete-dans-un-marche-du-centre-ville-20250616\" target=\"_blank\" data-fig-type=\"NewsFlash\" rel=\"noopener\" data-gtm-custom-categorie=\"navigation\" data-gtm-custom-action=\"crossclick\" data-gtm-custom-label=\"Contextuel\" data-gtm-event=\"customEventSPE\" data-fig-domain=\"LEFIGARO\">Nantes<\/a>. Et pourtant\u00a0: depuis des ann\u00e9es,\u00a0<a href=\"http:\/\/www.lefigaro.fr\/nantes\/rongeurs-mauvaises-odeurs-le-ras-le-bol-des-commercants-du-repute-marche-nantais-de-talensac-20231008\" target=\"_blank\" data-fig-type=\"Article\" rel=\"noopener\" data-gtm-custom-categorie=\"navigation\" data-gtm-custom-action=\"crossclick\" data-gtm-custom-label=\"Contextuel\" data-gtm-event=\"customEventSPE\" data-fig-domain=\"LEFIGARO\">les commer\u00e7ants de Talensac<\/a>\u00a0alertent sur sa d\u00e9gradation progressive. Fientes de pigeons, odeurs intempestives, manque d\u2019entretien&#8230; D\u00e9but juin,\u00a0<a href=\"https:\/\/www.change.org\/p\/p%C3%A9tition-citoyenne-pour-un-talensac-vivant-et-respect%C3%A9\" target=\"_blank\" rel=\"noopener\" data-gtm-custom-categorie=\"navigation\" data-gtm-custom-action=\"crossclick\" data-gtm-custom-label=\"Contextuel\" data-gtm-event=\"customEventSPE\">une p\u00e9tition<\/a>\u00a0intitul\u00e9e \u00abPour un Talensac vivant et respect\u00e9\u00bb a \u00e9t\u00e9 lanc\u00e9e,\u00a0<a href=\"http:\/\/www.lefigaro.fr\/nantes\/nantes-le-cri-d-alerte-des-commercants-pour-sauver-le-marche-historique-de-talensac-coeur-battant-de-la-ville-20250621\" target=\"_blank\" data-fig-type=\"NewsFlash\" rel=\"noopener\" data-gtm-custom-categorie=\"navigation\" data-gtm-custom-action=\"crossclick\" data-gtm-custom-label=\"Contextuel\" data-gtm-event=\"customEventSPE\" data-fig-domain=\"LEFIGARO\">remettant le sujet<\/a>\u00a0au centre de la table.<\/p>\n<p class=\"fig-paragraph\">Mardi, \u00e0 deux jours de leur assembl\u00e9e g\u00e9n\u00e9rale, le pr\u00e9sident de l\u2019association des commer\u00e7ants du march\u00e9, le syndicat des march\u00e9s de France et les partenaires \u00e9conomiques de la Ville ont \u00e9t\u00e9 re\u00e7us par le premier adjoint \u00e0 la maire de Nantes, accompagn\u00e9 de deux \u00e9lus. Des mesures d\u2019entretien ont \u00e9t\u00e9 annonc\u00e9es afin de soigner ces halles labellis\u00e9es \u00abPatrimoine du XXe si\u00e8cle\u00bb.<\/p>\n<p>Nettoyage renforc\u00e9<\/p>\n<p class=\"fig-paragraph\">\u00abAlors que, sur ce mandat, nous avons d\u00e9j\u00e0 consacr\u00e9 637.000 \u20ac \u00e0 Talensac, nous annon\u00e7ons la mise en place de nouvelles actions suppl\u00e9mentaires imm\u00e9diates\u00bb, a fait savoir Bassem Asseh, bras de droit de l\u2019\u00e9dile socialiste Johanna Rolland, dans un communiqu\u00e9 de presse diffus\u00e9 le lendemain du rendez-vous. \u00c0 travers une op\u00e9ration \u00abHalle Propre\u00bb, des agents vont venir chaque lundi de juillet nettoyer l\u2019int\u00e9rieur du b\u00e2timent en profondeur, d\u00e9caper les sols, curer les capteurs d\u2019eau&#8230; le tout, en plus du passage quotidien d\u00e9j\u00e0 effectu\u00e9 par une bo\u00eete priv\u00e9e. Ce nettoyage quotidien \u00e9tait jug\u00e9 insuffisant pour les vendeurs de cette institution locale ouverte six jours sur sept.<\/p>\n<p class=\"fig-paragraph\">Par ailleurs, des travaux vont commencer pour fermer la zone accueillant les caissons \u00e0 d\u00e9chets. Son ouverture facilitait les d\u00e9p\u00f4ts sauvages. \u00c0 partir de septembre, la commission technique pr\u00e9sid\u00e9e par l\u2019\u00e9lu des march\u00e9s Herv\u00e9 Fournier permettra de faire le point. Enfin, \u00ab\u00e0 partir du mois de f\u00e9vrier 2026, le r\u00e9seau d\u2019alimentation en eaux potables sera int\u00e9gralement remplac\u00e9\u00bb, d\u00e9clare la municipalit\u00e9.<\/p>\n<p class=\"fig-paragraph\">\u00abNous avons appr\u00e9ci\u00e9 d\u2019avoir \u00e9t\u00e9 re\u00e7us et \u00e9cout\u00e9s, a r\u00e9agi Patrick Albera, pr\u00e9sident de l\u2019association des commer\u00e7ants du march\u00e9 de Talensac, dans le communiqu\u00e9 commun envoy\u00e9 mercredi. Des d\u00e9cisions importantes ont \u00e9t\u00e9 prises, et un premier planning a vu le jour. C\u2019est un cap encourageant. En tant qu\u2019association, nous resterons attentifs \u00e0 la suite, tout en poursuivant notre \u00e9coute active des commer\u00e7ants du march\u00e9\u00bb.<\/p>\n<p>Tournure politique<\/p>\n<p class=\"fig-paragraph\">\u00abOn avait besoin d\u2019\u00eatre \u00e9cout\u00e9s. \u00c7a nous fait mal au c\u0153ur d\u2019avoir montr\u00e9 le march\u00e9 sous cet angle mais \u00e7a fait \u00e9voluer les choses\u00bb, abonde avec satisfaction Ludovic Condroyer, tr\u00e8s engag\u00e9 pour l\u2019am\u00e9lioration de son lieu de travail. Juste avant la diffusion de la p\u00e9tition, le patron de la fromagerie Beillevaire-Talensac avait tourn\u00e9 une vid\u00e9o diffus\u00e9e sur\u00a0<a href=\"https:\/\/ntvmedia.fr\/talensac-le-joyau-sale-de-nantes-les-commercants-tirent-la-sonnette-dalarme\/\" target=\"_blank\" rel=\"nofollow noopener\" data-gtm-custom-categorie=\"navigation\" data-gtm-custom-action=\"crossclick\" data-gtm-custom-label=\"Contextuel\" data-gtm-event=\"customEventSPE\">NTV Media<\/a>, sous forme d\u2019\u00e9change avec le conseiller municipal de droite et candidat\u00a0<a href=\"http:\/\/www.lefigaro.fr\/nantes\/municipales-2026-entre-deux-candidats-determines-le-choix-du-chef-de-file-lr-impatiente-la-droite-nantaise-20250626\" target=\"_blank\" data-fig-type=\"NewsFlash\" rel=\"noopener\" data-gtm-custom-categorie=\"navigation\" data-gtm-custom-action=\"crossclick\" data-gtm-custom-label=\"Contextuel\" data-gtm-event=\"customEventSPE\" data-fig-domain=\"LEFIGARO\">aux municipales<\/a>\u00a0Foulques Chombart de Lauwe. \u00c0 quelques mois du scrutin, l\u2019affaire avait pris une tournure politique et l\u2019opposition s\u2019\u00e9tait mobilis\u00e9e.<\/p>\n<p class=\"fig-paragraph\">Les annonces devraient donc clore cette parenth\u00e8se politique. Ou presque. Car maintenant, un projet doit \u00eatre imagin\u00e9 pour l\u2019avenir. \u00ab\u00c0 moyen terme, le projet du futur march\u00e9 de Talensac sera travaill\u00e9 avec les commer\u00e7ants, les partenaires et les habitants, en coh\u00e9rence avec un projet urbain r\u00e9unissant des lieux aussi strat\u00e9giques que sont la place\u00a0<a href=\"http:\/\/www.lefigaro.fr\/nantes\/nantes-les-jeux-de-bretagne-annules-les-organisateurs-denoncent-un-terrible-gachis-20250605\" target=\"_blank\" data-fig-type=\"NewsFlash\" rel=\"noopener\" data-gtm-custom-categorie=\"navigation\" data-gtm-custom-action=\"crossclick\" data-gtm-custom-label=\"Contextuel\" data-gtm-event=\"customEventSPE\" data-fig-domain=\"LEFIGARO\">Bretagne<\/a> , la future\u00a0<a href=\"http:\/\/www.lefigaro.fr\/nantes\/plus-claire-plus-verte-a-nantes-la-tour-bretagne-se-reinvente-en-gratte-ciel-ecolo-20241122\" target=\"_blank\" data-fig-type=\"NewsFlash\" rel=\"noopener\" data-gtm-custom-categorie=\"navigation\" data-gtm-custom-action=\"crossclick\" data-gtm-custom-label=\"Contextuel\" data-gtm-event=\"customEventSPE\" data-fig-domain=\"LEFIGARO\">Tour Bretagne<\/a> \u00a0et la halle Talensac\u00bb, indique la ville. \u00abNous poursuivrons \u00e9galement notre accompagnement des r\u00e9flexions sur le projet d\u2019ampleur, \u00e0 l\u2019\u00e9chelle du march\u00e9 comme du quartier\u00bb, confirme Patrick Albera. En 2027, le plus connu des march\u00e9s nantais f\u00eatera ses 90 ans.<\/p>\n","protected":false},"excerpt":{"rendered":"Depuis des ann\u00e9es, les marchands alertent sur une d\u00e9gradation du lieu. Apr\u00e8s avoir de nouveau hauss\u00e9 le ton&hellip;\n","protected":false},"author":2,"featured_media":205835,"comment_status":"","ping_status":"","sticky":false,"template":"","format":"standard","meta":{"footnotes":""},"categories":[2818],"tags":[1111,11,1777,674,462,1011,27,2640,2642,2089,766,2638,2643,2637,2639,2646,2645,2641,2635,2644,2647,12,2636,25],"class_list":{"0":"post-205834","1":"post","2":"type-post","3":"status-publish","4":"format-standard","5":"has-post-thumbnail","7":"category-nantes","8":"tag-actu","9":"tag-actualites","10":"tag-eu","11":"tag-europe","12":"tag-fc-nantes","13":"tag-fr","14":"tag-france","15":"tag-hauts-paves-saint-felix","16":"tag-ile-de-nantes","17":"tag-marche","18":"tag-nantes","19":"tag-nantes-bellevue-chantenay-sainte-anne","20":"tag-nantes-breil-barberie","21":"tag-nantes-centre-ville","22":"tag-nantes-dervallieres-zola","23":"tag-nantes-doulon-bottiere","24":"tag-nantes-erdre","25":"tag-nantes-malakoff-saint-donatien","26":"tag-nantes-metropole","27":"tag-nantes-nord","28":"tag-nantes-sud","29":"tag-news","30":"tag-pays-de-la-loire","31":"tag-republique-francaise"},"share_on_mastodon":{"url":"https:\/\/pubeurope.com\/@fr\/114749787636579047","error":""},"_links":{"self":[{"href":"https:\/\/www.europesays.com\/fr\/wp-json\/wp\/v2\/posts\/205834","targetHints":{"allow":["GET"]}}],"collection":[{"href":"https:\/\/www.europesays.com\/fr\/wp-json\/wp\/v2\/posts"}],"about":[{"href":"https:\/\/www.europesays.com\/fr\/wp-json\/wp\/v2\/types\/post"}],"author":[{"embeddable":true,"href":"https:\/\/www.europesays.com\/fr\/wp-json\/wp\/v2\/users\/2"}],"replies":[{"embeddable":true,"href":"https:\/\/www.europesays.com\/fr\/wp-json\/wp\/v2\/comments?post=205834"}],"version-history":[{"count":0,"href":"https:\/\/www.europesays.com\/fr\/wp-json\/wp\/v2\/posts\/205834\/revisions"}],"wp:featuredmedia":[{"embeddable":true,"href":"https:\/\/www.europesays.com\/fr\/wp-json\/wp\/v2\/media\/205835"}],"wp:attachment":[{"href":"https:\/\/www.europesays.com\/fr\/wp-json\/wp\/v2\/media?parent=205834"}],"wp:term":[{"taxonomy":"category","embeddable":true,"href":"https:\/\/www.europesays.com\/fr\/wp-json\/wp\/v2\/categories?post=205834"},{"taxonomy":"post_tag","embeddable":true,"href":"https:\/\/www.europesays.com\/fr\/wp-json\/wp\/v2\/tags?post=205834"}],"curies":[{"name":"wp","href":"https:\/\/api.w.org\/{rel}","templated":true}]}}