{"id":205844,"date":"2025-06-26T13:03:08","date_gmt":"2025-06-26T13:03:08","guid":{"rendered":"https:\/\/www.europesays.com\/fr\/205844\/"},"modified":"2025-06-26T13:03:08","modified_gmt":"2025-06-26T13:03:08","slug":"roubaix-un-salarie-de-foot-korner-vient-a-la-rescousse-dune-femme-et-se-fait-menacer-au-couteau","status":"publish","type":"post","link":"https:\/\/www.europesays.com\/fr\/205844\/","title":{"rendered":"Roubaix. Un salari\u00e9 de Foot Korner vient \u00e0 la rescousse d&rsquo;une femme et se fait menacer au couteau"},"content":{"rendered":"<p>            Par<br \/>\n        <strong><br \/>\n            <a href=\"https:\/\/actu.fr\/auteur\/margot-nicodeme\" title=\"Consulter tous les articles de Margot Nicod\u00e8me\" rel=\"nofollow noopener\" target=\"_blank\">Margot Nicod\u00e8me<\/a><br \/>\n        <\/strong><\/p>\n<p>        Publi\u00e9 le<\/p>\n<p>            26 juin 2025 \u00e0 12h57        <\/p>\n<p>L\u2019employ\u00e9 d\u2019un magasin de <a href=\"https:\/\/actu.fr\/hauts-de-france\/roubaix_59512\/roubaix-il-vole-du-parfum-a-mcarthur-glen-retente-sa-chance-le-lendemain-et-finit-en-garde-a-vue_62829017.html\" rel=\"nofollow noopener\" target=\"_blank\">Roubaix<\/a> (Nord) a fait preuve de bravoure, en venant au secours d\u2019une femme sur la voie publique. Mercredi 25 juin, vers 15h30, il aper\u00e7oit <b>un homme sans domicile qui, alors qu\u2019il mendie, importune une automobiliste<\/b>. Il quitte quelques secondes son lieu de travail, <b>la boutique Foot Korner<\/b>, pour dire au principal int\u00e9ress\u00e9 de cesser son petit man\u00e8ge. Mais le sans abri sort un couteau.<\/p>\n<p>L\u2019employ\u00e9 du Foot Korner de Roubaix parvient \u00e0 d\u00e9sarmer le SDF qui avait sorti un Opinel<\/p>\n<p class=\" wall-content\">Grande rue, donc,<b> l\u2019individu sort un Opinel et menace le salari\u00e9<\/b>. Mais ce dernier a le dessus : il parvient \u00e0 le d\u00e9sarmer et l\u2019immobilise, aid\u00e9 par un second employ\u00e9 de Foot Korner. Tous deux maintiendront le fauteur de trouble dans le magasin en attendant l\u2019arriv\u00e9e de la police.<\/p>\n<p class=\" wall-content\">Le SDF, un homme de 59 ans, a finalement \u00e9t\u00e9 interpell\u00e9 et plac\u00e9 en garde \u00e0 vue.<\/p>\n<p class=\" wall-content\">Suivez toute l\u2019actualit\u00e9 de vos villes et m\u00e9dias favoris en vous inscrivant \u00e0 <a href=\"https:\/\/moncompte.actu.fr\" title=\"D\u00e9couvez Mon Actu\" rel=\"nofollow noopener\" data-trk=\"{&quot;cta&quot;:{&quot;action&quot;:&quot;https:\\\/\\\/moncompte.actu.fr&quot;,&quot;category&quot;:&quot;mon compte&quot;,&quot;from&quot;:&quot;article footer&quot;,&quot;name&quot;:&quot;Mon actu&quot;,&quot;type&quot;:&quot;cta&quot;}}\" target=\"_blank\">Mon Actu<\/a>.<\/p>\n","protected":false},"excerpt":{"rendered":"Par Margot Nicod\u00e8me Publi\u00e9 le 26 juin 2025 \u00e0 12h57 L\u2019employ\u00e9 d\u2019un magasin de Roubaix (Nord) a fait&hellip;\n","protected":false},"author":2,"featured_media":205845,"comment_status":"","ping_status":"","sticky":false,"template":"","format":"standard","meta":{"footnotes":""},"categories":[2815],"tags":[1111,11,215,1777,674,118,1011,27,811,1307,12,1072,25],"class_list":{"0":"post-205844","1":"post","2":"type-post","3":"status-publish","4":"format-standard","5":"has-post-thumbnail","7":"category-lille","8":"tag-actu","9":"tag-actualites","10":"tag-commerce","11":"tag-eu","12":"tag-europe","13":"tag-faits-divers","14":"tag-fr","15":"tag-france","16":"tag-hauts-de-france","17":"tag-lille","18":"tag-news","19":"tag-police","20":"tag-republique-francaise"},"share_on_mastodon":{"url":"https:\/\/pubeurope.com\/@fr\/114749807381004461","error":""},"_links":{"self":[{"href":"https:\/\/www.europesays.com\/fr\/wp-json\/wp\/v2\/posts\/205844","targetHints":{"allow":["GET"]}}],"collection":[{"href":"https:\/\/www.europesays.com\/fr\/wp-json\/wp\/v2\/posts"}],"about":[{"href":"https:\/\/www.europesays.com\/fr\/wp-json\/wp\/v2\/types\/post"}],"author":[{"embeddable":true,"href":"https:\/\/www.europesays.com\/fr\/wp-json\/wp\/v2\/users\/2"}],"replies":[{"embeddable":true,"href":"https:\/\/www.europesays.com\/fr\/wp-json\/wp\/v2\/comments?post=205844"}],"version-history":[{"count":0,"href":"https:\/\/www.europesays.com\/fr\/wp-json\/wp\/v2\/posts\/205844\/revisions"}],"wp:featuredmedia":[{"embeddable":true,"href":"https:\/\/www.europesays.com\/fr\/wp-json\/wp\/v2\/media\/205845"}],"wp:attachment":[{"href":"https:\/\/www.europesays.com\/fr\/wp-json\/wp\/v2\/media?parent=205844"}],"wp:term":[{"taxonomy":"category","embeddable":true,"href":"https:\/\/www.europesays.com\/fr\/wp-json\/wp\/v2\/categories?post=205844"},{"taxonomy":"post_tag","embeddable":true,"href":"https:\/\/www.europesays.com\/fr\/wp-json\/wp\/v2\/tags?post=205844"}],"curies":[{"name":"wp","href":"https:\/\/api.w.org\/{rel}","templated":true}]}}