{"id":205846,"date":"2025-06-26T13:04:10","date_gmt":"2025-06-26T13:04:10","guid":{"rendered":"https:\/\/www.europesays.com\/fr\/205846\/"},"modified":"2025-06-26T13:04:10","modified_gmt":"2025-06-26T13:04:10","slug":"grandplace-pietonne-concertation-actualites","status":"publish","type":"post","link":"https:\/\/www.europesays.com\/fr\/205846\/","title":{"rendered":"Grand&rsquo;Place pi\u00e9tonne : concertation \/ Actualit\u00e9s"},"content":{"rendered":"<p>Participez \u00e0 la concertation sur la pi\u00e9tonnisation de la Grand&rsquo;Place de Lille jusqu&rsquo;au 26 septembre 2025 !<\/p>\n<p>            <img loading=\"lazy\" decoding=\"async\" src=\"\/var\/www\/storage\/images\/mediatheque\/mairie-de-lille\/actualites\/images\/2025\/juin-2025\/grand-place-pietonne\/3798719-1-fre-FR\/Grand-Place-pietonne_news_image_top.jpg\" width=\"779\" height=\"519\" alt=\"\"\/><br \/>\n    \tGrand&rsquo;Place de Lille pi\u00e9tonne : donnez votre avis ! <\/p>\n<p>La Ville de Lille ouvre une nouvelle \u00e9tape vers l\u2019apaisement du centre-ville avec le lancement d\u2019une grande concertation sur la pi\u00e9tonnisation de la Grand\u2019Place. Jusqu\u2019au 26 septembre 2025, les Lillois sont invit\u00e9s \u00e0 donner leur avis sur deux sc\u00e9narios d\u2019\u00e9volution.<\/p>\n<p>Pourquoi cette d\u00e9marche ?<\/p>\n<p>La pi\u00e9tonnisation de la Grand\u2019Place s\u2019inscrit dans la continuit\u00e9 des transformations engag\u00e9es depuis 2020 pour un centre-ville plus agr\u00e9able \u00e0 vivre, plus attractif et mieux partag\u00e9. D\u00e9j\u00e0 pi\u00e9tonne chaque samedi, la Grand\u2019Place pourrait demain l\u2019\u00eatre toute la semaine.<\/p>\n<p><strong>Deux sc\u00e9narios propos\u00e9s \u00e0 la concertation<\/strong><\/p>\n<ul class=\"listPuce\">\n<li><strong>Sc\u00e9nario 1<\/strong>\u00a0: pi\u00e9tonnisation de la Grand\u2019Place uniquement, entre la rue Faidherbe et la rue Nationale. Le parking de la Grand\u2019Place resterait accessible.<\/li>\n<li><strong>Sc\u00e9nario 2<\/strong>\u00a0: pi\u00e9tonnisation \u00e9largie \u00e0 une partie de la rue Pierre Mauroy et de la rue Esquermoise.<\/li>\n<\/ul>\n<p>\u00a0            <img src-full=\"\/var\/www\/storage\/images\/mediatheque\/mairie-de-lille\/actualites\/images\/2025\/juin-2025\/pietonnisation-de-la-grand-place-option-1\/3798711-1-fre-FR\/Pietonnisation-de-la-Grand-Place-option-1.jpg\" data-caption-full=\"Pi\u00e9tonnisation de la Grand'Place, option 1\" width=\"320\" height=\"180\" alt=\"Pi\u00e9tonnisation de la Grand'Place, option 1\" title=\"Pi\u00e9tonnisation de la Grand'Place, option 1\" class=\"align-\"\/><br \/>\n    \u00a0            <img src-full=\"\/var\/www\/storage\/images\/mediatheque\/mairie-de-lille\/actualites\/images\/2025\/juin-2025\/pietonnisation-de-la-grand-place-option-2\/3798715-1-fre-FR\/Pietonnisation-de-la-Grand-Place-option-2.jpg\" data-caption-full=\"Pi\u00e9tonnisation de la Grand'Place, option 2\" width=\"320\" height=\"180\" alt=\"Pi\u00e9tonnisation de la Grand'Place, option 2\" title=\"Pi\u00e9tonnisation de la Grand'Place, option 2\" class=\"align-\"\/>\n    <\/p>\n<p>Concertation ouverte \u00e0 tous<\/p>\n<p>Plusieurs temps forts rythmeront cette concertation :<\/p>\n<ul class=\"listPuce\">\n<li>une r\u00e9union d\u00e9di\u00e9e aux commer\u00e7ants le\u00a0<strong>vendredi 27 juin<\/strong><\/li>\n<li>une premi\u00e8re\u00a0<strong>balade urbaine le lundi 7 juillet \u00e0 18h30 au pied de D\u00e9esse<\/strong><\/li>\n<li>d&rsquo;autres balades auront lieu \u00e0 la rentr\u00e9e de septembre.<\/li>\n<\/ul>\n<p>Tous les usagers de la Grand\u2019Place, riverains, commer\u00e7ants, visiteurs, sont concern\u00e9s. Ils peuvent s\u2019exprimer via un <strong>questionnaire en ligne<\/strong> sur\u00a0<a href=\"https:\/\/participez.lille.fr\/\" title=\"https:\/\/participez.lille.fr (nouvelle fen\u00eatre)\" target=\"_blank\" class=\"lien_interne\" rel=\"noopener\">participez.lille.fr<\/a>\u00a0<strong>du 27 juin au 26 septembre 2025<\/strong>.<\/p>\n<p>&gt; Pour toute question :\u00a0<a href=\"https:\/\/www.lille.fr\/Actualites\/mailto:participationcitoyenne@mairie-lille.fr\" title=\"Cliquez pour ouvrir votre messagerie\" target=\"_self\" class=\"lien_interne\" rel=\"noopener\">participationcitoyenne@mairie-lille.fr<\/a><\/p>\n","protected":false},"excerpt":{"rendered":"Participez \u00e0 la concertation sur la pi\u00e9tonnisation de la Grand&rsquo;Place de Lille jusqu&rsquo;au 26 septembre 2025 ! Grand&rsquo;Place&hellip;\n","protected":false},"author":2,"featured_media":205847,"comment_status":"","ping_status":"","sticky":false,"template":"","format":"standard","meta":{"footnotes":""},"categories":[2815],"tags":[1111,11,4763,1777,674,1011,27,811,1307,5415,12,25],"class_list":{"0":"post-205846","1":"post","2":"type-post","3":"status-publish","4":"format-standard","5":"has-post-thumbnail","7":"category-lille","8":"tag-actu","9":"tag-actualites","10":"tag-agenda","11":"tag-eu","12":"tag-europe","13":"tag-fr","14":"tag-france","15":"tag-hauts-de-france","16":"tag-lille","17":"tag-mairie","18":"tag-news","19":"tag-republique-francaise"},"share_on_mastodon":{"url":"https:\/\/pubeurope.com\/@fr\/114749811591040227","error":""},"_links":{"self":[{"href":"https:\/\/www.europesays.com\/fr\/wp-json\/wp\/v2\/posts\/205846","targetHints":{"allow":["GET"]}}],"collection":[{"href":"https:\/\/www.europesays.com\/fr\/wp-json\/wp\/v2\/posts"}],"about":[{"href":"https:\/\/www.europesays.com\/fr\/wp-json\/wp\/v2\/types\/post"}],"author":[{"embeddable":true,"href":"https:\/\/www.europesays.com\/fr\/wp-json\/wp\/v2\/users\/2"}],"replies":[{"embeddable":true,"href":"https:\/\/www.europesays.com\/fr\/wp-json\/wp\/v2\/comments?post=205846"}],"version-history":[{"count":0,"href":"https:\/\/www.europesays.com\/fr\/wp-json\/wp\/v2\/posts\/205846\/revisions"}],"wp:featuredmedia":[{"embeddable":true,"href":"https:\/\/www.europesays.com\/fr\/wp-json\/wp\/v2\/media\/205847"}],"wp:attachment":[{"href":"https:\/\/www.europesays.com\/fr\/wp-json\/wp\/v2\/media?parent=205846"}],"wp:term":[{"taxonomy":"category","embeddable":true,"href":"https:\/\/www.europesays.com\/fr\/wp-json\/wp\/v2\/categories?post=205846"},{"taxonomy":"post_tag","embeddable":true,"href":"https:\/\/www.europesays.com\/fr\/wp-json\/wp\/v2\/tags?post=205846"}],"curies":[{"name":"wp","href":"https:\/\/api.w.org\/{rel}","templated":true}]}}