{"id":205853,"date":"2025-06-26T13:08:10","date_gmt":"2025-06-26T13:08:10","guid":{"rendered":"https:\/\/www.europesays.com\/fr\/205853\/"},"modified":"2025-06-26T13:08:10","modified_gmt":"2025-06-26T13:08:10","slug":"lyon-plus-de-45c-sous-loeuvre-polemique-de-la-place-bellecour-le-createur-replique","status":"publish","type":"post","link":"https:\/\/www.europesays.com\/fr\/205853\/","title":{"rendered":"Lyon. \u00ab\u00a0Plus de 45\u00b0C\u00a0\u00bb sous l&rsquo;\u0153uvre pol\u00e9mique de la place Bellecour, le cr\u00e9ateur r\u00e9plique"},"content":{"rendered":"<p>            Par<br \/>\n        <strong><br \/>\n            <a href=\"https:\/\/actu.fr\/auteur\/julien-damboise\" title=\"Consulter tous les articles de Julien Damboise\" target=\"_blank\" rel=\"noopener\">Julien Damboise<\/a><br \/>\n        <\/strong><\/p>\n<p>        Publi\u00e9 le<\/p>\n<p>            26 juin 2025 \u00e0 14h57        <\/p>\n<p>L\u2019\u0153uvre <strong>Tissage Urbain<\/strong>, place <a href=\"https:\/\/actu.fr\/tag\/bellecour\" target=\"_blank\" rel=\"noopener\">Bellecour<\/a> dans le centre-ville de <a href=\"https:\/\/actu.fr\/auvergne-rhone-alpes\/lyon_69123\" target=\"_blank\" rel=\"noopener\">Lyon<\/a>, continue de provoquer une vive pol\u00e9mique. Ce mercredi 25 juin 2025, le maire LR du 2e arrondissement et candidat aux municipales Pierre Oliver est all\u00e9 mesurer la <strong>temp\u00e9rature sous les toiles<\/strong> cens\u00e9es faire baisser le mercure. Le r\u00e9sultat est sans appel : plus de 45\u00b0C ! Contact\u00e9 par actu Lyon, l\u2019architecte du projet r\u00e9pond aux critiques.<\/p>\n<p>45,5\u00b0C sous les ombri\u00e8res<\/p>\n<p class=\" wall-content\">Le maire LR du 2e est all\u00e9 sous l\u2019\u0153uvre Tissage Urbain qui sera bient\u00f4t termin\u00e9e sur la place centrale de Lyon. Il a choisi d\u2019\u00eatre en pleine canicule, alors que le Rh\u00f4ne \u00e9tait <a href=\"https:\/\/actu.fr\/auvergne-rhone-alpes\/lyon_69123\/lyon-cette-legere-chute-des-temperatures-ne-va-pas-durer-la-chaleur-va-revenir-fort_62828022.html\" target=\"_blank\" rel=\"noopener\">en alerte orange<\/a> aux tr\u00e8s fortes temp\u00e9ratures.<\/p>\n<p class=\" wall-content\">Thermom\u00e8tre frontal en main, l\u2019\u00e9dile est all\u00e9 prendre la temp\u00e9rature et le r\u00e9sultat est sans appel : <strong>45,5\u00b0C<\/strong>. Un mercure semble-t-il captur\u00e9 au sol et non dans l\u2019air ambiant, enregistr\u00e9 \u00ab\u00a0entre 15 h et 16 h\u00a0\u00bb, selon Pierre Oliver.<\/p>\n<p class=\" wall-content\">Notre r\u00e9daction avait d\u2019ailleurs pu constater qu\u2019<strong>aucun Lyonnais<\/strong> n\u2019\u00e9tait all\u00e9 s\u2019installer sous l\u2019\u0153uvre peu avant 13 h tant les temp\u00e9ratures \u00e9taient intenables. Des familles, mais aussi des travailleurs en pause d\u00e9jeuner, ont pr\u00e9f\u00e9r\u00e9 aller se poser sur la partie sud de la place, dans l\u2019espace vert pr\u00e8s des petites fontaines.\u00a0<\/p>\n<p class=\" wall-content\">Un endroit o\u00f9 Pierre Oliver va ensuite se rendre pour une comparaison.<\/p>\n<p>10 degr\u00e9s de diff\u00e9rence<\/p>\n<p class=\" wall-content\">Dans cette zone v\u00e9g\u00e9talis\u00e9e, o\u00f9 des enfants se baignent r\u00e9guli\u00e8rement pour \u00e9viter le coup de chaud, le maire du 2\u1d49 arrondissement a de nouveau fait parler son thermom\u00e8tre frontal.<\/p>\n<p class=\" wall-content\">La temp\u00e9rature affich\u00e9e \u00e9tait alors de <strong>35,4\u00b0C<\/strong>, soit pr\u00e8s de 10 degr\u00e9s de diff\u00e9rence.<\/p>\n<p class=\" wall-content\">\u00ab\u00a0Il fait la m\u00eame temp\u00e9rature sous l\u2019\u0153uvre d\u2019art que sur la place Bellecour. Le seul endroit o\u00f9 il y a de la fra\u00eecheur, c\u2019est sous les arbres sur la partie sud de la place. Les <strong>1,6 million d\u2019euros<\/strong> qui ont \u00e9t\u00e9 d\u00e9pens\u00e9s par la Ville de Lyon ont \u00e9t\u00e9 jet\u00e9s par la fen\u00eatre\u00a0\u00bb, conclut l\u2019opposant \u00e0 Gr\u00e9gory Doucet.<\/p>\n<p class=\" wall-content\">Sa vid\u00e9o a \u00e9t\u00e9 vue des centaines de milliers de fois sur X, Instagram ou Tik Tok.<\/p>\n<blockquote class=\"tiktok-embed\" cite=\"https:\/\/www.tiktok.com\/@pierreoliver69\/video\/7519925917779578134\" data-video-id=\"7519925917779578134\" data-embed-from=\"oembed\" style=\"max-width:605px; min-width:325px;\"><p>\n<a target=\"_blank\" title=\"@pierreoliver69\" href=\"https:\/\/www.tiktok.com\/@pierreoliver69?refer=embed\" rel=\"noopener\">@pierreoliver69<\/a> <\/p>\n<p>Canicule \u00e0 Lyon : on teste l\u2019\u0153uvre \u00e0 1,6M\u20ac\u2026 Verdict ? \u00c7a chauffe toujours autant \ud83d\udd25<\/p>\n<p> <a target=\"_blank\" title=\"\u266c son original - Pierre OLIVER\" href=\"https:\/\/www.tiktok.com\/music\/son-original-7519925928161446678?refer=embed\" rel=\"noopener\">\u266c son original \u2013 Pierre OLIVER<\/a> <\/p>\n<\/blockquote>\n<p>L\u2019architecte r\u00e9pond<\/p>\n<p class=\" wall-content\">L\u2019architecte du projet, Tristan Israel, a accept\u00e9 de r\u00e9pondre \u00e0 cette nouvelle pol\u00e9mique sur son \u0153uvre, contrairement \u00e0 l\u2019adjoint au maire de Lyon Valentin Lungenstrass. Il rappelle que son projet n\u2019a <strong>pas \u00e9t\u00e9 encore inaugur\u00e9<\/strong> et que d\u2019autres installations doivent voir le jour.<\/p>\n<blockquote class=\"ac-article-quote wall-content\">\n<p>\u00ab\u00a0Nous ne sommes pas inquiets sur le rafra\u00eechissement de l&rsquo;espace, notamment avec la brumisation qui sera activ\u00e9e, et des espaces prot\u00e9g\u00e9s c\u00f4t\u00e9 est. Je m&rsquo;entoure de gens sp\u00e9cialis\u00e9s et comp\u00e9tents, je me concentre sur la fin pour livrer quelque chose d&rsquo;efficace et de magnifique\u00a0\u00bb.<\/p>\n<p>    <strong>Tristan Israel<\/strong><br \/>\n        Architecte du projet Tissage Urbain    <\/p><\/blockquote>\n<p class=\" wall-content\">Il d\u00e9plore enfin <strong>la m\u00e9thode utilis\u00e9e<\/strong> par Pierre Oliver pour relever la temp\u00e9rature au sol : \u00ab\u00a0Je ne pense pas qu\u2019il y aura beaucoup de personnes qui vont venir <strong>s\u2019allonger au sol<\/strong>. Cela me parait du non-sens\u00a0\u00bb.<\/p>\n<p class=\" wall-content\">L\u2019inauguration de ce que Pierre Oliver pr\u00e9sente comme un \u00ab\u00a0\u00e9tendoir \u00e0 linge\u00a0\u00bb est en tout cas pr\u00e9vue pour la semaine prochaine.<\/p>\n<p class=\" wall-content\">Suivez toute l\u2019actualit\u00e9 de vos villes et m\u00e9dias favoris en vous inscrivant \u00e0 <a href=\"https:\/\/moncompte.actu.fr\" title=\"D\u00e9couvez Mon Actu\" rel=\"nofollow noopener\" data-trk=\"{&quot;cta&quot;:{&quot;action&quot;:&quot;https:\\\/\\\/moncompte.actu.fr&quot;,&quot;category&quot;:&quot;mon compte&quot;,&quot;from&quot;:&quot;article footer&quot;,&quot;name&quot;:&quot;Mon actu&quot;,&quot;type&quot;:&quot;cta&quot;}}\" target=\"_blank\">Mon Actu<\/a>.<\/p>\n<ul class=\"ac-article-tag wall-content\">\n<li><a href=\"https:\/\/actu.fr\/tag\/bellecour\" data-trk=\"{&quot;cta&quot;:{&quot;action&quot;:&quot;Bellecour&quot;,&quot;category&quot;:&quot;tag&quot;,&quot;from&quot;:&quot;article footer&quot;,&quot;name&quot;:&quot;Bellecour&quot;,&quot;type&quot;:&quot;cta&quot;}}\" target=\"_blank\" rel=\"noopener\">#Bellecour<\/a><\/li>\n<li><a href=\"https:\/\/actu.fr\/tag\/municipales-2026\" data-trk=\"{&quot;cta&quot;:{&quot;action&quot;:&quot;Municipales 2026&quot;,&quot;category&quot;:&quot;tag&quot;,&quot;from&quot;:&quot;article footer&quot;,&quot;name&quot;:&quot;Municipales 2026&quot;,&quot;type&quot;:&quot;cta&quot;}}\" target=\"_blank\" rel=\"noopener\">#Municipales 2026<\/a><\/li>\n<\/ul>\n<p>                    <script async src=\"\/\/www.tiktok.com\/embed.js\"><\/script><\/p>\n","protected":false},"excerpt":{"rendered":"Par Julien Damboise Publi\u00e9 le 26 juin 2025 \u00e0 14h57 L\u2019\u0153uvre Tissage Urbain, place Bellecour dans le centre-ville&hellip;\n","protected":false},"author":2,"featured_media":205854,"comment_status":"","ping_status":"","sticky":false,"template":"","format":"standard","meta":{"footnotes":""},"categories":[1889],"tags":[1111,11,2430,5272,1777,674,1011,27,2428,3434,12,25,104],"class_list":{"0":"post-205853","1":"post","2":"type-post","3":"status-publish","4":"format-standard","5":"has-post-thumbnail","7":"category-lyon","8":"tag-actu","9":"tag-actualites","10":"tag-auvergne-rhone-alpes","11":"tag-bellecour","12":"tag-eu","13":"tag-europe","14":"tag-fr","15":"tag-france","16":"tag-lyon","17":"tag-municipales-2026","18":"tag-news","19":"tag-republique-francaise","20":"tag-societe"},"share_on_mastodon":{"url":"https:\/\/pubeurope.com\/@fr\/114749827551576029","error":""},"_links":{"self":[{"href":"https:\/\/www.europesays.com\/fr\/wp-json\/wp\/v2\/posts\/205853","targetHints":{"allow":["GET"]}}],"collection":[{"href":"https:\/\/www.europesays.com\/fr\/wp-json\/wp\/v2\/posts"}],"about":[{"href":"https:\/\/www.europesays.com\/fr\/wp-json\/wp\/v2\/types\/post"}],"author":[{"embeddable":true,"href":"https:\/\/www.europesays.com\/fr\/wp-json\/wp\/v2\/users\/2"}],"replies":[{"embeddable":true,"href":"https:\/\/www.europesays.com\/fr\/wp-json\/wp\/v2\/comments?post=205853"}],"version-history":[{"count":0,"href":"https:\/\/www.europesays.com\/fr\/wp-json\/wp\/v2\/posts\/205853\/revisions"}],"wp:featuredmedia":[{"embeddable":true,"href":"https:\/\/www.europesays.com\/fr\/wp-json\/wp\/v2\/media\/205854"}],"wp:attachment":[{"href":"https:\/\/www.europesays.com\/fr\/wp-json\/wp\/v2\/media?parent=205853"}],"wp:term":[{"taxonomy":"category","embeddable":true,"href":"https:\/\/www.europesays.com\/fr\/wp-json\/wp\/v2\/categories?post=205853"},{"taxonomy":"post_tag","embeddable":true,"href":"https:\/\/www.europesays.com\/fr\/wp-json\/wp\/v2\/tags?post=205853"}],"curies":[{"name":"wp","href":"https:\/\/api.w.org\/{rel}","templated":true}]}}